{"id":130804,"date":"2025-12-11T19:01:21","date_gmt":"2025-12-11T19:01:21","guid":{"rendered":"https:\/\/rdnews.al\/?p=130804"},"modified":"2025-12-11T19:01:21","modified_gmt":"2025-12-11T19:01:21","slug":"berisha-nderon-themeluesit-dhe-kontribuesit-e-pd-nder-vite-kujtimi-vepra-trashegimia-e-tyre-mbetet-krenaria-jone","status":"publish","type":"post","link":"https:\/\/rdnews.al\/index.php\/2025\/12\/11\/berisha-nderon-themeluesit-dhe-kontribuesit-e-pd-nder-vite-kujtimi-vepra-trashegimia-e-tyre-mbetet-krenaria-jone\/","title":{"rendered":"Berisha nderon themeluesit dhe kontribuesit e PD nd\u00ebr vite: Kujtimi, vepra, trash\u00ebgimia e tyre mbetet krenaria jon\u00eb"},"content":{"rendered":"<p>N\u00eb 35-vjetorin e themelimit t\u00eb Partis\u00eb Demokratike, lideri historik i saj, Sali Berisha nderoi themeluesit dhe kontribuuesit e PD nd\u00ebr vite.<\/p>\n<p>N\u00eb fjal\u00ebn e tij para t\u00eb pranishm\u00ebve, Berisha u shpreh se kujtimet, veprat dhe trash\u00ebgimia e tyre mbeten krenaria e demokrat\u00ebve.<\/p>\n<p>Teksa p\u00ebrmendi disa prej figurave kryesore t\u00eb PD, edhe t\u00eb atyre q\u00eb sot nuk jan\u00eb m\u00eb por q\u00eb me kontributin\u00a0e tyre hodh\u00ebn themelet e demokracin\u00eb n\u00eb Shqip\u00ebri, Berisha u ndaj ve\u00e7an\u00ebrisht te figura e ish-kryetarit t\u00eb parlamentit, Pjet\u00ebr Arbnori, t\u00eb cilin e konsideroi si Mandel\u00ebn e Evrop\u00ebs.<\/p>\n<p><strong>Berisha:<\/strong> T\u00eb dashur qytetar\u00eb dhe qytetare t\u00eb pranish\u00ebm sonte n\u00eb k\u00ebt\u00eb takim, por dhe kudo q\u00eb ndodheni.<\/p>\n<p>T\u00eb nderuar demokrat\u00eb dhe demokrate t\u00eb pranish\u00ebm k\u00ebtu, n\u00eb Shqip\u00ebri dhe jasht\u00eb vendi.<\/p>\n<p>T\u00eb nderuar drejtues, deputet\u00eb, qeveritar\u00eb vendor\u00eb, k\u00ebshilltar\u00eb t\u00eb Partis\u00eb Demokratike.<\/p>\n<p>T\u00eb dashur kryetar\u00eb, drejtues t\u00eb forcave politike aleate t\u00eb Partis\u00eb Demokratike.<\/p>\n<p>T\u00eb dashur drejtues t\u00eb forumeve t\u00eb Partis\u00eb Demokratike, forumit t\u00eb gruas dhe forumit t\u00eb rinis\u00eb. P\u00ebrsh\u00ebndetje dhe urimet m\u00eb t\u00eb p\u00ebrzem\u00ebrta n\u00eb 35 vjetorin e themelimit t\u00eb Partis\u00eb Demokratike, partis\u00eb m\u00eb t\u00eb jasht\u00ebzakonshme.<\/p>\n<p>Nderimin m\u00eb t\u00eb madh p\u00ebr guximin, kontributin, lumenjt\u00eb e sakrificave t\u00eb qindra e mij\u00ebra demokrat\u00ebve dhe demokrateve dhe mb\u00ebshtet\u00ebsve tan\u00eb n\u00eb k\u00ebto 35 vite.<\/p>\n<p>Nderim dhe mir\u00ebnjohje t\u00eb pakufijshme p\u00ebr vepr\u00ebn e pavdekshme t\u00eb tribunit t\u00eb liris\u00eb, themeluesit dhe prij\u00ebsit t\u00eb par\u00eb t\u00eb Partis\u00eb Demokratike, Azem Hajdari. Azem, ti je gjall\u00eb!<\/p>\n<p>Nderim t\u00eb ve\u00e7ant\u00eb dhe t\u00eb madh p\u00ebr vepr\u00ebn dhe kontributin e themeluesit t\u00eb shquar t\u00eb Partis\u00eb Demokratike, intelektualit t\u00eb mir\u00ebnjohur, t\u00eb pavdekshmit Gramoz Pashko.<\/p>\n<p>Ne p\u00ebrkulemi me nderim t\u00eb thell\u00eb para kontributit dhe vepr\u00ebs s\u00eb pavdekshme t\u00eb themeluesve dhe drejtuesve t\u00eb Partis\u00eb Demokratike, Mandel\u00ebs s\u00eb Evrop\u00ebs, ish-kryetarit t\u00eb parlamentit, Pjet\u00ebr Arbnori.<\/p>\n<p>Q\u00ebndrestarit t\u00eb pamposhtur dhe intelektualit t\u00eb madh, drejtuesit kryesor t\u00eb Partis\u00eb Demokratike dhe grupit t\u00eb mazhoranc\u00ebs s\u00eb saj n\u00eb parlament, Ali Spahia.<\/p>\n<p>Personalitetit t\u00eb shquar t\u00eb Partis\u00eb Demokratike, burrit t\u00eb shtetit q\u00eb i dha aq shum\u00eb nder shtetit dhe presidenc\u00ebs, Bujar Nishani.<\/p>\n<p>Ministrit brilant t\u00eb Partis\u00eb Demokratike dhe drejtuesit t\u00eb rinis\u00eb s\u00eb saj, Sokol Olldashi. Udh\u00ebheq\u00ebsit t\u00eb talentuar t\u00eb rinis\u00eb, Partis\u00eb Demokratike, Genti Bogdani.<\/p>\n<p>Dhe dhjet\u00ebra e dhjet\u00ebra drejtuesve, deputet\u00ebve, qeveritar\u00ebve q\u00ebndror\u00eb dhe vendor\u00eb t\u00eb k\u00ebsaj partie q\u00eb nuk jan\u00eb m\u00eb. Kujtimi, vepra, trash\u00ebgimia e tyre \u00ebsht\u00eb dhe do mbetet krenaria e jona dhe e demokrat\u00ebve n\u00eb \u00e7do koh\u00eb.<\/p>\n","protected":false},"excerpt":{"rendered":"<p>N\u00eb 35-vjetorin e themelimit t\u00eb Partis\u00eb Demokratike, lideri historik i saj, Sali Berisha nderoi themeluesit dhe kontribuuesit e PD nd\u00ebr vite. N\u00eb fjal\u00ebn e tij para t\u00eb pranishm\u00ebve, Berisha u shpreh se kujtimet, veprat dhe trash\u00ebgimia e tyre mbeten krenaria e demokrat\u00ebve. Teksa p\u00ebrmendi disa prej figurave kryesore t\u00eb PD, edhe t\u00eb atyre q\u00eb sot &hellip;<\/p>\n","protected":false},"author":4,"featured_media":130805,"comment_status":"closed","ping_status":"closed","sticky":false,"template":"","format":"standard","meta":{"footnotes":""},"categories":[37],"tags":[],"class_list":["post-130804","post","type-post","status-publish","format-standard","has-post-thumbnail","","category-politike"],"_links":{"self":[{"href":"https:\/\/rdnews.al\/index.php\/wp-json\/wp\/v2\/posts\/130804","targetHints":{"allow":["GET"]}}],"collection":[{"href":"https:\/\/rdnews.al\/index.php\/wp-json\/wp\/v2\/posts"}],"about":[{"href":"https:\/\/rdnews.al\/index.php\/wp-json\/wp\/v2\/types\/post"}],"author":[{"embeddable":true,"href":"https:\/\/rdnews.al\/index.php\/wp-json\/wp\/v2\/users\/4"}],"replies":[{"embeddable":true,"href":"https:\/\/rdnews.al\/index.php\/wp-json\/wp\/v2\/comments?post=130804"}],"version-history":[{"count":1,"href":"https:\/\/rdnews.al\/index.php\/wp-json\/wp\/v2\/posts\/130804\/revisions"}],"predecessor-version":[{"id":130806,"href":"https:\/\/rdnews.al\/index.php\/wp-json\/wp\/v2\/posts\/130804\/revisions\/130806"}],"wp:featuredmedia":[{"embeddable":true,"href":"https:\/\/rdnews.al\/index.php\/wp-json\/wp\/v2\/media\/130805"}],"wp:attachment":[{"href":"https:\/\/rdnews.al\/index.php\/wp-json\/wp\/v2\/media?parent=130804"}],"wp:term":[{"taxonomy":"category","embeddable":true,"href":"https:\/\/rdnews.al\/index.php\/wp-json\/wp\/v2\/categories?post=130804"},{"taxonomy":"post_tag","embeddable":true,"href":"https:\/\/rdnews.al\/index.php\/wp-json\/wp\/v2\/tags?post=130804"}],"curies":[{"name":"wp","href":"https:\/\/api.w.org\/{rel}","templated":true}]}}