{"id":130807,"date":"2025-12-11T19:07:53","date_gmt":"2025-12-11T19:07:53","guid":{"rendered":"https:\/\/rdnews.al\/?p=130807"},"modified":"2025-12-11T19:07:53","modified_gmt":"2025-12-11T19:07:53","slug":"berisha-ne-jemi-partia-demokratike-dhe-kurre-shqiperia-ska-patur-nje-avokate-me-te-pamposhtur-te-interesave-te-saj","status":"publish","type":"post","link":"https:\/\/rdnews.al\/index.php\/2025\/12\/11\/berisha-ne-jemi-partia-demokratike-dhe-kurre-shqiperia-ska-patur-nje-avokate-me-te-pamposhtur-te-interesave-te-saj\/","title":{"rendered":"Berisha: Ne jemi Partia Demokratike dhe kurr\u00eb Shqip\u00ebria s&#8217;ka patur nj\u00eb avokate m\u00eb t\u00eb pamposhtur t\u00eb interesave t\u00eb saj"},"content":{"rendered":"<p>Kryetari i PD, Sali Berisha, n\u00eb 35-vjetorin e themelimit u shpreh se, ne jemi Partia Demokratike dhe kurr\u00eb Shqip\u00ebria s&#8217;ka patur nj\u00eb avokate m\u00eb t\u00eb pamposhtur t\u00eb interesave t\u00eb saj.<\/p>\n<p>Ai tha se PD \u00ebsht\u00eb forca politike e vokacionit per\u00ebndimor t\u00eb kombit shqiptar dhe nj\u00ebherazi, forca e par\u00eb politike n\u00eb Europ\u00ebn ish-komuniste, q\u00eb k\u00ebrkoi qysh n\u00eb themelimin e saj an\u00ebtar\u00ebsimin e Shqip\u00ebris\u00eb n\u00eb NATO.<\/p>\n<p><strong>Berisha:<\/strong> T\u00eb dashur miq!<\/p>\n<p>Ne jemi nga ato m\u00eb t\u00eb paktat parti t\u00eb k\u00ebtij planeti q\u00eb kan\u00eb ndar\u00eb epoka dhe kan\u00eb b\u00ebr\u00eb histori qysh n\u00eb dit\u00ebn e par\u00eb t\u00eb themelimit ton\u00eb.<\/p>\n<p>P\u00ebr shembull, ne jemi, ne jemi nj\u00eb parti e cila n\u00eb dit\u00ebn e par\u00eb t\u00eb ekzistenc\u00ebs son\u00eb i dham\u00eb Shqip\u00ebris\u00eb dhurat\u00ebn m\u00eb t\u00eb \u00e7muar t\u00eb shekullit, pas pavar\u00ebsis\u00eb s\u00eb vendit, pluralizmit politik. Me fjal\u00eb t\u00eb tjera i dham\u00eb lirin\u00eb.<\/p>\n<p>Ne jemi partia q\u00eb u themeluam si parti n\u00eb vendin e lirive dhe t\u00eb drejtave t\u00eb njeriut t\u00eb ndaluara me kushtetut\u00eb.<\/p>\n<p>Si forca politike e vokacionit per\u00ebndimor t\u00eb kombit shqiptar dhe nj\u00ebherazi, forca e par\u00eb politike n\u00eb Europ\u00ebn ish-komuniste, q\u00eb k\u00ebrkoi qysh n\u00eb themelimin e saj an\u00ebtar\u00ebsimin e Shqip\u00ebris\u00eb n\u00eb NATO.<\/p>\n<p>Ne jemi partia e interesit komb\u00ebtar, t\u00eb shqiptar\u00ebve, q\u00eb shpall\u00ebm n\u00eb themelimin ton\u00eb \u00e7\u00ebshtjen komb\u00ebtare si yllin ton\u00eb polar.<\/p>\n<p>Kurr\u00eb shqiptar\u00ebt, kurr\u00eb Shqip\u00ebria s&#8217;ka patur nj\u00eb avokate m\u00eb t\u00eb pamposhtur t\u00eb interesave t\u00eb saj dhe shqiptar\u00ebt nj\u00eb mbrojt\u00ebse t\u00eb lirive t\u00eb tyre sa Partin\u00eb Demokratike dhe si Partin\u00eb Demokratike.<\/p>\n<p>Ne jemi partia q\u00eb n\u00eb shtetin e par\u00eb ateist t\u00eb bot\u00ebs, rikthyem besimet fetare t\u00eb shqiptar\u00ebve. Ne jemi partia e cila pas m\u00eb pak se nj\u00eb vit themelimi arrit\u00ebm t\u00eb shembim diktatur\u00ebn e fundit komuniste, por dhe m\u00eb teke t\u00eb Europ\u00ebs.<\/p>\n<p>Ne jemi nj\u00eb parti e cila i dha Shqip\u00ebris\u00eb \u00ebndrr\u00ebn m\u00eb t\u00eb bukur t\u00eb rilindasve tan\u00eb, q\u00eb i dha forc\u00ebn shqiptar\u00ebve t\u00eb kap\u00ebrcenin 45 vite shtypje.<\/p>\n<p>Kjo \u00ebnd\u00ebrr u artikulua nga student\u00ebt liberator\u00eb: E duam Shqip\u00ebrin\u00eb si gjith\u00eb Europa. Shqip\u00ebria n\u00eb Europ\u00eb.<\/p>\n<p>Kjo ishte epoka q\u00eb hap\u00ebm me themelimin e Partis\u00eb Demokratike dhe pluralizmit politik n\u00eb Shqip\u00ebri.<\/p>\n","protected":false},"excerpt":{"rendered":"<p>Kryetari i PD, Sali Berisha, n\u00eb 35-vjetorin e themelimit u shpreh se, ne jemi Partia Demokratike dhe kurr\u00eb Shqip\u00ebria s&#8217;ka patur nj\u00eb avokate m\u00eb t\u00eb pamposhtur t\u00eb interesave t\u00eb saj. Ai tha se PD \u00ebsht\u00eb forca politike e vokacionit per\u00ebndimor t\u00eb kombit shqiptar dhe nj\u00ebherazi, forca e par\u00eb politike n\u00eb Europ\u00ebn ish-komuniste, q\u00eb k\u00ebrkoi qysh &hellip;<\/p>\n","protected":false},"author":4,"featured_media":130808,"comment_status":"closed","ping_status":"closed","sticky":false,"template":"","format":"standard","meta":{"footnotes":""},"categories":[37],"tags":[],"class_list":["post-130807","post","type-post","status-publish","format-standard","has-post-thumbnail","","category-politike"],"_links":{"self":[{"href":"https:\/\/rdnews.al\/index.php\/wp-json\/wp\/v2\/posts\/130807","targetHints":{"allow":["GET"]}}],"collection":[{"href":"https:\/\/rdnews.al\/index.php\/wp-json\/wp\/v2\/posts"}],"about":[{"href":"https:\/\/rdnews.al\/index.php\/wp-json\/wp\/v2\/types\/post"}],"author":[{"embeddable":true,"href":"https:\/\/rdnews.al\/index.php\/wp-json\/wp\/v2\/users\/4"}],"replies":[{"embeddable":true,"href":"https:\/\/rdnews.al\/index.php\/wp-json\/wp\/v2\/comments?post=130807"}],"version-history":[{"count":1,"href":"https:\/\/rdnews.al\/index.php\/wp-json\/wp\/v2\/posts\/130807\/revisions"}],"predecessor-version":[{"id":130809,"href":"https:\/\/rdnews.al\/index.php\/wp-json\/wp\/v2\/posts\/130807\/revisions\/130809"}],"wp:featuredmedia":[{"embeddable":true,"href":"https:\/\/rdnews.al\/index.php\/wp-json\/wp\/v2\/media\/130808"}],"wp:attachment":[{"href":"https:\/\/rdnews.al\/index.php\/wp-json\/wp\/v2\/media?parent=130807"}],"wp:term":[{"taxonomy":"category","embeddable":true,"href":"https:\/\/rdnews.al\/index.php\/wp-json\/wp\/v2\/categories?post=130807"},{"taxonomy":"post_tag","embeddable":true,"href":"https:\/\/rdnews.al\/index.php\/wp-json\/wp\/v2\/tags?post=130807"}],"curies":[{"name":"wp","href":"https:\/\/api.w.org\/{rel}","templated":true}]}}