{"id":130810,"date":"2025-12-11T19:13:57","date_gmt":"2025-12-11T19:13:57","guid":{"rendered":"https:\/\/rdnews.al\/?p=130810"},"modified":"2025-12-11T19:13:57","modified_gmt":"2025-12-11T19:13:57","slug":"berisha-pd-luajti-rol-te-pazevendesueshem-ne-pavaresine-e-kosoves-ishim-bashke-ate-dite-kur-xhorxh-bush-shpalli-pavaresine","status":"publish","type":"post","link":"https:\/\/rdnews.al\/index.php\/2025\/12\/11\/berisha-pd-luajti-rol-te-pazevendesueshem-ne-pavaresine-e-kosoves-ishim-bashke-ate-dite-kur-xhorxh-bush-shpalli-pavaresine\/","title":{"rendered":"Berisha: PD luajti rol t\u00eb paz\u00ebvend\u00ebsuesh\u00ebm n\u00eb pavar\u00ebsin\u00eb e Kosov\u00ebs! Ishim bashk\u00eb at\u00eb dit\u00eb kur Xhorxh Bush shpalli Pavar\u00ebsin\u00eb!"},"content":{"rendered":"<p>Kryetari i PD, Sali Berisha, n\u00eb ceremonin\u00eb e 35-vjetorit t\u00eb themelimit t\u00eb k\u00ebsaj force politike tha se, Partia Demokratike luajti rol t\u00eb paz\u00ebvend\u00ebsuesh\u00ebm n\u00eb pavar\u00ebsin\u00eb e Kosov\u00ebs.<\/p>\n<p>Berisha tha ishim t\u00eb gjith\u00eb bashk\u00eb, dit\u00ebn kur ish presidenti amerikan, Xhorxh Bush shpalli Pavar\u00ebsin\u00eb e Kosov\u00ebs.<\/p>\n<p><strong>Berisha:<\/strong> Por \u00ebsht\u00eb nj\u00eb histori 35 vite m\u00eb par\u00eb, e cila m\u00eb s\u00eb miri tregon se \u00e7far\u00eb partie e jasht\u00ebzakonshme q\u00eb jemi.<\/p>\n<p>Dhe sot do ta ndaj me ju k\u00ebt\u00eb histori. p\u00ebr t\u00eb rikujtuar dhe nj\u00ebher\u00eb vlerat dhe idealet q\u00eb e kan\u00eb b\u00ebr\u00eb Partin\u00eb Demokratike forc\u00ebn m\u00eb t\u00eb suksesshme qeveris\u00ebse q\u00eb ka udh\u00ebhequr ndonj\u00ebher\u00eb Shqip\u00ebrin\u00eb n\u00eb t\u00eb gjith\u00eb historin\u00eb e saj dhe vitet e fundit, opozit\u00ebn m\u00eb t\u00eb pamposhtur q\u00eb ka par\u00eb ndonj\u00ebher\u00eb Europa gjer\u00eb sot.<\/p>\n<p>Miqt\u00eb e mi, 35 vite m\u00eb par\u00eb, n\u00eb dit\u00ebt e para pas themelimit t\u00eb Partis\u00eb Demokratike, shum\u00eb t\u00eb rinj, intelektual\u00eb, na bashkoheshin \u00e7do dit\u00eb. Midis tyre ishte dhe nj\u00eb djal\u00eb rreth 26, 27 vje\u00e7, pedagog i arteve.<\/p>\n<p>Askush nuk mendonte n\u00eb at\u00eb koh\u00eb se disa vite m\u00eb von\u00eb ai person do kthehej n\u00eb fatkeq\u00ebsin\u00eb m\u00eb t\u00eb madhe t\u00eb kombit shqiptar pas Enver Hoxh\u00ebs n\u00eb nj\u00eb shekull.<\/p>\n<p>Ky djal\u00eb ishte Edvin Kristaq Rama dhe si\u00e7 e dini, ai nuk rezistoi dot m\u00eb gjat\u00eb se disa or\u00eb n\u00eb Partin\u00eb Demokratike dhe \u00ebsht\u00eb kjo forca e madhe e k\u00ebsaj partie.<\/p>\n<p>Demokrat\u00ebt kan\u00eb nj\u00eb instinkt t\u00eb pagabuesh\u00ebm p\u00ebr t\u00eb dalluar t\u00eb mir\u00ebn dhe t\u00eb keqen, g\u00ebnjeshtr\u00ebn dhe t\u00eb v\u00ebrtet\u00ebn, sepse ne bashk\u00eb, ish-student\u00ebt e dhjetorit, intelektual\u00ebt themeltar\u00eb, themelues t\u00eb Partis\u00eb Demokratike, brezat e rinj t\u00eb demokrat\u00ebve dhe t\u00eb gjith\u00eb mb\u00ebshtet\u00ebsit tan\u00eb, jan\u00eb burra, gra, djem dhe vajza, q\u00eb jan\u00eb b\u00ebr\u00eb bashk\u00eb rreth idealeve m\u00eb t\u00eb larta njer\u00ebzore, rreth interesit komb\u00ebtar.<\/p>\n<p>Jan\u00eb k\u00ebto ideale dhe interesi komb\u00ebtar q\u00eb b\u00ebn t\u00eb mundur q\u00eb Partia Demokratike t&#8217;i dhuroj\u00eb Shqip\u00ebris\u00eb an\u00ebtar\u00ebsimin n\u00eb K\u00ebshillin e Europ\u00ebs, an\u00ebtar\u00ebsimin n\u00eb NATO, liberalizimin e vizave, projekte monumentale si Rruga e Kombit, gazsjell\u00ebsi Trans-Adriatik, bashkimi i Elbasanit me Tiran\u00ebn, nd\u00ebrtimi dhe rind\u00ebrtimi i 11.000 km rrug\u00eb, autostrada, superstrada, ura, tunele. Shqip\u00ebrin\u00eb nga humbtir\u00eb dixhitale, e soll\u00ebm n\u00eb mosh\u00ebn dixhitale.<\/p>\n<p>Shqiptar\u00ebt p\u00ebr her\u00eb t\u00eb par\u00eb n\u00eb historin\u00eb e tyre dol\u00ebn n\u00eb nj\u00eb \u2018kuantum lip\u2019, nga grupi i kombeve me t\u00eb ardhura nd\u00ebr m\u00eb t\u00eb ultat n\u00eb planet dhe njer\u00ebzit nd\u00ebr m\u00eb t\u00eb varf\u00ebr t\u00eb k\u00ebsaj toke, n\u00eb grupin e kombeve me t\u00eb ardhura t\u00eb mesme t\u00eb larta, n\u00eb qytetar\u00ebt m\u00eb t\u00eb paguar t\u00eb rajonit.<\/p>\n<p>Shqiptar\u00ebt, nga skllev\u00ebr t\u00eb hiperkolektivizimit dhe pron\u00ebs socialiste, n\u00eb pronar\u00eb dinjitoz\u00eb, zot\u00ebr t\u00eb pronave t\u00eb tyre dhe iniciativ\u00ebs s\u00eb tyre t\u00eb lir\u00eb, n\u00eb vendin e hiperkolektivizmit, tregun dinamik dhe vibrant.<\/p>\n<p>Partia Demokratike, partia e interesit komb\u00ebtar t\u00eb shqiptar\u00ebve dha kontribut dhe luajti rol t\u00eb paz\u00ebvend\u00ebsuesh\u00ebm n\u00eb Pavar\u00ebsin\u00eb e Kosov\u00ebs.<\/p>\n<p>Ishim bashk\u00eb t\u00eb gjith\u00eb at\u00eb dit\u00eb kur k\u00ebtu n\u00eb Tiran\u00eb miku i shquar i kombit shqiptar, presidenti Xhorxh Bush, shpalli p\u00ebr her\u00eb t\u00eb par\u00eb pavar\u00ebsin\u00eb e shtetit t\u00eb dyt\u00eb shqiptar, pavar\u00ebsin\u00eb e Kosov\u00ebs.<\/p>\n<p>T\u00eb gjitha k\u00ebto arritje epokale, t\u00eb gjitha k\u00ebto g\u00ebzime, k\u00ebto marr\u00ebdh\u00ebnie t\u00eb jasht\u00ebzakonshme q\u00eb ne kemi njeri me tjetrin, jan\u00eb t\u00eb gjitha fat dhe privilegj, q\u00eb jo \u00e7dokujt i jepet n\u00eb jet\u00eb.<\/p>\n<p>Por, mbi t\u00eb gjitha, \u00e7far\u00eb fati p\u00ebr ne t\u00eb jemi nj\u00eb parti q\u00eb nuk l\u00ebshojm\u00eb kurr\u00eb t\u00eb v\u00ebrtetat, q\u00eb besojm\u00eb interesin komb\u00ebtar, edhe sikur e gjith\u00eb bota t\u00eb jet\u00eb kund\u00ebr nesh.<\/p>\n<p>Dhe kjo \u00ebsht\u00eb d\u00ebshmuar, \u00ebsht\u00eb faktuar n\u00eb k\u00ebto vite q\u00eb lam\u00eb pas. Por gjithashtu jan\u00eb k\u00ebto ideale q\u00eb na mund\u00ebsuan mbijetes\u00ebn dhe mbrojtjen e tyre, q\u00eb na mund\u00ebsuan mbijetes\u00ebn gjat\u00eb atij sulmi q\u00eb na u b\u00eb k\u00ebto vite nga i cili asnj\u00eb parti n\u00eb Europ\u00eb dhe n\u00eb bot\u00eb nuk do kishte mbijetuar dot.<\/p>\n<p>Dhe sigurisht jan\u00eb k\u00ebto ideale dhe interesi komb\u00ebtar q\u00eb do sjellin triumfin, rr\u00ebzimin e narkoshtetit t\u00eb par\u00eb dhe t\u00eb vet\u00ebm n\u00eb Europ\u00eb dhe shp\u00ebtimin e Shqip\u00ebris\u00eb.<\/p>\n","protected":false},"excerpt":{"rendered":"<p>Kryetari i PD, Sali Berisha, n\u00eb ceremonin\u00eb e 35-vjetorit t\u00eb themelimit t\u00eb k\u00ebsaj force politike tha se, Partia Demokratike luajti rol t\u00eb paz\u00ebvend\u00ebsuesh\u00ebm n\u00eb pavar\u00ebsin\u00eb e Kosov\u00ebs. Berisha tha ishim t\u00eb gjith\u00eb bashk\u00eb, dit\u00ebn kur ish presidenti amerikan, Xhorxh Bush shpalli Pavar\u00ebsin\u00eb e Kosov\u00ebs. Berisha: Por \u00ebsht\u00eb nj\u00eb histori 35 vite m\u00eb par\u00eb, e cila &hellip;<\/p>\n","protected":false},"author":4,"featured_media":130811,"comment_status":"closed","ping_status":"closed","sticky":false,"template":"","format":"standard","meta":{"footnotes":""},"categories":[37],"tags":[],"class_list":["post-130810","post","type-post","status-publish","format-standard","has-post-thumbnail","","category-politike"],"_links":{"self":[{"href":"https:\/\/rdnews.al\/index.php\/wp-json\/wp\/v2\/posts\/130810","targetHints":{"allow":["GET"]}}],"collection":[{"href":"https:\/\/rdnews.al\/index.php\/wp-json\/wp\/v2\/posts"}],"about":[{"href":"https:\/\/rdnews.al\/index.php\/wp-json\/wp\/v2\/types\/post"}],"author":[{"embeddable":true,"href":"https:\/\/rdnews.al\/index.php\/wp-json\/wp\/v2\/users\/4"}],"replies":[{"embeddable":true,"href":"https:\/\/rdnews.al\/index.php\/wp-json\/wp\/v2\/comments?post=130810"}],"version-history":[{"count":1,"href":"https:\/\/rdnews.al\/index.php\/wp-json\/wp\/v2\/posts\/130810\/revisions"}],"predecessor-version":[{"id":130812,"href":"https:\/\/rdnews.al\/index.php\/wp-json\/wp\/v2\/posts\/130810\/revisions\/130812"}],"wp:featuredmedia":[{"embeddable":true,"href":"https:\/\/rdnews.al\/index.php\/wp-json\/wp\/v2\/media\/130811"}],"wp:attachment":[{"href":"https:\/\/rdnews.al\/index.php\/wp-json\/wp\/v2\/media?parent=130810"}],"wp:term":[{"taxonomy":"category","embeddable":true,"href":"https:\/\/rdnews.al\/index.php\/wp-json\/wp\/v2\/categories?post=130810"},{"taxonomy":"post_tag","embeddable":true,"href":"https:\/\/rdnews.al\/index.php\/wp-json\/wp\/v2\/tags?post=130810"}],"curies":[{"name":"wp","href":"https:\/\/api.w.org\/{rel}","templated":true}]}}