{"id":130816,"date":"2025-12-11T19:55:54","date_gmt":"2025-12-11T19:55:54","guid":{"rendered":"https:\/\/rdnews.al\/?p=130816"},"modified":"2025-12-11T20:02:45","modified_gmt":"2025-12-11T20:02:45","slug":"bardhi-ne-shtepine-e-bardhe-trump-i-vendosur-ne-luften-kunder-karteleve-te-droges","status":"publish","type":"post","link":"https:\/\/rdnews.al\/index.php\/2025\/12\/11\/bardhi-ne-shtepine-e-bardhe-trump-i-vendosur-ne-luften-kunder-karteleve-te-droges\/","title":{"rendered":"Bardhi pritet n\u00eb Sht\u00ebpin\u00eb e Bardh\u00eb\/ Takime me zyrtar\u00ebt e Presidentit Trump"},"content":{"rendered":"<div id=\"rekl-49\">Kreu i Grupit Parlamentar t\u00eb PD, Gazment Bardhi gjat\u00eb q\u00ebndrimit n\u00eb Uashington \u00ebhst\u00eb takuar me zyrtar\u00eb t\u00eb administrat\u00ebs amerikane n\u00eb Sht\u00ebpin\u00eb e Bardh\u00eb.<\/div>\n<div class=\"readmore-text-here\">\n<p>Gjat\u00eb takimit, Bardhi p\u00ebrmes nj\u00eb statusi n\u00eb rrjetet sociale ka ndar\u00eb fokusin e bisedimeve me ta, luft\u00ebn ndaj karteleve t\u00eb drog\u00ebs.<\/p>\n<p>Sipas Bardhit, vendosm\u00ebria e Presidentit Trump p\u00ebr t\u00eb vendosur n\u00eb krye t\u00eb agjend\u00ebs s\u00eb siguris\u00eb luft\u00ebn ndaj karteleve t\u00eb drog\u00ebs dhe bashk\u00ebpun\u00ebtor\u00ebt e tyre, \u00ebsht\u00eb nj\u00eb ndihm\u00eb e madhe p\u00ebr bot\u00ebn, ve\u00e7an\u00ebrisht p\u00ebr Shqip\u00ebrin\u00eb.<\/p>\n<p><strong>Postimi\u00a0<\/strong><\/p>\n<p>The White House, Washington DC<\/p>\n<p>Gjat\u00eb q\u00ebndrimit n\u00eb SHBA kisha k\u00ebnaq\u00ebsin\u00eb t\u00eb isha n\u00eb Sht\u00ebpin\u00eb e Bardh\u00eb, me takime t\u00eb shk\u00eblqyera me administrat\u00ebn e Presidentit Trump: znj. Paula White-Cain; z. Rudolph E. Atallah, Z\u00ebvend\u00ebs Drejtor i Lart\u00eb p\u00ebr Kund\u00ebrterrorizmin n\u00eb K\u00ebshillin e Siguris\u00eb Komb\u00ebtare n\u00eb Sht\u00ebpin\u00eb e Bardh\u00eb; z. Leo Terrell &#8211; K\u00ebshilltar i Lart\u00eb i Ndihm\u00ebs Prokurorit t\u00eb P\u00ebrgjithsh\u00ebm, Departamenti i Drejt\u00ebsis\u00eb i SHBA; Znj. Belsis Romero, K\u00ebshilltar i Lart\u00eb n\u00eb Departamentin Amerikan t\u00eb Shtetit.<\/p>\n<p>\u00cbsht\u00eb nj\u00eb privilegj q\u00eb bota ka nj\u00eb lider si Presidenti i ShBA Donald Trump, q\u00eb ka vendosur demokracin\u00eb, sigurin\u00eb dhe paqen, n\u00eb krye t\u00eb axhend\u00ebs s\u00eb tij dhe rezultatet e deritanishme kan\u00eb qen\u00eb impresionuese.<\/p>\n<p>Vendosm\u00ebria e Presidentit Trump p\u00ebr t\u00eb vendosur n\u00eb krye t\u00eb axhend\u00ebs s\u00eb siguris\u00eb luft\u00ebn ndaj karteleve t\u00eb drog\u00ebs dhe bashk\u00ebpun\u00ebtor\u00ebt e tyre, \u00ebsht\u00eb nj\u00eb ndihm\u00eb e madhe p\u00ebr bot\u00ebn, por ve\u00e7an\u00ebrisht edhe p\u00ebr Shqip\u00ebrin\u00eb. Ne jemi krenar q\u00eb kemi nj\u00eb aleat t\u00eb \u00e7muar si SHBA.<\/p>\n<div class=\"readmore-text-here\">\n<p><em><iframe loading=\"lazy\" src=\"https:\/\/www.facebook.com\/plugins\/post.php?href=https%3A%2F%2Fwww.facebook.com%2Fgazmentbardhi.al%2Fposts%2Fpfbid0su5qR6W6gAtvVAAsirPWwQD7uj11wzbtZfv3H1vDpqKUKXKZXVMtmVLqmoKJPkkBl&amp;show_text=true&amp;width=500\" width=\"500\" height=\"704\" frameborder=\"0\" scrolling=\"no\" allowfullscreen=\"allowfullscreen\" data-mce-fragment=\"1\"><\/iframe><\/em><\/p>\n<\/div>\n<div id=\"rekl-33\"><\/div>\n<\/div>\n","protected":false},"excerpt":{"rendered":"<p>Kreu i Grupit Parlamentar t\u00eb PD, Gazment Bardhi gjat\u00eb q\u00ebndrimit n\u00eb Uashington \u00ebhst\u00eb takuar me zyrtar\u00eb t\u00eb administrat\u00ebs amerikane n\u00eb Sht\u00ebpin\u00eb e Bardh\u00eb. Gjat\u00eb takimit, Bardhi p\u00ebrmes nj\u00eb statusi n\u00eb rrjetet sociale ka ndar\u00eb fokusin e bisedimeve me ta, luft\u00ebn ndaj karteleve t\u00eb drog\u00ebs. Sipas Bardhit, vendosm\u00ebria e Presidentit Trump p\u00ebr t\u00eb vendosur n\u00eb krye &hellip;<\/p>\n","protected":false},"author":4,"featured_media":130822,"comment_status":"closed","ping_status":"closed","sticky":false,"template":"","format":"standard","meta":{"footnotes":""},"categories":[37],"tags":[],"class_list":["post-130816","post","type-post","status-publish","format-standard","has-post-thumbnail","","category-politike"],"_links":{"self":[{"href":"https:\/\/rdnews.al\/index.php\/wp-json\/wp\/v2\/posts\/130816","targetHints":{"allow":["GET"]}}],"collection":[{"href":"https:\/\/rdnews.al\/index.php\/wp-json\/wp\/v2\/posts"}],"about":[{"href":"https:\/\/rdnews.al\/index.php\/wp-json\/wp\/v2\/types\/post"}],"author":[{"embeddable":true,"href":"https:\/\/rdnews.al\/index.php\/wp-json\/wp\/v2\/users\/4"}],"replies":[{"embeddable":true,"href":"https:\/\/rdnews.al\/index.php\/wp-json\/wp\/v2\/comments?post=130816"}],"version-history":[{"count":3,"href":"https:\/\/rdnews.al\/index.php\/wp-json\/wp\/v2\/posts\/130816\/revisions"}],"predecessor-version":[{"id":130824,"href":"https:\/\/rdnews.al\/index.php\/wp-json\/wp\/v2\/posts\/130816\/revisions\/130824"}],"wp:featuredmedia":[{"embeddable":true,"href":"https:\/\/rdnews.al\/index.php\/wp-json\/wp\/v2\/media\/130822"}],"wp:attachment":[{"href":"https:\/\/rdnews.al\/index.php\/wp-json\/wp\/v2\/media?parent=130816"}],"wp:term":[{"taxonomy":"category","embeddable":true,"href":"https:\/\/rdnews.al\/index.php\/wp-json\/wp\/v2\/categories?post=130816"},{"taxonomy":"post_tag","embeddable":true,"href":"https:\/\/rdnews.al\/index.php\/wp-json\/wp\/v2\/tags?post=130816"}],"curies":[{"name":"wp","href":"https:\/\/api.w.org\/{rel}","templated":true}]}}