{"id":130859,"date":"2025-12-12T09:44:58","date_gmt":"2025-12-12T09:44:58","guid":{"rendered":"https:\/\/rdnews.al\/?p=130859"},"modified":"2025-12-12T09:44:58","modified_gmt":"2025-12-12T09:44:58","slug":"foltorja-berisha-sot-ne-oren-1730-ne-elbasan","status":"publish","type":"post","link":"https:\/\/rdnews.al\/index.php\/2025\/12\/12\/foltorja-berisha-sot-ne-oren-1730-ne-elbasan\/","title":{"rendered":"&#8220;Foltorja&#8221;\/ Berisha sot n\u00eb or\u00ebn 17:30 n\u00eb Elbasan"},"content":{"rendered":"<p>Kryetari i PD, Sali Berisha, njoftoi sot se Foltorja do t\u00eb ndalet n\u00eb qytetin e Elbasanit.<\/p>\n<p>\u201cT\u00eb dashur miq, sot n\u00eb ora 17:30 \u201cFoltorja\u201d ndalon n\u00eb Elbasan.<\/p>\n<p>Ju ftoj t\u2019i bashkoheni bashk\u00ebbisedimit me qytetar\u00ebt dhe t\u00eb na ndiqni\u201d, shkruan Berisha.<\/p>\n","protected":false},"excerpt":{"rendered":"<p>Kryetari i PD, Sali Berisha, njoftoi sot se Foltorja do t\u00eb ndalet n\u00eb qytetin e Elbasanit. \u201cT\u00eb dashur miq, sot n\u00eb ora 17:30 \u201cFoltorja\u201d ndalon n\u00eb Elbasan. Ju ftoj t\u2019i bashkoheni bashk\u00ebbisedimit me qytetar\u00ebt dhe t\u00eb na ndiqni\u201d, shkruan Berisha.<\/p>\n","protected":false},"author":4,"featured_media":130216,"comment_status":"closed","ping_status":"closed","sticky":false,"template":"","format":"standard","meta":{"footnotes":""},"categories":[37],"tags":[],"class_list":["post-130859","post","type-post","status-publish","format-standard","has-post-thumbnail","","category-politike"],"_links":{"self":[{"href":"https:\/\/rdnews.al\/index.php\/wp-json\/wp\/v2\/posts\/130859","targetHints":{"allow":["GET"]}}],"collection":[{"href":"https:\/\/rdnews.al\/index.php\/wp-json\/wp\/v2\/posts"}],"about":[{"href":"https:\/\/rdnews.al\/index.php\/wp-json\/wp\/v2\/types\/post"}],"author":[{"embeddable":true,"href":"https:\/\/rdnews.al\/index.php\/wp-json\/wp\/v2\/users\/4"}],"replies":[{"embeddable":true,"href":"https:\/\/rdnews.al\/index.php\/wp-json\/wp\/v2\/comments?post=130859"}],"version-history":[{"count":1,"href":"https:\/\/rdnews.al\/index.php\/wp-json\/wp\/v2\/posts\/130859\/revisions"}],"predecessor-version":[{"id":130860,"href":"https:\/\/rdnews.al\/index.php\/wp-json\/wp\/v2\/posts\/130859\/revisions\/130860"}],"wp:featuredmedia":[{"embeddable":true,"href":"https:\/\/rdnews.al\/index.php\/wp-json\/wp\/v2\/media\/130216"}],"wp:attachment":[{"href":"https:\/\/rdnews.al\/index.php\/wp-json\/wp\/v2\/media?parent=130859"}],"wp:term":[{"taxonomy":"category","embeddable":true,"href":"https:\/\/rdnews.al\/index.php\/wp-json\/wp\/v2\/categories?post=130859"},{"taxonomy":"post_tag","embeddable":true,"href":"https:\/\/rdnews.al\/index.php\/wp-json\/wp\/v2\/tags?post=130859"}],"curies":[{"name":"wp","href":"https:\/\/api.w.org\/{rel}","templated":true}]}}