{"id":130871,"date":"2025-12-12T10:41:31","date_gmt":"2025-12-12T10:41:31","guid":{"rendered":"https:\/\/rdnews.al\/?p=130871"},"modified":"2025-12-12T12:43:47","modified_gmt":"2025-12-12T12:43:47","slug":"deklarata-e-forte-e-ish-deputetit-te-ps-kemi-nje-kryeminister-qe-prish-dhunon-dhe-minon","status":"publish","type":"post","link":"https:\/\/rdnews.al\/index.php\/2025\/12\/12\/deklarata-e-forte-e-ish-deputetit-te-ps-kemi-nje-kryeminister-qe-prish-dhunon-dhe-minon\/","title":{"rendered":"&#8220;Si t\u00eb z\u00eb vendi, prish, dhunon dhe minon\u2026&#8221;\/ Ish-deputeti i PS shp\u00ebrthen ndaj Ram\u00ebs"},"content":{"rendered":"<p>Ish-deputeti i PS, Vladimir Kosta ka reaguar n\u00eb lidhje me deklaratat e b\u00ebra nga kryeministri Edi Rama dit\u00ebn e djeshme, ku k\u00ebrkoi q\u00eb investitor\u00ebt e huaj t\u00eb vijn\u00eb dhe t\u00eb investojn\u00eb n\u00eb Shqip\u00ebri.<\/p>\n<p>N\u00eb nj\u00eb postim n\u00eb Facebook, Kosta shkruan se kemi nj\u00eb kryeminist\u00ebr q\u00eb prish, dhunon, minon pasurit\u00eb e shqiptar\u00ebve&#8230;<\/p>\n<p><strong>Reagimi<\/strong><\/p>\n<p>D\u00ebgjova dje n\u00eb nj\u00eb bised\u00eb me forumin ekonomik nga Kryeministri : se duhet t\u00eb investojn\u00eb t\u00eb huaj n\u00eb Shqip\u00ebri&#8230;!<\/p>\n<p>Kemi nj\u00eb kryeminist\u00ebr q\u00eb PRISH, DHUNON, MINON pasurin\u00eb q\u00eb mezi \u00ebsht\u00eb v\u00ebn\u00eb nga bijt\u00eb e tij!&#8230;dhe pa pik\u00ebn e turpit k\u00ebrkon investitor\u00eb t\u00eb huaj&#8230;! Si t\u00eb z\u00eb vendi&#8230;<\/p>\n<p><img loading=\"lazy\" decoding=\"async\" class=\"\" src=\"https:\/\/www.syri.net\/uploads\/syri.net\/images\/2025\/December\/12\/auto_-1200-630-kosta1765534807.jpg\" alt=\"Ish-deputeti i PS kund\u00ebr Ram\u00ebs: Kemi nj\u00eb kryeminist\u00ebr q\u00eb prish, dhunon, minon pasurin\u00eb\u2026\" width=\"579\" height=\"304\" \/><\/p>\n","protected":false},"excerpt":{"rendered":"<p>Ish-deputeti i PS, Vladimir Kosta ka reaguar n\u00eb lidhje me deklaratat e b\u00ebra nga kryeministri Edi Rama dit\u00ebn e djeshme, ku k\u00ebrkoi q\u00eb investitor\u00ebt e huaj t\u00eb vijn\u00eb dhe t\u00eb investojn\u00eb n\u00eb Shqip\u00ebri. N\u00eb nj\u00eb postim n\u00eb Facebook, Kosta shkruan se kemi nj\u00eb kryeminist\u00ebr q\u00eb prish, dhunon, minon pasurit\u00eb e shqiptar\u00ebve&#8230; Reagimi D\u00ebgjova dje n\u00eb &hellip;<\/p>\n","protected":false},"author":4,"featured_media":130905,"comment_status":"closed","ping_status":"closed","sticky":false,"template":"","format":"standard","meta":{"footnotes":""},"categories":[37],"tags":[],"class_list":["post-130871","post","type-post","status-publish","format-standard","has-post-thumbnail","","category-politike"],"_links":{"self":[{"href":"https:\/\/rdnews.al\/index.php\/wp-json\/wp\/v2\/posts\/130871","targetHints":{"allow":["GET"]}}],"collection":[{"href":"https:\/\/rdnews.al\/index.php\/wp-json\/wp\/v2\/posts"}],"about":[{"href":"https:\/\/rdnews.al\/index.php\/wp-json\/wp\/v2\/types\/post"}],"author":[{"embeddable":true,"href":"https:\/\/rdnews.al\/index.php\/wp-json\/wp\/v2\/users\/4"}],"replies":[{"embeddable":true,"href":"https:\/\/rdnews.al\/index.php\/wp-json\/wp\/v2\/comments?post=130871"}],"version-history":[{"count":5,"href":"https:\/\/rdnews.al\/index.php\/wp-json\/wp\/v2\/posts\/130871\/revisions"}],"predecessor-version":[{"id":130906,"href":"https:\/\/rdnews.al\/index.php\/wp-json\/wp\/v2\/posts\/130871\/revisions\/130906"}],"wp:featuredmedia":[{"embeddable":true,"href":"https:\/\/rdnews.al\/index.php\/wp-json\/wp\/v2\/media\/130905"}],"wp:attachment":[{"href":"https:\/\/rdnews.al\/index.php\/wp-json\/wp\/v2\/media?parent=130871"}],"wp:term":[{"taxonomy":"category","embeddable":true,"href":"https:\/\/rdnews.al\/index.php\/wp-json\/wp\/v2\/categories?post=130871"},{"taxonomy":"post_tag","embeddable":true,"href":"https:\/\/rdnews.al\/index.php\/wp-json\/wp\/v2\/tags?post=130871"}],"curies":[{"name":"wp","href":"https:\/\/api.w.org\/{rel}","templated":true}]}}