{"id":130877,"date":"2025-12-12T11:46:13","date_gmt":"2025-12-12T11:46:13","guid":{"rendered":"https:\/\/rdnews.al\/?p=130877"},"modified":"2025-12-12T11:46:13","modified_gmt":"2025-12-12T11:46:13","slug":"aleance-strategjike-apo-varesi-e-re","status":"publish","type":"post","link":"https:\/\/rdnews.al\/index.php\/2025\/12\/12\/aleance-strategjike-apo-varesi-e-re\/","title":{"rendered":"Aleanc\u00eb strategjike apo var\u00ebsi e re?"},"content":{"rendered":"<p><strong>Lajmi q\u00eb kalon pa u b\u00ebr\u00eb lajm: Aleanc\u00eb strategjike apo var\u00ebsi e re? Marr\u00ebveshja q\u00eb rishkruan raportin e fuqis\u00eb mes Italis\u00eb dhe Shqip\u00ebris\u00eb<\/strong><\/p>\n<p>Nd\u00ebrsa mediat e harrojn\u00eb o e shohin si nj\u00eb marr\u00ebveshje teknike, realiteti \u00ebsht\u00eb shum\u00eb m\u00eb shqet\u00ebsues: qeveria Meloni ka ratifikuar (mbr\u00ebm\u00eb von\u00eb) nj\u00eb dokument q\u00eb mund t\u00eb vendos\u00eb Shqip\u00ebrin\u00eb n\u00eb nj\u00eb pozicion t\u00eb pasivitetit strategjik p\u00ebr dekadat e ardhshme.<\/p>\n<p>Marr\u00ebveshja e quajtur &#8220;Kuad\u00ebr Itali\u2013Shqip\u00ebri&#8221; (firmosur m\u00eb 13 n\u00ebntor n\u00eb Rom\u00eb dhe e ratifikuar nga qeveria Mekoni m\u00eb 11 dhjetor 2025) prek \u00e7do sektor kryesor t\u00eb shtetit: energji, siguri, mbrojtje, migracion, sh\u00ebndet\u00ebsi, arsimi, inovacion dhe ekonomi.<\/p>\n<p>Pyetja q\u00eb mbetet pa p\u00ebrgjigje: a \u00ebsht\u00eb kjo nj\u00eb aleanc\u00eb strategjike, apo nj\u00eb rrug\u00eb drejt var\u00ebsis\u00eb s\u00eb re?<\/p>\n<p>Arkitektura e bashk\u00ebpunimit \u00ebsht\u00eb risia e dyfisht\u00eb e marr\u00ebveshjes.<br \/>\nN\u00eb vend t\u00eb projekteve sporadike, fragmentare dhe pa koordinim, tani kemi nj\u00eb struktur\u00eb t\u00eb centralizuar dhe vendimmarr\u00ebse.<\/p>\n<p>N\u00eb let\u00ebr duket si progres, por n\u00eb praktik\u00eb kjo mund t\u00eb kthehet n\u00eb instrument kontrolli, ku Shqip\u00ebria humbet hap\u00ebsir\u00ebn p\u00ebr t\u00eb vendosur mbi prioritetet e saj m\u00eb sensitive. \u00c7do vendim i r\u00ebnd\u00ebsish\u00ebm duhet t\u00eb kaloj\u00eb filtrin e koordinimit dypal\u00ebsh, duke rritur rrezikun e var\u00ebsis\u00eb strategjike.<\/p>\n<p>Fushat m\u00eb problematike:<br \/>\n\u2022 Migracioni dhe siguria: Intensifikimi i patrullimit detar dhe bashk\u00ebpunimi kund\u00ebr migracionit mund ta vendosin Shqip\u00ebrin\u00eb si ekzekutor t\u00eb politikave italiane dhe evropiane.<br \/>\n\u2022 Energjia dhe mjedisi: Investimet e domosdoshme mund t\u00eb shnd\u00ebrrohen n\u00eb projekte ku Tirana nuk vendos mbi burimet e veta natyrore.<br \/>\n\u2022 Inovacioni dhe infrastruktura: Teknologjit\u00eb e avancuara dhe projektet k\u00ebrkimore duket se jan\u00eb fitime, por \u00e7do hap i madh do t\u00eb kontrollohet p\u00ebrmes mekanizmave t\u00eb p\u00ebrbashk\u00ebt.<\/p>\n<p>Ky \u00ebsht\u00eb nj\u00eb hap drejt fuqizimit t\u00eb Shqip\u00ebris\u00eb, apo drejt krijimit t\u00eb nj\u00eb shteti t\u00eb varur, ku \u00e7do vendim strategjik i kalon kontrollit t\u00eb nj\u00eb partneri m\u00eb t\u00eb fuqish\u00ebm?<br \/>\nP\u00ebrfitimet ekzistojn\u00eb, por humbja e autonomis\u00eb dhe pasiviteti n\u00eb vendimet m\u00eb sensitive mbeten t\u00eb qarta.<\/p>\n<p>Ky dokument nuk \u00ebsht\u00eb simbolik.<br \/>\nAi \u00ebsht\u00eb provimi i pavar\u00ebsis\u00eb strategjike t\u00eb Shqip\u00ebris\u00eb.<\/p>\n<p>N\u00ebse implementohet pa kujdes, Shqip\u00ebria mund t\u00eb shnd\u00ebrrohet n\u00eb nj\u00eb aktore pasive, ku \u00e7do hap madhor politik, ekonomik dhe ushtarak do t\u00eb diktohet nga nj\u00eb partner m\u00eb i fuqish\u00ebm, dhe lajmi i tij mund t\u00eb kaloj\u00eb pa u b\u00ebr\u00eb lajm n\u00eb syt\u00eb e publikut.<\/p>\n","protected":false},"excerpt":{"rendered":"<p>Lajmi q\u00eb kalon pa u b\u00ebr\u00eb lajm: Aleanc\u00eb strategjike apo var\u00ebsi e re? Marr\u00ebveshja q\u00eb rishkruan raportin e fuqis\u00eb mes Italis\u00eb dhe Shqip\u00ebris\u00eb Nd\u00ebrsa mediat e harrojn\u00eb o e shohin si nj\u00eb marr\u00ebveshje teknike, realiteti \u00ebsht\u00eb shum\u00eb m\u00eb shqet\u00ebsues: qeveria Meloni ka ratifikuar (mbr\u00ebm\u00eb von\u00eb) nj\u00eb dokument q\u00eb mund t\u00eb vendos\u00eb Shqip\u00ebrin\u00eb n\u00eb nj\u00eb pozicion &hellip;<\/p>\n","protected":false},"author":4,"featured_media":107144,"comment_status":"closed","ping_status":"closed","sticky":false,"template":"","format":"standard","meta":{"footnotes":""},"categories":[44],"tags":[],"class_list":["post-130877","post","type-post","status-publish","format-standard","has-post-thumbnail","","category-editorial"],"_links":{"self":[{"href":"https:\/\/rdnews.al\/index.php\/wp-json\/wp\/v2\/posts\/130877","targetHints":{"allow":["GET"]}}],"collection":[{"href":"https:\/\/rdnews.al\/index.php\/wp-json\/wp\/v2\/posts"}],"about":[{"href":"https:\/\/rdnews.al\/index.php\/wp-json\/wp\/v2\/types\/post"}],"author":[{"embeddable":true,"href":"https:\/\/rdnews.al\/index.php\/wp-json\/wp\/v2\/users\/4"}],"replies":[{"embeddable":true,"href":"https:\/\/rdnews.al\/index.php\/wp-json\/wp\/v2\/comments?post=130877"}],"version-history":[{"count":1,"href":"https:\/\/rdnews.al\/index.php\/wp-json\/wp\/v2\/posts\/130877\/revisions"}],"predecessor-version":[{"id":130878,"href":"https:\/\/rdnews.al\/index.php\/wp-json\/wp\/v2\/posts\/130877\/revisions\/130878"}],"wp:featuredmedia":[{"embeddable":true,"href":"https:\/\/rdnews.al\/index.php\/wp-json\/wp\/v2\/media\/107144"}],"wp:attachment":[{"href":"https:\/\/rdnews.al\/index.php\/wp-json\/wp\/v2\/media?parent=130877"}],"wp:term":[{"taxonomy":"category","embeddable":true,"href":"https:\/\/rdnews.al\/index.php\/wp-json\/wp\/v2\/categories?post=130877"},{"taxonomy":"post_tag","embeddable":true,"href":"https:\/\/rdnews.al\/index.php\/wp-json\/wp\/v2\/tags?post=130877"}],"curies":[{"name":"wp","href":"https:\/\/api.w.org\/{rel}","templated":true}]}}