{"id":130882,"date":"2025-12-12T12:06:19","date_gmt":"2025-12-12T12:06:19","guid":{"rendered":"https:\/\/rdnews.al\/?p=130882"},"modified":"2025-12-12T12:06:19","modified_gmt":"2025-12-12T12:06:19","slug":"berisha-krimi-me-i-shemtuar-i-32-viteve-ne-spitalin-onkologjik-mafia-nushi-doshi-ka-ngerthyer-tregun-e-ilaceve","status":"publish","type":"post","link":"https:\/\/rdnews.al\/index.php\/2025\/12\/12\/berisha-krimi-me-i-shemtuar-i-32-viteve-ne-spitalin-onkologjik-mafia-nushi-doshi-ka-ngerthyer-tregun-e-ilaceve\/","title":{"rendered":"Berisha: Krimi m\u00eb i sh\u00ebmtuar i 32 viteve n\u00eb Spitalin Onkologjik! Mafia Nushi-Doshi ka ng\u00ebrthyer tregun e ila\u00e7eve!"},"content":{"rendered":"<p>Kryetari i PD, Sali Berisha, gjat\u00eb deklarat\u00ebs p\u00ebr media tha se, kan\u00eb ndodhur krime t\u00eb r\u00ebnda n\u00eb 32 vjet, por un\u00eb garantoj shqiptar\u00ebt se krimi m\u00eb i sh\u00ebmtuar i 32 viteve ka ndodhur n\u00eb Spitalin Onkologjik!<br \/>\nBerisha tha se, mafia Nushi-Doshi ka ng\u00ebrthyer tregun e ila\u00e7eve.<br \/>\n&#8220;Kan\u00eb ndodhur krime t\u00eb r\u00ebnda n\u00eb 32 vjet, por un\u00eb garantoj shqiptar\u00ebt se krimi m\u00eb i sh\u00ebmtuar i 32 viteve ka ndodhur n\u00eb Spitalin Onkologjik.<br \/>\nNuk kan\u00eb munguar ila\u00e7et, nuk \u00ebsht\u00eb e v\u00ebrtet\u00eb, edhe nj\u00ebher\u00eb e them, nuk kan\u00eb munguar n\u00eb m\u00ebnyr\u00eb absolute m\u00eb p\u00ebrpara ila\u00e7et.<br \/>\nJo, nuk b\u00ebhej fjal\u00eb.<br \/>\nDo sillej \u00e7do ila\u00e7 i domosdosh\u00ebm p\u00ebr jet\u00ebn.<br \/>\nU informoj q\u00eb jo ila\u00e7et p\u00ebr k\u00ebt\u00eb s\u00ebmundje, por qeveria m\u00eb par\u00eb ka sjell\u00eb t\u00eb rimbursueshme Ekszaden, nj\u00eb preparat q\u00eb p\u00ebrdoret tek t\u00eb s\u00ebmur\u00ebt me talasemi, i cili i shp\u00ebton ata nga p\u00ebrdorimi i injeksioneve t\u00eb vazhdueshme n\u00eb bark.<br \/>\nPra, Ekszade nuk ishte nj\u00eb ila\u00e7 jetik, por ishte nj\u00eb ila\u00e7 q\u00eb ndryshonte shum\u00eb jet\u00ebn e djemve dhe vajzave t\u00eb reja.<br \/>\nIshte jasht\u00ebzakonisht i kushtuesh\u00ebm, por e kemi marr\u00eb.<br \/>\nNuk mund t\u00eb konceptohej t\u2019u thuhej t\u00eb s\u00ebmur\u00ebve se nuk blejm\u00eb dot ila\u00e7et baz\u00eb t\u00eb mjekimit t\u00eb k\u00ebtyre s\u00ebmundjeve.<br \/>\nP\u00ebrve\u00e7 k\u00ebsaj, kjo dram\u00eb e tmerrshme q\u00eb \u00ebsht\u00eb luajtur dhe zhvilluar n\u00eb pavijonet e Spitalit Onkologjik, ka edhe nj\u00eb shkak t\u00eb dyt\u00eb. Mafia Nushi-Doshi q\u00eb ng\u00ebrtheu t\u00eb gjith\u00eb tregun, p\u00ebrzuri nj\u00eb nga nj\u00eb t\u00eb gjitha kompanit\u00eb e m\u00ebdha evropiane dhe bot\u00ebrore q\u00eb kishin zyrat n\u00eb Shqip\u00ebri p\u00ebr produktet e tyre, n\u00eb koh\u00ebn kur ligji nuk lejonte tregtimin e asnj\u00eb ila\u00e7i q\u00eb nuk tregtohej n\u00eb dy vende an\u00ebtare t\u00eb BE.<br \/>\nPik\u00ebrisht p\u00ebr t\u00eb pasur siguri t\u00eb plot\u00eb n\u00eb veprimet e tyre.<br \/>\nPushtimi i tregut farmaceutik nga k\u00ebta dy mamuth\u00eb, t\u00eb lidhur kok\u00eb e palc\u00eb me Edi Ram\u00ebn q\u00eb t\u00eb dy, b\u00ebn\u00eb q\u00eb kompanit\u00eb e m\u00ebdha prodhuese t\u00eb ila\u00e7eve kund\u00ebr s\u00ebmundjeve malinje, t\u00eb largohen nj\u00ebra pas tjetr\u00ebs nga Shqip\u00ebria, \u00e7ka i la k\u00ebta t\u00eb s\u00ebmur\u00eb n\u00eb m\u00ebshir\u00ebn e fatit dhe sot jet\u00ebgjat\u00ebsia e tyre n\u00eb Shqip\u00ebri \u00ebsht\u00eb t\u00eb pakt\u00ebn 60-70 p\u00ebrqind m\u00eb e ul\u00ebt se n\u00eb vendet e tjera ku mjekohen.<br \/>\nP\u00ebr t\u00eb mos th\u00ebn\u00eb raste kur u jan\u00eb dh\u00ebn\u00eb ila\u00e7e tjet\u00ebr p\u00ebr tjet\u00ebr&#8221;, u shpreh Berisha.<\/p>\n","protected":false},"excerpt":{"rendered":"<p>Kryetari i PD, Sali Berisha, gjat\u00eb deklarat\u00ebs p\u00ebr media tha se, kan\u00eb ndodhur krime t\u00eb r\u00ebnda n\u00eb 32 vjet, por un\u00eb garantoj shqiptar\u00ebt se krimi m\u00eb i sh\u00ebmtuar i 32 viteve ka ndodhur n\u00eb Spitalin Onkologjik! Berisha tha se, mafia Nushi-Doshi ka ng\u00ebrthyer tregun e ila\u00e7eve. &#8220;Kan\u00eb ndodhur krime t\u00eb r\u00ebnda n\u00eb 32 vjet, por &hellip;<\/p>\n","protected":false},"author":4,"featured_media":130883,"comment_status":"closed","ping_status":"closed","sticky":false,"template":"","format":"standard","meta":{"footnotes":""},"categories":[37],"tags":[],"class_list":["post-130882","post","type-post","status-publish","format-standard","has-post-thumbnail","","category-politike"],"_links":{"self":[{"href":"https:\/\/rdnews.al\/index.php\/wp-json\/wp\/v2\/posts\/130882","targetHints":{"allow":["GET"]}}],"collection":[{"href":"https:\/\/rdnews.al\/index.php\/wp-json\/wp\/v2\/posts"}],"about":[{"href":"https:\/\/rdnews.al\/index.php\/wp-json\/wp\/v2\/types\/post"}],"author":[{"embeddable":true,"href":"https:\/\/rdnews.al\/index.php\/wp-json\/wp\/v2\/users\/4"}],"replies":[{"embeddable":true,"href":"https:\/\/rdnews.al\/index.php\/wp-json\/wp\/v2\/comments?post=130882"}],"version-history":[{"count":1,"href":"https:\/\/rdnews.al\/index.php\/wp-json\/wp\/v2\/posts\/130882\/revisions"}],"predecessor-version":[{"id":130884,"href":"https:\/\/rdnews.al\/index.php\/wp-json\/wp\/v2\/posts\/130882\/revisions\/130884"}],"wp:featuredmedia":[{"embeddable":true,"href":"https:\/\/rdnews.al\/index.php\/wp-json\/wp\/v2\/media\/130883"}],"wp:attachment":[{"href":"https:\/\/rdnews.al\/index.php\/wp-json\/wp\/v2\/media?parent=130882"}],"wp:term":[{"taxonomy":"category","embeddable":true,"href":"https:\/\/rdnews.al\/index.php\/wp-json\/wp\/v2\/categories?post=130882"},{"taxonomy":"post_tag","embeddable":true,"href":"https:\/\/rdnews.al\/index.php\/wp-json\/wp\/v2\/tags?post=130882"}],"curies":[{"name":"wp","href":"https:\/\/api.w.org\/{rel}","templated":true}]}}