{"id":130885,"date":"2025-12-12T12:10:20","date_gmt":"2025-12-12T12:10:20","guid":{"rendered":"https:\/\/rdnews.al\/?p=130885"},"modified":"2025-12-12T12:10:20","modified_gmt":"2025-12-12T12:10:20","slug":"berisha-rama-do-mbaje-pergjegjesi-per-cdo-kercenim-ndaj-gazetarit-osman-stafa","status":"publish","type":"post","link":"https:\/\/rdnews.al\/index.php\/2025\/12\/12\/berisha-rama-do-mbaje-pergjegjesi-per-cdo-kercenim-ndaj-gazetarit-osman-stafa\/","title":{"rendered":"Berisha: Rama do mbaj\u00eb p\u00ebrgjegj\u00ebsi p\u00ebr \u00e7do k\u00ebrc\u00ebnim ndaj gazetarit Osman Stafa!"},"content":{"rendered":"<p><strong>-Edhe Altin &#8220;Troplini&#8221; ndjek klim\u00ebn e terrorit ndaj gazetar\u00ebve-<\/strong><\/p>\n<p>Kryetari i Partis\u00eb Demokratike, Sali Berisha, n\u00eb nj\u00eb konferenc\u00eb p\u00ebr media d\u00ebnoi ashp\u00ebr k\u00ebrc\u00ebnimin me jet\u00eb ndaj gazetarit Osman Stafa, duke e cil\u00ebsuar at\u00eb si nj\u00eb akt q\u00eb vjen nga struktura t\u00eb lidhura me pushtetin.<\/p>\n<p>Berisha tha se, Edi Rama do t\u00eb mbaj\u00eb p\u00ebrgjegj\u00ebsi p\u00ebr \u00e7do k\u00ebrc\u00ebnim dhe \u00e7do shqet\u00ebsim ndaj gazetarit Stafa, nd\u00ebrsa k\u00ebrkoi q\u00eb autor\u00ebt t\u00eb identifikohen sa m\u00eb shpejt.<\/p>\n<p>&#8220;Ndaj e paralajm\u00ebroj Edi Ram\u00ebn se \u00e7do k\u00ebrc\u00ebnim dhe \u00e7do shqet\u00ebsim q\u00eb mund t\u2019i krijohet gazetarit Osman Stafa, do mbahet ai vet\u00eb direkt p\u00ebrgjegj\u00ebs.<\/p>\n<p>T\u00eb gjej\u00eb me shpejt\u00ebsi autorin e k\u00ebrc\u00ebnimit.<\/p>\n<p>Kjo klim\u00eb k\u00ebrc\u00ebnimi ndaj gazetar\u00ebve \u00ebsht\u00eb element kryesor i narko-regjimit.<\/p>\n<p>Mos harroni se nj\u00eb koleg i juaj u rr\u00ebmbye n\u00eb mes t\u00eb bulevardit nga Altin Troplini, nga Poja i Skapit, q\u00eb flet sot n\u00eb Durr\u00ebs.<\/p>\n<p>Thuaju durrsak\u00ebve pse e mbajte n\u00eb xhep mandat-arrestin e Elvis Do\u00e7it?<\/p>\n<p>Se pash\u00eb nj\u00eb titull q\u00eb po fliste n\u00eb Durr\u00ebs.<\/p>\n<p>Ndjek Edi Ram\u00ebn me klim\u00eb terrori ndaj gazetar\u00ebve.<\/p>\n<p>Rr\u00ebmben gazetarin n\u00eb mes t\u00eb bulevardit apo n\u00eb kafene pse kishte video p\u00ebr Edi Ram\u00ebn n\u00eb dokumentet e tij.<\/p>\n<p>Dhe n\u00eb \u00e7do dalje do thoshte q\u00eb kemi presione dhe rreshtonte edhe gazetar\u00ebt p\u00ebr presione.<\/p>\n<p>Cili gazetar t\u00eb ka b\u00ebr\u00eb presion p\u00ebr nj\u00eb kriminel ty?<\/p>\n<p>Apo e quan presion kur denoncojn\u00eb lidhjet e tua me krimin.<\/p>\n<p>Dhe k\u00ebto i quajn\u00eb presione ata.<\/p>\n<p>Pra, nj\u00eb klim\u00eb mafioze.<\/p>\n<p>T\u00eb nj\u00ebjt\u00ebn gj\u00eb ka b\u00ebr\u00eb me Lapsin.<\/p>\n<p>Kur Lapsi publikoi t\u00eb dh\u00ebnat, list\u00ebn e patronazhist\u00ebve, shtiu hanxhar\u00ebt e tij t\u00eb krimit mbi Lapsin.<\/p>\n<p>Pra, kjo \u00ebsht\u00eb nj\u00eb klim\u00eb n\u00eb narkoshtet dhe k\u00ebsaj klime i prin, e frym\u00ebzon, e udh\u00ebheq Edi Rama.<\/p>\n<p>Ndaj dhe i k\u00ebrkoj me urgjenc\u00eb t\u00eb gjej\u00eb autorin q\u00eb ka k\u00ebrc\u00ebnuar gazetarin Osman Stafa.<\/p>\n<p>Se p\u00ebr Ranu\u00e7in po e gjejn\u00eb, u arrestua n\u00eb Dubai ai, Sinomati, por Antimafia Italiane \u00ebsht\u00eb tjet\u00ebr dhe pritet t\u00eb zbardhet e gjith\u00eb skema se si u k\u00ebrc\u00ebnua, si u hodh n\u00eb er\u00eb makina e gazetarit kur aty af\u00ebr po kalonte vajza e tij&#8221;, tha Berisha.<\/p>\n","protected":false},"excerpt":{"rendered":"<p>-Edhe Altin &#8220;Troplini&#8221; ndjek klim\u00ebn e terrorit ndaj gazetar\u00ebve- Kryetari i Partis\u00eb Demokratike, Sali Berisha, n\u00eb nj\u00eb konferenc\u00eb p\u00ebr media d\u00ebnoi ashp\u00ebr k\u00ebrc\u00ebnimin me jet\u00eb ndaj gazetarit Osman Stafa, duke e cil\u00ebsuar at\u00eb si nj\u00eb akt q\u00eb vjen nga struktura t\u00eb lidhura me pushtetin. Berisha tha se, Edi Rama do t\u00eb mbaj\u00eb p\u00ebrgjegj\u00ebsi p\u00ebr \u00e7do &hellip;<\/p>\n","protected":false},"author":4,"featured_media":130886,"comment_status":"closed","ping_status":"closed","sticky":false,"template":"","format":"standard","meta":{"footnotes":""},"categories":[37],"tags":[],"class_list":["post-130885","post","type-post","status-publish","format-standard","has-post-thumbnail","","category-politike"],"_links":{"self":[{"href":"https:\/\/rdnews.al\/index.php\/wp-json\/wp\/v2\/posts\/130885","targetHints":{"allow":["GET"]}}],"collection":[{"href":"https:\/\/rdnews.al\/index.php\/wp-json\/wp\/v2\/posts"}],"about":[{"href":"https:\/\/rdnews.al\/index.php\/wp-json\/wp\/v2\/types\/post"}],"author":[{"embeddable":true,"href":"https:\/\/rdnews.al\/index.php\/wp-json\/wp\/v2\/users\/4"}],"replies":[{"embeddable":true,"href":"https:\/\/rdnews.al\/index.php\/wp-json\/wp\/v2\/comments?post=130885"}],"version-history":[{"count":1,"href":"https:\/\/rdnews.al\/index.php\/wp-json\/wp\/v2\/posts\/130885\/revisions"}],"predecessor-version":[{"id":130887,"href":"https:\/\/rdnews.al\/index.php\/wp-json\/wp\/v2\/posts\/130885\/revisions\/130887"}],"wp:featuredmedia":[{"embeddable":true,"href":"https:\/\/rdnews.al\/index.php\/wp-json\/wp\/v2\/media\/130886"}],"wp:attachment":[{"href":"https:\/\/rdnews.al\/index.php\/wp-json\/wp\/v2\/media?parent=130885"}],"wp:term":[{"taxonomy":"category","embeddable":true,"href":"https:\/\/rdnews.al\/index.php\/wp-json\/wp\/v2\/categories?post=130885"},{"taxonomy":"post_tag","embeddable":true,"href":"https:\/\/rdnews.al\/index.php\/wp-json\/wp\/v2\/tags?post=130885"}],"curies":[{"name":"wp","href":"https:\/\/api.w.org\/{rel}","templated":true}]}}