{"id":130888,"date":"2025-12-12T12:16:32","date_gmt":"2025-12-12T12:16:32","guid":{"rendered":"https:\/\/rdnews.al\/?p=130888"},"modified":"2025-12-12T12:18:05","modified_gmt":"2025-12-12T12:18:05","slug":"presionet-e-rames-per-ballukun-berisha-personeli-i-gjykates-kushtetuese-eshte-shantazhuar-me-video","status":"publish","type":"post","link":"https:\/\/rdnews.al\/index.php\/2025\/12\/12\/presionet-e-rames-per-ballukun-berisha-personeli-i-gjykates-kushtetuese-eshte-shantazhuar-me-video\/","title":{"rendered":"Presionet e Ram\u00ebs p\u00ebr Ballukun\/ Berisha: Personeli i Gjykat\u00ebs Kushtetuese \u00ebsht\u00eb shantazhuar me video t\u00eb ndaluara p\u00ebr p\u00ebrdorim!"},"content":{"rendered":"<p>Kryetari i Partis\u00eb Demokratike gjat\u00eb nj\u00eb konference shtyp, duke komentuar situat\u00ebn me Gjykat\u00ebn Kushtetuese pas ankimimit t\u00eb Ram\u00ebs p\u00ebr t\u00eb mbrojtur Ballukun, tha se personeli i asaj gjykate \u00ebsht\u00eb shantazhuar me video t\u00eb ndaluara p\u00ebr p\u00ebrdorim.<\/p>\n<p><strong>Berisha:<\/strong> S\u00eb dyti, d\u00ebnoj edhe nj\u00ebher\u00eb me forc\u00ebn m\u00eb t\u00eb madhe si nj\u00eb akt t\u00eb mir\u00ebfillt\u00eb antikushtetues, nd\u00ebrhyrjet brutale t\u00eb Edi Ram\u00ebs n\u00eb Gjykat\u00ebn Kushtetuese p\u00ebr mbrojtjen e vetes s\u00eb vet, n\u00eb aparenc\u00eb, Ballukut.<\/p>\n<p>N\u00eb fakt, ai mbron veten e tij.<\/p>\n<p>Tani, m\u00eb duhet t\u2019u rikujtoj shqiptar\u00ebve, por edhe atyre nd\u00ebrkomb\u00ebtar\u00ebve, t\u00eb cil\u00ebt jan\u00eb t\u00eb interesuar p\u00ebr t\u00eb v\u00ebrtetat n\u00eb k\u00ebt\u00eb vend.<\/p>\n<p>N\u00eb janar t\u00eb vitit 2011, pas nj\u00eb video t\u00eb manipuluar nga Edi Rama dhe Filip \u00c7akulli, n\u00eb t\u00eb cilin n\u00eb m\u00ebnyr\u00eb false akuzonin Ilir Met\u00ebn p\u00ebr nj\u00eb ryshfet, q\u00eb nuk ishte kurr\u00eb i till\u00eb, u faktua, prej 700 mij\u00eb eurosh, Ilir Meta, pa ardhur k\u00ebrkesa nga prokuroria p\u00ebr hetim, p\u00ebr imunitet, ka dh\u00ebn\u00eb dor\u00ebheqje nga z\u00ebvend\u00ebskryeminist\u00ebr dhe ka hequr dor\u00eb nga imuniteti.<\/p>\n<p>N\u00eb at\u00eb koh\u00eb, prokurore ishte Ina Rama, dhe n\u00eb rastin tjet\u00ebr para Ilir Met\u00ebs, Fatmir Mediu ka dh\u00ebn\u00eb dor\u00ebheqjen dhe heqjen e imunitetit.<\/p>\n<p>Lulzim Basha ka dor\u00ebzuar imunitetin.<\/p>\n<p>Nd\u00ebrsa Lubi Balluku as nuk jep dor\u00ebheqjen, as nuk shkarkohet, si\u00e7 shkarkova un\u00eb Ilir Rusmalin.<\/p>\n<p>Po, absolutisht, me dokumente. Tjet\u00ebr pun\u00eb se n\u00eb nj\u00eb akt njer\u00ebzie, u njoftua si dor\u00ebheqje.<\/p>\n<p>Jo, nuk ishte dor\u00ebheqje, sepse i v\u00ebllai i tij, t\u00eb cilin un\u00eb e njihja, ishte kryetar i dhom\u00ebs s\u00eb eksporteve, kishte b\u00ebr\u00eb presion ndaj drejtorit t\u00eb p\u00ebrgjithsh\u00ebm t\u00eb burgjeve p\u00ebr nj\u00eb tender dhe e kishte k\u00ebrc\u00ebnuar.<\/p>\n<p>Ai e kishte regjistruar.<\/p>\n<p>Drejtori ishte nj\u00eb njeri i ndersh\u00ebm.<\/p>\n<p>Dhe ministri, n\u00eb vend q\u00eb t\u00eb d\u00ebnonte v\u00ebllan\u00eb e tij q\u00eb i kishte p\u00ebrmendur emrin, shkarkonte drejtorin q\u00eb e kishte regjistruar.<\/p>\n<p>Dhe un\u00eb shkarkova ministrin.<\/p>\n<p>Ky \u00ebsht\u00eb standardi normal.<\/p>\n<p>Por k\u00ebto nuk duhet t\u2019i mohoj\u00eb se nuk sh\u00ebrbejn\u00eb, se duke mohuar k\u00ebto, ja ku arrit\u00ebm, kryeminist\u00ebr q\u00eb b\u00ebn avokatin\u00eb e ministrit t\u00eb tij.<\/p>\n<p>Gjykata Kushtetuese \u00ebsht\u00eb n\u00eb dit\u00ebn m\u00eb t\u00eb v\u00ebshtir\u00eb p\u00ebr shkak t\u00eb presioneve, k\u00ebrc\u00ebnimeve t\u00eb shumanshme.<\/p>\n<p>Deklaroj k\u00ebtu gjithashtu se sipas disa t\u00eb dh\u00ebnave, p\u00ebr personelin e asaj gjykate jan\u00eb p\u00ebrdorur p\u00ebr komprometim edhe video absolutisht t\u00eb ndaluara p\u00ebr p\u00ebrdorim.<\/p>\n<p>Po, p\u00ebr t\u2019u imponuar dor\u00ebheqje, p\u00ebr t\u2019u imponuar largim.<\/p>\n<p>Se tani, me k\u00ebto regjistrime q\u00eb b\u00ebn Skapi, mund t\u00eb ndodh\u00eb \u00e7do gj\u00eb aty.<\/p>\n<p>Por kjo q\u00eb u them \u00ebsht\u00eb e sigurt.<\/p>\n<p>A e ka b\u00ebr\u00eb Skapi apo ka ndonj\u00eb maniak q\u00eb v\u00eb kamerat aty, k\u00ebt\u00eb nuk e di.<\/p>\n<p>Por jan\u00eb p\u00ebrdorur.<\/p>\n","protected":false},"excerpt":{"rendered":"<p>Kryetari i Partis\u00eb Demokratike gjat\u00eb nj\u00eb konference shtyp, duke komentuar situat\u00ebn me Gjykat\u00ebn Kushtetuese pas ankimimit t\u00eb Ram\u00ebs p\u00ebr t\u00eb mbrojtur Ballukun, tha se personeli i asaj gjykate \u00ebsht\u00eb shantazhuar me video t\u00eb ndaluara p\u00ebr p\u00ebrdorim. Berisha: S\u00eb dyti, d\u00ebnoj edhe nj\u00ebher\u00eb me forc\u00ebn m\u00eb t\u00eb madhe si nj\u00eb akt t\u00eb mir\u00ebfillt\u00eb antikushtetues, nd\u00ebrhyrjet brutale &hellip;<\/p>\n","protected":false},"author":4,"featured_media":130889,"comment_status":"closed","ping_status":"closed","sticky":false,"template":"","format":"standard","meta":{"footnotes":""},"categories":[37],"tags":[],"class_list":["post-130888","post","type-post","status-publish","format-standard","has-post-thumbnail","","category-politike"],"_links":{"self":[{"href":"https:\/\/rdnews.al\/index.php\/wp-json\/wp\/v2\/posts\/130888","targetHints":{"allow":["GET"]}}],"collection":[{"href":"https:\/\/rdnews.al\/index.php\/wp-json\/wp\/v2\/posts"}],"about":[{"href":"https:\/\/rdnews.al\/index.php\/wp-json\/wp\/v2\/types\/post"}],"author":[{"embeddable":true,"href":"https:\/\/rdnews.al\/index.php\/wp-json\/wp\/v2\/users\/4"}],"replies":[{"embeddable":true,"href":"https:\/\/rdnews.al\/index.php\/wp-json\/wp\/v2\/comments?post=130888"}],"version-history":[{"count":2,"href":"https:\/\/rdnews.al\/index.php\/wp-json\/wp\/v2\/posts\/130888\/revisions"}],"predecessor-version":[{"id":130891,"href":"https:\/\/rdnews.al\/index.php\/wp-json\/wp\/v2\/posts\/130888\/revisions\/130891"}],"wp:featuredmedia":[{"embeddable":true,"href":"https:\/\/rdnews.al\/index.php\/wp-json\/wp\/v2\/media\/130889"}],"wp:attachment":[{"href":"https:\/\/rdnews.al\/index.php\/wp-json\/wp\/v2\/media?parent=130888"}],"wp:term":[{"taxonomy":"category","embeddable":true,"href":"https:\/\/rdnews.al\/index.php\/wp-json\/wp\/v2\/categories?post=130888"},{"taxonomy":"post_tag","embeddable":true,"href":"https:\/\/rdnews.al\/index.php\/wp-json\/wp\/v2\/tags?post=130888"}],"curies":[{"name":"wp","href":"https:\/\/api.w.org\/{rel}","templated":true}]}}