{"id":130892,"date":"2025-12-12T12:25:14","date_gmt":"2025-12-12T12:25:14","guid":{"rendered":"https:\/\/rdnews.al\/?p=130892"},"modified":"2025-12-12T12:25:14","modified_gmt":"2025-12-12T12:25:14","slug":"nga-grabitja-e-avokatit-te-popullit-te-amnistia-fiskale-berisha-rama-ka-zevendesuar-standardet-me-lobime-korruptive","status":"publish","type":"post","link":"https:\/\/rdnews.al\/index.php\/2025\/12\/12\/nga-grabitja-e-avokatit-te-popullit-te-amnistia-fiskale-berisha-rama-ka-zevendesuar-standardet-me-lobime-korruptive\/","title":{"rendered":"Nga grabitja e Avokatit t\u00eb Popullit te amnistia fiskale\/ Berisha: Rama ka z\u00ebvend\u00ebsuar standardet me lobime korruptive"},"content":{"rendered":"<p>Kryetari i PD, Sali Berisha akuzoi kryeministrin Edi Rama se ka z\u00ebvend\u00ebsuar t\u00eb gjitha standardet institucionale me lobime korruptive, duke p\u00ebrmendur si shembull zhvillimet e fundit, nga \u00e7\u00ebshtja e Avokatit t\u00eb Popullit te miratimi i amnistis\u00eb fiskale.<br \/>\nBerisha theksoi se mazhoranca po uzurpon institucion pas institucioni, duke refuzuar kandidaturat e opozit\u00ebs dhe duke shtyr\u00eb vendime q\u00eb, sipas tij, bien ndesh me rekomandimet e partner\u00ebve nd\u00ebrkomb\u00ebtar\u00eb.<br \/>\n&#8220;Nuk ka asnj\u00eb baz\u00eb q\u00eb ajo \u00e7\u00ebshtje t\u00eb mbahet p\u00ebr shqyrtim.<br \/>\nAjo gjykat\u00eb refuzoi t\u00eb shqyrtoj\u00eb k\u00ebrkes\u00ebn e 30 deputet\u00ebve n\u00eb rastin tim, duke th\u00ebn\u00eb n\u00eb m\u00ebnyr\u00eb antikushtetuese q\u00eb nuk legjitimohen, n\u00eb nj\u00eb koh\u00eb kur nj\u00eb nen i sakt\u00eb i Kushtetut\u00ebs u jap atyre pik\u00ebrisht k\u00ebt\u00eb t\u00eb drejt\u00eb.<br \/>\nDhe tani, t\u00eb legjitimoj\u00eb Edi Ram\u00ebn p\u00ebr t\u00eb mbrojtur dosjen e vet.<br \/>\n\u00cbsht\u00eb dit\u00eb e v\u00ebshtir\u00eb shum\u00eb sot.<br \/>\nShum\u00eb dit\u00eb e v\u00ebshtir\u00eb.<br \/>\nMegjithat\u00eb, besimi im \u00ebsht\u00eb tek qytetar\u00ebt shqiptar\u00eb.<br \/>\nS\u00eb fundi, duhet t\u00eb denoncoj me forc\u00ebn m\u00eb t\u00eb madhe z\u00ebvend\u00ebsimin e standardeve me lobime korruptive nga Edi Rama.<br \/>\nKy ka qen\u00eb nj\u00eb faktor shkat\u00ebrrimtar p\u00ebr Shqip\u00ebrin\u00eb dhe shqiptar\u00ebt.<br \/>\nShqip\u00ebria dhe shqiptar\u00ebt kan\u00eb paguar \u00e7mimin m\u00eb t\u00eb lart\u00eb n\u00eb t\u00ebr\u00eb historin\u00eb e tyre.<br \/>\nDo marrim vet\u00ebm zhvillimet e 10 dit\u00ebve t\u00eb fundit, asgj\u00eb tjet\u00ebr.<br \/>\nZ\u00ebvend\u00ebskryeministrja shnd\u00ebrron K\u00ebshillin e Ministrave n\u00eb zyr\u00eb avokatie p\u00ebr korrupsionin e saj, n\u00eb fakt t\u00eb Ram\u00ebs.<br \/>\nNuk ka ndodhur kurr\u00eb n\u00eb Europ\u00ebs, as n\u00eb histori.<br \/>\nPo n\u00eb k\u00ebt\u00eb hark kohor, Edi Rama kalon amnistin\u00eb fiskale p\u00ebr t\u00eb cil\u00ebn partner\u00ebt nd\u00ebrkomb\u00ebtar\u00eb n\u00eb unison ishin kategorisht kund\u00ebr si nj\u00eb mas\u00eb q\u00eb k\u00ebrc\u00ebnonte sigurin\u00eb e vendeve t\u00eb tyre, dhe q\u00eb duhet t\u00eb pranojm\u00eb k\u00ebtu se brenda nj\u00eb jave, Komisioni Europian ka reaguar dy her\u00eb p\u00ebr k\u00ebt\u00eb mas\u00eb, kund\u00ebr k\u00ebsaj amnistie, dhe administrata e SHBA.<br \/>\nPor Edi Rama nuk pyet.<br \/>\nNuk pyet sepse ka z\u00ebvend\u00ebsuar standardet me lobim korruptiv.<br \/>\nS\u00eb treti, nj\u00eb proces i instaluar prej shum\u00eb vitesh, u p\u00ebrmbys dje duke rr\u00ebmbyer dhe institucionin e fundit, q\u00eb kishte ngelur gjysm\u00eb, se ajo ka qen\u00eb nj\u00eb kandidatur\u00eb konsensuale.<br \/>\nZonja Ballanca ka qen\u00eb nj\u00eb kandidatur\u00eb e pranuar nga t\u00eb dy pal\u00ebt.<br \/>\nMegjithat\u00eb ne kemi vler\u00ebsuar pun\u00ebn.<br \/>\nKy pushtet, kjo grim\u00eb, ky segment kishte ngelur.<br \/>\nRefuzoi n\u00eb m\u00ebnyr\u00eb kategorike zotin Besim Ndregjoni, refuzoi n\u00eb m\u00ebnyr\u00ebn kategorike zonj\u00ebn Adriana Kalaja, refuzoi n\u00eb m\u00ebnyr\u00eb kategorike \u00e7do kandidatur\u00eb tjet\u00ebr t\u00eb mb\u00ebshtetur nga PD dhe grabiti opozit\u00ebn q\u00eb donte.<br \/>\nN\u00eb kund\u00ebrshtim, duke i futur nj\u00eb thik\u00eb t\u00eb madhe nj\u00eb procesi shum\u00eb delikat, shum\u00eb t\u00eb v\u00ebshtir\u00eb, por q\u00eb d\u00ebshmon se Edi Rama \u00ebsht\u00eb i gatsh\u00ebm t\u00eb shkelmoj\u00eb \u00e7do gj\u00eb.<br \/>\nPra, imagjinoni ju, nj\u00eb person n\u00eb nj\u00eb hark kohor 10-ditor, nuk po ndalem n\u00eb zgjedhjen e kreut t\u00eb Skapit, se edhe p\u00ebrqendrimi aq i lart\u00eb i trupit diplomatik n\u00eb sall\u00ebn e zgjedhjes, se ajo u b\u00eb me q\u00ebllimin e vet\u00ebm p\u00ebr t\u00eb neutralizuar dor\u00ebn e zez\u00eb t\u00eb Edi Ram\u00ebs dhe presionet ndaj an\u00ebtar\u00ebve t\u00eb KLP-s\u00eb.<br \/>\nKu i bazon ai k\u00ebto?<br \/>\nI bazon n\u00eb lobime korruptive.<br \/>\nPor ne do q\u00ebndrojm\u00eb si\u00e7 kemi q\u00ebndruar, edhe ndaj atyre t\u00eb cil\u00ebt mbulojn\u00eb k\u00ebto vepra t\u00eb Edi Ram\u00ebs, kudo q\u00eb jan\u00eb.<br \/>\nNe mbrojm\u00eb interesat jetike t\u00eb shqiptar\u00ebve.<br \/>\nEdi Rama pra ka z\u00ebvend\u00ebsuar respektimin e kritereve me lobime korruptive&#8221;, u shpreh Berisha.<\/p>\n","protected":false},"excerpt":{"rendered":"<p>Kryetari i PD, Sali Berisha akuzoi kryeministrin Edi Rama se ka z\u00ebvend\u00ebsuar t\u00eb gjitha standardet institucionale me lobime korruptive, duke p\u00ebrmendur si shembull zhvillimet e fundit, nga \u00e7\u00ebshtja e Avokatit t\u00eb Popullit te miratimi i amnistis\u00eb fiskale. Berisha theksoi se mazhoranca po uzurpon institucion pas institucioni, duke refuzuar kandidaturat e opozit\u00ebs dhe duke shtyr\u00eb vendime &hellip;<\/p>\n","protected":false},"author":4,"featured_media":130893,"comment_status":"closed","ping_status":"closed","sticky":false,"template":"","format":"standard","meta":{"footnotes":""},"categories":[37],"tags":[],"class_list":["post-130892","post","type-post","status-publish","format-standard","has-post-thumbnail","","category-politike"],"_links":{"self":[{"href":"https:\/\/rdnews.al\/index.php\/wp-json\/wp\/v2\/posts\/130892","targetHints":{"allow":["GET"]}}],"collection":[{"href":"https:\/\/rdnews.al\/index.php\/wp-json\/wp\/v2\/posts"}],"about":[{"href":"https:\/\/rdnews.al\/index.php\/wp-json\/wp\/v2\/types\/post"}],"author":[{"embeddable":true,"href":"https:\/\/rdnews.al\/index.php\/wp-json\/wp\/v2\/users\/4"}],"replies":[{"embeddable":true,"href":"https:\/\/rdnews.al\/index.php\/wp-json\/wp\/v2\/comments?post=130892"}],"version-history":[{"count":1,"href":"https:\/\/rdnews.al\/index.php\/wp-json\/wp\/v2\/posts\/130892\/revisions"}],"predecessor-version":[{"id":130894,"href":"https:\/\/rdnews.al\/index.php\/wp-json\/wp\/v2\/posts\/130892\/revisions\/130894"}],"wp:featuredmedia":[{"embeddable":true,"href":"https:\/\/rdnews.al\/index.php\/wp-json\/wp\/v2\/media\/130893"}],"wp:attachment":[{"href":"https:\/\/rdnews.al\/index.php\/wp-json\/wp\/v2\/media?parent=130892"}],"wp:term":[{"taxonomy":"category","embeddable":true,"href":"https:\/\/rdnews.al\/index.php\/wp-json\/wp\/v2\/categories?post=130892"},{"taxonomy":"post_tag","embeddable":true,"href":"https:\/\/rdnews.al\/index.php\/wp-json\/wp\/v2\/tags?post=130892"}],"curies":[{"name":"wp","href":"https:\/\/api.w.org\/{rel}","templated":true}]}}