{"id":130895,"date":"2025-12-12T12:35:40","date_gmt":"2025-12-12T12:35:40","guid":{"rendered":"https:\/\/rdnews.al\/?p=130895"},"modified":"2025-12-12T12:35:40","modified_gmt":"2025-12-12T12:35:40","slug":"berisha-po-rishohim-te-gjitha-qendrimet-tona-ndaj-institucioneve-te-kontrolluara-nga-edi-rama","status":"publish","type":"post","link":"https:\/\/rdnews.al\/index.php\/2025\/12\/12\/berisha-po-rishohim-te-gjitha-qendrimet-tona-ndaj-institucioneve-te-kontrolluara-nga-edi-rama\/","title":{"rendered":"Berisha: Po rishohim t\u00eb gjitha q\u00ebndrimet tona ndaj institucioneve t\u00eb kontrolluara nga Edi Rama"},"content":{"rendered":"<p>Kryetari i PD, Sali Berisha, gjat\u00eb nj\u00eb deklarate p\u00ebr mediat tha se, Po rishohim t\u00eb gjitha q\u00ebndrimet tona, ndaj institucioneve t\u00eb kontrolluara nga Edi Rama<br \/>\nBerisha rikujtoi se opozita ka depozituar mbi 100 materiale n\u00eb SPAK p\u00ebr \u00e7\u00ebshtje t\u00eb ndryshme t\u00eb lidhura me proceset zgjedhore, nd\u00ebrsa kritikoi q\u00ebndrimet publike t\u00eb p\u00ebrfaq\u00ebsuesve politik\u00eb dhe rolin e tyre n\u00eb debatin mbi hetimet.<br \/>\n&#8220;Ne jemi duke ripar\u00eb t\u00eb gjitha q\u00ebndrimet tona, ndaj institucioneve t\u00eb kontrolluara nga Edi Rama. Nuk them se nuk do e \u00e7oj, por nuk them se do ta \u00e7oj.<br \/>\nSepse kemi d\u00ebrguar n\u00eb Skap mbi 100 dosje p\u00ebr krimin elektoral dhe dilnin e mashtronin z\u00ebdh\u00ebn\u00ebsit e Skapit, Taulant Balla e d\u00ebgjuat ju vet\u00eb, se \u00e7far\u00eb paturp\u00ebsie, q\u00eb t\u00eb gjitha dosjet jan\u00eb pa asnj\u00eb prov\u00eb dhe fakt, thoshte.<br \/>\nE b\u00ebri z\u00ebdh\u00ebn\u00ebs i Skapit, aty.<br \/>\nSe nuk e b\u00ebnte, sepse Skapi ka gjith\u00eb ato dokumente q\u00eb Taulant Balla \u00ebsht\u00eb an\u00ebtar kryesor i band\u00ebs kriminale t\u00eb Elbasanit, i Bajr\u00ebve, i Rrajave, etj.<br \/>\nI ka me dokumente, me regjistrime.<br \/>\nTaulant Balla ose i ka shp\u00ebrblyer ata \u2018in kind\u2019 ose i shp\u00ebrblyer me para, ndaj dhe b\u00ebn z\u00ebdh\u00ebn\u00ebsin e tyre n\u00eb parlament&#8221;, tha Berisha.<\/p>\n","protected":false},"excerpt":{"rendered":"<p>Kryetari i PD, Sali Berisha, gjat\u00eb nj\u00eb deklarate p\u00ebr mediat tha se, Po rishohim t\u00eb gjitha q\u00ebndrimet tona, ndaj institucioneve t\u00eb kontrolluara nga Edi Rama Berisha rikujtoi se opozita ka depozituar mbi 100 materiale n\u00eb SPAK p\u00ebr \u00e7\u00ebshtje t\u00eb ndryshme t\u00eb lidhura me proceset zgjedhore, nd\u00ebrsa kritikoi q\u00ebndrimet publike t\u00eb p\u00ebrfaq\u00ebsuesve politik\u00eb dhe rolin e &hellip;<\/p>\n","protected":false},"author":4,"featured_media":130896,"comment_status":"closed","ping_status":"closed","sticky":false,"template":"","format":"standard","meta":{"footnotes":""},"categories":[37],"tags":[],"class_list":["post-130895","post","type-post","status-publish","format-standard","has-post-thumbnail","","category-politike"],"_links":{"self":[{"href":"https:\/\/rdnews.al\/index.php\/wp-json\/wp\/v2\/posts\/130895","targetHints":{"allow":["GET"]}}],"collection":[{"href":"https:\/\/rdnews.al\/index.php\/wp-json\/wp\/v2\/posts"}],"about":[{"href":"https:\/\/rdnews.al\/index.php\/wp-json\/wp\/v2\/types\/post"}],"author":[{"embeddable":true,"href":"https:\/\/rdnews.al\/index.php\/wp-json\/wp\/v2\/users\/4"}],"replies":[{"embeddable":true,"href":"https:\/\/rdnews.al\/index.php\/wp-json\/wp\/v2\/comments?post=130895"}],"version-history":[{"count":1,"href":"https:\/\/rdnews.al\/index.php\/wp-json\/wp\/v2\/posts\/130895\/revisions"}],"predecessor-version":[{"id":130897,"href":"https:\/\/rdnews.al\/index.php\/wp-json\/wp\/v2\/posts\/130895\/revisions\/130897"}],"wp:featuredmedia":[{"embeddable":true,"href":"https:\/\/rdnews.al\/index.php\/wp-json\/wp\/v2\/media\/130896"}],"wp:attachment":[{"href":"https:\/\/rdnews.al\/index.php\/wp-json\/wp\/v2\/media?parent=130895"}],"wp:term":[{"taxonomy":"category","embeddable":true,"href":"https:\/\/rdnews.al\/index.php\/wp-json\/wp\/v2\/categories?post=130895"},{"taxonomy":"post_tag","embeddable":true,"href":"https:\/\/rdnews.al\/index.php\/wp-json\/wp\/v2\/tags?post=130895"}],"curies":[{"name":"wp","href":"https:\/\/api.w.org\/{rel}","templated":true}]}}