{"id":130898,"date":"2025-12-12T12:38:22","date_gmt":"2025-12-12T12:38:22","guid":{"rendered":"https:\/\/rdnews.al\/?p=130898"},"modified":"2025-12-12T12:38:22","modified_gmt":"2025-12-12T12:38:22","slug":"urimi-i-rames-per-kreun-e-spak-berisha-kaq-ishte-meshire-meshire-meshire","status":"publish","type":"post","link":"https:\/\/rdnews.al\/index.php\/2025\/12\/12\/urimi-i-rames-per-kreun-e-spak-berisha-kaq-ishte-meshire-meshire-meshire\/","title":{"rendered":"Urimi i Ram\u00ebs p\u00ebr kreun e SPAK\/ Berisha: Kaq ishte, m\u00ebshir\u00eb, m\u00ebshir\u00eb, m\u00ebshir\u00eb!"},"content":{"rendered":"<p>Kryetari i PD, Sali Berisha u shpreh me tone ironike dhe kritike, duke e cil\u00ebsuar urimin e Ram\u00ebsp\u00ebr kreun e ri t\u00eb SPAK si nj\u00eb shfaqje m\u00ebshire dhe dob\u00ebsie politike.<br \/>\n\u201cLexo pak, si e uroi, m\u00ebshir\u00eb, m\u00ebshir\u00eb, m\u00ebshir\u00eb.<br \/>\nKaq ishte, m\u00ebshir\u00eb, m\u00ebshir\u00eb, m\u00ebshir\u00eb\u201d, tha Berisha.<\/p>\n","protected":false},"excerpt":{"rendered":"<p>Kryetari i PD, Sali Berisha u shpreh me tone ironike dhe kritike, duke e cil\u00ebsuar urimin e Ram\u00ebsp\u00ebr kreun e ri t\u00eb SPAK si nj\u00eb shfaqje m\u00ebshire dhe dob\u00ebsie politike. \u201cLexo pak, si e uroi, m\u00ebshir\u00eb, m\u00ebshir\u00eb, m\u00ebshir\u00eb. Kaq ishte, m\u00ebshir\u00eb, m\u00ebshir\u00eb, m\u00ebshir\u00eb\u201d, tha Berisha.<\/p>\n","protected":false},"author":4,"featured_media":130899,"comment_status":"closed","ping_status":"closed","sticky":false,"template":"","format":"standard","meta":{"footnotes":""},"categories":[37],"tags":[],"class_list":["post-130898","post","type-post","status-publish","format-standard","has-post-thumbnail","","category-politike"],"_links":{"self":[{"href":"https:\/\/rdnews.al\/index.php\/wp-json\/wp\/v2\/posts\/130898","targetHints":{"allow":["GET"]}}],"collection":[{"href":"https:\/\/rdnews.al\/index.php\/wp-json\/wp\/v2\/posts"}],"about":[{"href":"https:\/\/rdnews.al\/index.php\/wp-json\/wp\/v2\/types\/post"}],"author":[{"embeddable":true,"href":"https:\/\/rdnews.al\/index.php\/wp-json\/wp\/v2\/users\/4"}],"replies":[{"embeddable":true,"href":"https:\/\/rdnews.al\/index.php\/wp-json\/wp\/v2\/comments?post=130898"}],"version-history":[{"count":1,"href":"https:\/\/rdnews.al\/index.php\/wp-json\/wp\/v2\/posts\/130898\/revisions"}],"predecessor-version":[{"id":130900,"href":"https:\/\/rdnews.al\/index.php\/wp-json\/wp\/v2\/posts\/130898\/revisions\/130900"}],"wp:featuredmedia":[{"embeddable":true,"href":"https:\/\/rdnews.al\/index.php\/wp-json\/wp\/v2\/media\/130899"}],"wp:attachment":[{"href":"https:\/\/rdnews.al\/index.php\/wp-json\/wp\/v2\/media?parent=130898"}],"wp:term":[{"taxonomy":"category","embeddable":true,"href":"https:\/\/rdnews.al\/index.php\/wp-json\/wp\/v2\/categories?post=130898"},{"taxonomy":"post_tag","embeddable":true,"href":"https:\/\/rdnews.al\/index.php\/wp-json\/wp\/v2\/tags?post=130898"}],"curies":[{"name":"wp","href":"https:\/\/api.w.org\/{rel}","templated":true}]}}