{"id":130907,"date":"2025-12-12T12:45:43","date_gmt":"2025-12-12T12:45:43","guid":{"rendered":"https:\/\/rdnews.al\/?p=130907"},"modified":"2025-12-12T12:45:43","modified_gmt":"2025-12-12T12:45:43","slug":"organizate-kriminale-brenda-spak-ut-berisha-te-gjithe-ata-qe-kane-objeksione-u-them-lexoni-dosjen-toyota-yaris","status":"publish","type":"post","link":"https:\/\/rdnews.al\/index.php\/2025\/12\/12\/organizate-kriminale-brenda-spak-ut-berisha-te-gjithe-ata-qe-kane-objeksione-u-them-lexoni-dosjen-toyota-yaris\/","title":{"rendered":"Organizat\u00eb kriminale brenda SPAK-ut\/ Berisha: T\u00eb gjith\u00eb ata q\u00eb kan\u00eb objeksione, u them lexoni dosjen Toyota Yaris"},"content":{"rendered":"<p>Lideri i opozit\u00ebs, Sali Berisha u ndal te q\u00ebndrimet e tij lidhur me funksionimin e SPAK-ut, duke th\u00ebn\u00eb se vler\u00ebsimet e tij p\u00ebr k\u00ebt\u00eb institucion mb\u00ebshteten n\u00eb dokumente dhe dosje hetimore t\u00eb b\u00ebra publike nd\u00ebr vite.<br \/>\nBerisha p\u00ebrmendi dosjen e njohur si \u201cToyota Yaris\u201d si nj\u00eb nga rastet q\u00eb ngre pyetje serioze mbi m\u00ebnyr\u00ebn e trajtimit t\u00eb \u00e7\u00ebshtjeve brenda institucioneve t\u00eb drejt\u00ebsis\u00eb.<br \/>\n&#8220;Cilido q\u00eb mendon se deklarat\u00ebn p\u00ebr organizat\u00eb kriminale e kam politike, i k\u00ebrkoj vet\u00ebm nj\u00eb gj\u00eb, t\u00eb lexoj\u00eb dosjen Toyota Yaris.<br \/>\nVet\u00ebm k\u00ebt\u00eb.<br \/>\nKa shum\u00eb dosje t\u00eb tjera, por un\u00eb po them vet\u00ebm k\u00ebt\u00eb, dhe do bindet n\u00ebse ka n\u00eb Skap nj\u00eb grup t\u00eb strukturuar kriminal apo nj\u00eb organizat\u00eb kriminale.<br \/>\nUn\u00eb mund t\u00eb num\u00ebroj k\u00ebtu brenda Skapit t\u00eb pakt\u00ebn pes\u00eb emra aty.<br \/>\nAt\u00ebher\u00eb?<br \/>\nN\u00eb qoft\u00eb se ti i ke t\u00eb gjitha k\u00ebtu, dhe ti nuk merr asnj\u00eb mas\u00eb, brenda Skapit, si mund t\u00eb besoj un\u00eb?<br \/>\nMua nuk m\u00eb mbetet gj\u00eb tjet\u00ebr ve\u00e7se t\u2019u k\u00ebrkoj atyre q\u00eb kan\u00eb objeksion p\u00ebr k\u00ebt\u00eb cil\u00ebsim tim, lexoni at\u00eb dosje dhe m\u00eb thoni kush e ka gabim.<br \/>\nDhe nes\u00ebr po t\u2019i gjej nj\u00eb dosje k\u00ebtij, absolutisht do e them.<br \/>\nUn\u00eb jam opozit\u00eb, do mbroj interesin publik pavar\u00ebsisht nga \u00e7do \u00e7mim.<br \/>\nMerr dosjet 184 dhe 339, dosje zyrtare legale t\u00eb krimit monstruoz elektoral.<br \/>\n\u00c7far\u00eb t\u2019i them un\u00eb atij?<br \/>\nPor ato kan\u00eb t\u00eb b\u00ebjn\u00eb me themelet e pluralizmit.<br \/>\nKjo \u00ebsht\u00eb e v\u00ebrteta.<br \/>\nDosja Toyota Yaris fakton at\u00eb q\u00eb kam th\u00ebn\u00eb un\u00eb.<br \/>\nKa edhe dosje t\u00eb tjera q\u00eb e faktojn\u00eb.<br \/>\nPse ti shkon dhe merr nj\u00eb komisioner apo nj\u00eb person X, kurse Taulant Balla q\u00eb b\u00ebn pazarin e votave me band\u00ebn e Elbasanit, dhe e ke n\u00eb dosje, nuk i thua nj\u00eb fjal\u00eb?<br \/>\nM\u00eb thuaj, a \u00ebsht\u00eb kjo? A duhet opozita t\u00eb q\u00ebndroj\u00eb?<br \/>\nUn\u00eb them se po. Ne prandaj edhe q\u00ebndrojm\u00eb&#8221;, tha Berisha.<\/p>\n","protected":false},"excerpt":{"rendered":"<p>Lideri i opozit\u00ebs, Sali Berisha u ndal te q\u00ebndrimet e tij lidhur me funksionimin e SPAK-ut, duke th\u00ebn\u00eb se vler\u00ebsimet e tij p\u00ebr k\u00ebt\u00eb institucion mb\u00ebshteten n\u00eb dokumente dhe dosje hetimore t\u00eb b\u00ebra publike nd\u00ebr vite. Berisha p\u00ebrmendi dosjen e njohur si \u201cToyota Yaris\u201d si nj\u00eb nga rastet q\u00eb ngre pyetje serioze mbi m\u00ebnyr\u00ebn e &hellip;<\/p>\n","protected":false},"author":4,"featured_media":130880,"comment_status":"closed","ping_status":"closed","sticky":false,"template":"","format":"standard","meta":{"footnotes":""},"categories":[37],"tags":[],"class_list":["post-130907","post","type-post","status-publish","format-standard","has-post-thumbnail","","category-politike"],"_links":{"self":[{"href":"https:\/\/rdnews.al\/index.php\/wp-json\/wp\/v2\/posts\/130907","targetHints":{"allow":["GET"]}}],"collection":[{"href":"https:\/\/rdnews.al\/index.php\/wp-json\/wp\/v2\/posts"}],"about":[{"href":"https:\/\/rdnews.al\/index.php\/wp-json\/wp\/v2\/types\/post"}],"author":[{"embeddable":true,"href":"https:\/\/rdnews.al\/index.php\/wp-json\/wp\/v2\/users\/4"}],"replies":[{"embeddable":true,"href":"https:\/\/rdnews.al\/index.php\/wp-json\/wp\/v2\/comments?post=130907"}],"version-history":[{"count":1,"href":"https:\/\/rdnews.al\/index.php\/wp-json\/wp\/v2\/posts\/130907\/revisions"}],"predecessor-version":[{"id":130908,"href":"https:\/\/rdnews.al\/index.php\/wp-json\/wp\/v2\/posts\/130907\/revisions\/130908"}],"wp:featuredmedia":[{"embeddable":true,"href":"https:\/\/rdnews.al\/index.php\/wp-json\/wp\/v2\/media\/130880"}],"wp:attachment":[{"href":"https:\/\/rdnews.al\/index.php\/wp-json\/wp\/v2\/media?parent=130907"}],"wp:term":[{"taxonomy":"category","embeddable":true,"href":"https:\/\/rdnews.al\/index.php\/wp-json\/wp\/v2\/categories?post=130907"},{"taxonomy":"post_tag","embeddable":true,"href":"https:\/\/rdnews.al\/index.php\/wp-json\/wp\/v2\/tags?post=130907"}],"curies":[{"name":"wp","href":"https:\/\/api.w.org\/{rel}","templated":true}]}}