{"id":130909,"date":"2025-12-12T12:48:37","date_gmt":"2025-12-12T12:48:37","guid":{"rendered":"https:\/\/rdnews.al\/?p=130909"},"modified":"2025-12-12T12:48:37","modified_gmt":"2025-12-12T12:48:37","slug":"klipi-i-35-vjetorit-te-pd-berisha-po-ta-kisha-vene-lulzim-bashen-do-ti-vija-nje-si-njeriu-qe-demtoi-opoziten-shqiptare","status":"publish","type":"post","link":"https:\/\/rdnews.al\/index.php\/2025\/12\/12\/klipi-i-35-vjetorit-te-pd-berisha-po-ta-kisha-vene-lulzim-bashen-do-ti-vija-nje-si-njeriu-qe-demtoi-opoziten-shqiptare\/","title":{"rendered":"Klipi i 35 vjetorit t\u00eb PD\/ Berisha: Po ta kisha v\u00ebn\u00eb Lulzim Bash\u00ebn, do t&#8217;i vija nj\u00eb\u2026 si njeriu q\u00eb d\u00ebmtoi opozit\u00ebn shqiptare"},"content":{"rendered":"<p>Kryetari i PD, Sali Berisha iu p\u00ebrgjigj pyetjeve t\u00eb gazetar\u00ebve gjat\u00eb nj\u00eb konference p\u00ebr mediat n\u00eb selin\u00eb blu, n\u00eb lidhje me munges\u00ebn e imazhit t\u00eb Lulzim Bash\u00ebs n\u00eb klipin e 35-vjetorit t\u00eb PD.<\/p>\n<p>Berisha tha se, po ta kisha v\u00ebn\u00eb Lulzim Bash\u00ebn, do t&#8217;i vija nj\u00eb kryq t\u00eb kuq, si njeriu q\u00eb d\u00ebmtoi opozit\u00ebn shqiptare.<\/p>\n<p>Berisha: S\u00eb pari, dua t\u00eb t\u00eb siguroj se po ta kisha b\u00ebr\u00eb un\u00eb at\u00eb klip, do ta kisha b\u00ebr\u00eb ndryshe.<\/p>\n<p>Por po t\u00eb kisha v\u00ebn\u00eb Lulzim Bash\u00ebn, do ti vija nj\u00eb kryq t\u00eb kuq, sepse Lulzim Basha e d\u00ebmtoi opozit\u00ebn shqiptare.<\/p>\n<p>Nuk them se mund t\u00eb mos ishte, por do ishte me at\u00eb q\u00eb meritonte.<\/p>\n<p>Besoj se u p\u00ebrgjigja.<\/p>\n<p>Ishte me Taulant Ball\u00ebn. Ja! Prandaj t\u00eb lutem shikoji pak me v\u00ebmendje.<\/p>\n<p>E sheh, paska qen\u00eb. N\u00eb pun\u00ebn e tij ishte\u2026<\/p>\n","protected":false},"excerpt":{"rendered":"<p>Kryetari i PD, Sali Berisha iu p\u00ebrgjigj pyetjeve t\u00eb gazetar\u00ebve gjat\u00eb nj\u00eb konference p\u00ebr mediat n\u00eb selin\u00eb blu, n\u00eb lidhje me munges\u00ebn e imazhit t\u00eb Lulzim Bash\u00ebs n\u00eb klipin e 35-vjetorit t\u00eb PD. Berisha tha se, po ta kisha v\u00ebn\u00eb Lulzim Bash\u00ebn, do t&#8217;i vija nj\u00eb kryq t\u00eb kuq, si njeriu q\u00eb d\u00ebmtoi opozit\u00ebn shqiptare. &hellip;<\/p>\n","protected":false},"author":4,"featured_media":130883,"comment_status":"closed","ping_status":"closed","sticky":false,"template":"","format":"standard","meta":{"footnotes":""},"categories":[37],"tags":[],"class_list":["post-130909","post","type-post","status-publish","format-standard","has-post-thumbnail","","category-politike"],"_links":{"self":[{"href":"https:\/\/rdnews.al\/index.php\/wp-json\/wp\/v2\/posts\/130909","targetHints":{"allow":["GET"]}}],"collection":[{"href":"https:\/\/rdnews.al\/index.php\/wp-json\/wp\/v2\/posts"}],"about":[{"href":"https:\/\/rdnews.al\/index.php\/wp-json\/wp\/v2\/types\/post"}],"author":[{"embeddable":true,"href":"https:\/\/rdnews.al\/index.php\/wp-json\/wp\/v2\/users\/4"}],"replies":[{"embeddable":true,"href":"https:\/\/rdnews.al\/index.php\/wp-json\/wp\/v2\/comments?post=130909"}],"version-history":[{"count":1,"href":"https:\/\/rdnews.al\/index.php\/wp-json\/wp\/v2\/posts\/130909\/revisions"}],"predecessor-version":[{"id":130910,"href":"https:\/\/rdnews.al\/index.php\/wp-json\/wp\/v2\/posts\/130909\/revisions\/130910"}],"wp:featuredmedia":[{"embeddable":true,"href":"https:\/\/rdnews.al\/index.php\/wp-json\/wp\/v2\/media\/130883"}],"wp:attachment":[{"href":"https:\/\/rdnews.al\/index.php\/wp-json\/wp\/v2\/media?parent=130909"}],"wp:term":[{"taxonomy":"category","embeddable":true,"href":"https:\/\/rdnews.al\/index.php\/wp-json\/wp\/v2\/categories?post=130909"},{"taxonomy":"post_tag","embeddable":true,"href":"https:\/\/rdnews.al\/index.php\/wp-json\/wp\/v2\/tags?post=130909"}],"curies":[{"name":"wp","href":"https:\/\/api.w.org\/{rel}","templated":true}]}}