{"id":130913,"date":"2025-12-12T13:01:16","date_gmt":"2025-12-12T13:01:16","guid":{"rendered":"https:\/\/rdnews.al\/?p=130913"},"modified":"2025-12-12T16:31:19","modified_gmt":"2025-12-12T16:31:19","slug":"skandali-qe-fshihet-kandidatit-per-kreun-e-spak-i-moren-vajzen-peng","status":"publish","type":"post","link":"https:\/\/rdnews.al\/index.php\/2025\/12\/12\/skandali-qe-fshihet-kandidatit-per-kreun-e-spak-i-moren-vajzen-peng\/","title":{"rendered":"Skandali q\u00eb fshihet\/ Kandidatit p\u00ebr kreun e SPAK i mor\u00ebn vajz\u00ebn peng"},"content":{"rendered":"<p>Gazetarja Anila Hoxha komentoi n\u00eb emisionin &#8220;Top Story&#8221; zgjedhjen e Klodian Brahos n\u00eb krye t\u00eb SPAK nd\u00ebrsa theksoi se drejtuesi i k\u00ebtij institucioni \u00ebsht\u00eb rrufeprit\u00ebsi ose menaxheri nd\u00ebrsa t\u00eb gjitha \u00e7\u00ebshtjet ndiqen nga prokuror\u00ebt e tjer\u00eb t\u00eb cil\u00ebt duhet t\u00eb trajtohen me dinjitet.<\/p>\n<p>Anila Hoxha tregoi dy raste, at\u00eb t\u00eb k\u00ebrc\u00ebnimit t\u00eb porkurorit Adnan Xholi p\u00ebrmes vajz\u00ebs s\u00eb tij q\u00eb e mor\u00ebn peng koh\u00eb m\u00eb par\u00eb dhe deklaratat e Laert Haxhiut q\u00eb thot\u00eb se do t\u00eb vras\u00eb prokuroren Doloreza Musabelliu.<\/p>\n<p>Sakaq, gazetarja Anila Hoxha tha n\u00eb studion e &#8220;Top Story&#8221; se Klodian Braho e meritonte t\u00eb zgjidhej n\u00eb krye t\u00eb SPAK-ut.<\/p>\n<p><em>&#8220;SPAK nuk drejtohet vet\u00ebm nga 1. Puna drejtohet nga 20 Proku\u00a0 ror\u00eb. Kryeprokurori i SPAK \u00ebsht\u00eb menaxheri, rrufeprit\u00ebsi n\u00eb raste politike apo nga nd\u00ebrkomb\u00ebtar\u00ebt<\/em>.<\/p>\n<p><em>Koston e mban prokurori i \u00e7\u00ebshtjes n\u00eb fund t\u00eb dit\u00ebs. Prokuror\u00ebt sot do duhet t\u00eb ishin trajtuar me dinjitet. T\u00eb tre e dinin kush fitonte. Braho e meritonte. Ishin nd\u00ebrkomb\u00ebtar\u00ebt apo jo, ata votuan.<\/em><\/p>\n<p><em>Tani, ata prokuror\u00ebt, Adnan Xholi, ka hequr vajz\u00ebn nga shkolla se i shkuan grupi i organizuar, e mor\u00ebn vajz\u00ebn dhe<\/em>\u00a0<em>k\u00ebto jan\u00eb n\u00eb dosje. I than\u00eb telefonoje babain dhe e k\u00ebrc\u00ebnuan p\u00ebrmes vajz\u00ebs.<\/em><\/p>\n<p><em>Doloreza Musabelliu b\u00ebn jet\u00eb t\u00eb kufizuar. Laert Haxhiu e p\u00ebrmendte n\u00eb dosje q\u00eb do ta vrasim. K\u00ebto jan\u00eb vlera. \u00c7\u00ebshtjet e Elbasanit jan\u00eb trajtuar nga prokurori Elvin Gokaj. N\u00eb momentin q\u00eb kan\u00eb hyr\u00eb n\u00eb KLP, ata e dinin kush fitonte&#8221;-<\/em>tha Hoxha.<\/p>\n","protected":false},"excerpt":{"rendered":"<p>Gazetarja Anila Hoxha komentoi n\u00eb emisionin &#8220;Top Story&#8221; zgjedhjen e Klodian Brahos n\u00eb krye t\u00eb SPAK nd\u00ebrsa theksoi se drejtuesi i k\u00ebtij institucioni \u00ebsht\u00eb rrufeprit\u00ebsi ose menaxheri nd\u00ebrsa t\u00eb gjitha \u00e7\u00ebshtjet ndiqen nga prokuror\u00ebt e tjer\u00eb t\u00eb cil\u00ebt duhet t\u00eb trajtohen me dinjitet. Anila Hoxha tregoi dy raste, at\u00eb t\u00eb k\u00ebrc\u00ebnimit t\u00eb porkurorit Adnan Xholi &hellip;<\/p>\n","protected":false},"author":3,"featured_media":83271,"comment_status":"closed","ping_status":"closed","sticky":false,"template":"","format":"standard","meta":{"footnotes":""},"categories":[40],"tags":[],"class_list":["post-130913","post","type-post","status-publish","format-standard","has-post-thumbnail","","category-aktualitet"],"_links":{"self":[{"href":"https:\/\/rdnews.al\/index.php\/wp-json\/wp\/v2\/posts\/130913","targetHints":{"allow":["GET"]}}],"collection":[{"href":"https:\/\/rdnews.al\/index.php\/wp-json\/wp\/v2\/posts"}],"about":[{"href":"https:\/\/rdnews.al\/index.php\/wp-json\/wp\/v2\/types\/post"}],"author":[{"embeddable":true,"href":"https:\/\/rdnews.al\/index.php\/wp-json\/wp\/v2\/users\/3"}],"replies":[{"embeddable":true,"href":"https:\/\/rdnews.al\/index.php\/wp-json\/wp\/v2\/comments?post=130913"}],"version-history":[{"count":1,"href":"https:\/\/rdnews.al\/index.php\/wp-json\/wp\/v2\/posts\/130913\/revisions"}],"predecessor-version":[{"id":130914,"href":"https:\/\/rdnews.al\/index.php\/wp-json\/wp\/v2\/posts\/130913\/revisions\/130914"}],"wp:featuredmedia":[{"embeddable":true,"href":"https:\/\/rdnews.al\/index.php\/wp-json\/wp\/v2\/media\/83271"}],"wp:attachment":[{"href":"https:\/\/rdnews.al\/index.php\/wp-json\/wp\/v2\/media?parent=130913"}],"wp:term":[{"taxonomy":"category","embeddable":true,"href":"https:\/\/rdnews.al\/index.php\/wp-json\/wp\/v2\/categories?post=130913"},{"taxonomy":"post_tag","embeddable":true,"href":"https:\/\/rdnews.al\/index.php\/wp-json\/wp\/v2\/tags?post=130913"}],"curies":[{"name":"wp","href":"https:\/\/api.w.org\/{rel}","templated":true}]}}