{"id":130915,"date":"2025-12-12T16:25:46","date_gmt":"2025-12-12T16:25:46","guid":{"rendered":"https:\/\/rdnews.al\/?p=130915"},"modified":"2025-12-12T16:25:46","modified_gmt":"2025-12-12T16:25:46","slug":"kercenimet-e-rames-nenshtrojne-kushtetuesen-rikthehet-ne-detyre-simboli-i-korrupsionit","status":"publish","type":"post","link":"https:\/\/rdnews.al\/index.php\/2025\/12\/12\/kercenimet-e-rames-nenshtrojne-kushtetuesen-rikthehet-ne-detyre-simboli-i-korrupsionit\/","title":{"rendered":"K\u00ebrc\u00ebnimet e Ram\u00ebs n\u00ebnshtrojn\u00eb Kushtetuesen\/ Rikthehet n\u00eb detyr\u00eb simboli i korrupsionit"},"content":{"rendered":"<p><strong>Vendimi i Gjykat\u00ebs Kushtetuese<\/strong><\/p>\n<p>N\u00eb dat\u00ebn 12.12.2025, Mbledhja e Gjyqtar\u00ebve e Gjykat\u00ebs Kushtetuese mori n\u00eb shqyrtim paraprak \u00e7\u00ebshtjen nr. 30 (K) 2025 t\u00eb Regjistrit Themeltar, dat\u00eb 21.11.2025, me k\u00ebrkues Kryeministri i Republik\u00ebs s\u00eb Shqip\u00ebris\u00eb, me objekt: \u201cZgjidhja e mosmarr\u00ebveshjes s\u00eb kompetenc\u00ebs s\u00eb krijuar nd\u00ebrmjet Kryeministrit dhe K\u00ebshillit t\u00eb Ministrave nga nj\u00ebra an\u00eb, dhe Gjykat\u00ebs s\u00eb Posa\u00e7me t\u00eb Shkall\u00ebs s\u00eb Par\u00eb p\u00ebr Korrupsionin dhe Krimin e Organizuar, nga ana tjet\u00ebr, lidhur me pezullimin e ushtrimit t\u00eb detyr\u00ebs s\u00eb an\u00ebtarit t\u00eb K\u00ebshillit t\u00eb Ministrave. Shfuqizimi i vendimit nr. 118, dat\u00eb 19.11.2025 t\u00eb Gjykat\u00ebs s\u00eb Posa\u00e7me t\u00eb Shkall\u00ebs s\u00eb Par\u00eb p\u00ebr Korrupsionin dhe Krimin e organizuar, p\u00ebr pjes\u00ebn q\u00eb ka disponuar vendosjen e mas\u00ebs ndaluese t\u00eb pezullimit t\u00eb ushtrimit t\u00eb detyr\u00ebs s\u00eb z\u00ebvend\u00ebskryeministres dhe ministres s\u00eb Infrastruktur\u00ebs dhe Energjis\u00eb, si nj\u00eb akt q\u00eb cenon garancin\u00eb e imunitetit t\u00eb an\u00ebtarit t\u00eb K\u00ebshillit t\u00eb Ministrave, parimin e ndarjes s\u00eb pushteteve dhe kompetencat e organeve, q\u00eb Kushtetuta ka caktuar si autoritete, q\u00eb propozojn\u00eb, em\u00ebrojn\u00eb dhe miratojn\u00eb ministrat n\u00eb detyr\u00eb. Shfuqizimi i vendimit nr. 120, dat\u00eb 22.11.2025 t\u00eb GJKKO-s\u00eb s\u00eb Shkall\u00ebs s\u00eb Par\u00eb, p\u00ebr pjes\u00ebn q\u00eb ka disponuar p\u00ebr vazhdimin e zbatimit t\u00eb mas\u00ebs ndaluese t\u00eb pezullimit t\u00eb ushtrimit t\u00eb detyr\u00ebs s\u00eb Z\u00ebvend\u00ebskryeministrit dhe minist\u00ebr i Infrastruktur\u00ebs dhe Energjis\u00eb, si nj\u00eb akt q\u00eb cenon garancin\u00eb e imunitetit t\u00eb an\u00ebtarit t\u00eb K\u00ebshillit t\u00eb Ministrave, parimin e ndarjes s\u00eb pushteteve dhe kompetencat e organeve, q\u00eb Kushtetuta ka caktuar si autoritete, q\u00eb propozojn\u00eb, em\u00ebrojn\u00eb dhe miratojn\u00eb ministrat n\u00eb detyr\u00eb. Pezullimi i efekteve t\u00eb vendimit deri n\u00eb p\u00ebrfundimin e gjykimit t\u00eb k\u00ebsaj k\u00ebrkese nga Gjykata Kushtetuese. Interpretimi i pik\u00ebs 3, t\u00eb nenit 103, t\u00eb Kushtetut\u00ebs, n\u00eb kuptimin q\u00eb \u201cAn\u00ebtari i K\u00ebshillit t\u00eb Ministrave, duke g\u00ebzuar imunitetin e deputetit, p\u00ebrfiton nga t\u00eb gjitha garancit\u00eb procedurale, q\u00eb i njeh jo vet\u00ebm Kushtetuta k\u00ebtij t\u00eb fundit, por edhe legjislacioni procedural penal.\u201c.<\/p>\n<p><strong>Mbledhja e Gjyqtar\u00ebve vendosi:<\/strong><\/p>\n<p>Me shumic\u00eb votash, kalimin e \u00e7\u00ebshtjes p\u00ebr shqyrtim n\u00eb seanc\u00eb plenare publike p\u00ebr shkak t\u00eb interesit t\u00eb lart\u00eb publik q\u00eb ka kjo \u00e7\u00ebshtje dhe thirrjen n\u00eb cil\u00ebsin\u00eb e subjekteve t\u00eb interesuara t\u00eb Prokuroris\u00eb s\u00eb Posa\u00e7me kund\u00ebr Korrupsionit dhe Krimit t\u00eb Organizuar, Gjykat\u00ebs s\u00eb Posa\u00e7me t\u00eb Shkall\u00ebs s\u00eb Par\u00eb p\u00ebr Korrupsionin dhe Krimin e Organizuar, Kuvendit t\u00eb Shqip\u00ebris\u00eb dhe Presidentit t\u00eb Republik\u00ebs.<\/p>\n<p>Me shumic\u00eb votash, pezullimin e zbatimit t\u00eb vendimeve gjyq\u00ebsore nr. 118, dat\u00eb 19.11.2025 dhe nr. 120, dat\u00eb 22.11.2025 t\u00eb Gjykat\u00ebs s\u00eb Posa\u00e7me t\u00eb Shkall\u00ebs s\u00eb Par\u00eb p\u00ebr Korrupsionin dhe Krimin e Organizuar, p\u00ebr pjes\u00ebn q\u00eb kan\u00eb disponuar caktimin dhe vazhdimin e mas\u00ebs ndaluese \u201cPezullimi i ushtrimit t\u00eb nj\u00eb detyre a sh\u00ebrbimi publik\u201d ndaj shtetases Belinda Balluku, sipas nenit 45 t\u00eb ligjit organik t\u00eb Gjykat\u00ebs. Vendimi i pezullimit do t\u00eb d\u00ebrgohet p\u00ebr botim n\u00eb Fletoren Zyrtare.<\/p>\n<p>Nj\u00ebz\u00ebri, mospranimin e k\u00ebrkesave t\u00eb partis\u00eb \u201cBashkimi Popullor i Pensionist\u00ebve Shqiptar\u201d dhe organizat\u00ebs jofitimprur\u00ebse \u201cL\u00ebvizja p\u00ebr Mbrojtjen e t\u00eb Drejtave Universale\u201d p\u00ebr t\u2019u p\u00ebrfshir\u00eb si pal\u00eb nd\u00ebrhyr\u00ebse. Mbledhja e Gjyqtar\u00ebve arriti n\u00eb p\u00ebrfundimin se k\u00ebto dy subjekte nuk justifikojn\u00eb interesin kushtetues, pasi mosmarr\u00ebveshja kushtetuese n\u00eb shqyrtim ka t\u00eb b\u00ebj\u00eb me konflikt kompetencash dhe n\u00eb t\u00eb marrin pjes\u00eb vet\u00ebm subjektet q\u00eb jan\u00eb n\u00eb konflikt, n\u00eb kuptimin q\u00eb jan\u00eb pjes\u00eb e organeve t\u00eb ushtrojn\u00eb kompetenc\u00ebn kushtetuese p\u00ebr t\u00eb cil\u00ebn ka lindur konflikti.<\/p>\n<p>Nj\u00ebz\u00ebri, n\u00eb zbatim t\u00eb nenit 27, pika 3, t\u00eb Rregullores p\u00ebr Procedurat Gjyq\u00ebsore t\u00eb Gjykat\u00ebs Kushtetuese, sipas s\u00eb cilit n\u00eb rast se pranohet k\u00ebrkesa p\u00ebr pezullim, data e seanc\u00ebs plenare caktohet n\u00eb dat\u00ebn m\u00eb t\u00eb af\u00ebrt t\u00eb mundshme, duke respektuar afatet procedurale t\u00eb zbatueshme, caktimin e seanc\u00ebs plenare publike n\u00eb dat\u00ebn 22.01.2026, ora 10:00.<\/p>\n","protected":false},"excerpt":{"rendered":"<p>Vendimi i Gjykat\u00ebs Kushtetuese N\u00eb dat\u00ebn 12.12.2025, Mbledhja e Gjyqtar\u00ebve e Gjykat\u00ebs Kushtetuese mori n\u00eb shqyrtim paraprak \u00e7\u00ebshtjen nr. 30 (K) 2025 t\u00eb Regjistrit Themeltar, dat\u00eb 21.11.2025, me k\u00ebrkues Kryeministri i Republik\u00ebs s\u00eb Shqip\u00ebris\u00eb, me objekt: \u201cZgjidhja e mosmarr\u00ebveshjes s\u00eb kompetenc\u00ebs s\u00eb krijuar nd\u00ebrmjet Kryeministrit dhe K\u00ebshillit t\u00eb Ministrave nga nj\u00ebra an\u00eb, dhe Gjykat\u00ebs s\u00eb &hellip;<\/p>\n","protected":false},"author":3,"featured_media":130916,"comment_status":"closed","ping_status":"closed","sticky":false,"template":"","format":"standard","meta":{"footnotes":""},"categories":[37],"tags":[],"class_list":["post-130915","post","type-post","status-publish","format-standard","has-post-thumbnail","","category-politike"],"_links":{"self":[{"href":"https:\/\/rdnews.al\/index.php\/wp-json\/wp\/v2\/posts\/130915","targetHints":{"allow":["GET"]}}],"collection":[{"href":"https:\/\/rdnews.al\/index.php\/wp-json\/wp\/v2\/posts"}],"about":[{"href":"https:\/\/rdnews.al\/index.php\/wp-json\/wp\/v2\/types\/post"}],"author":[{"embeddable":true,"href":"https:\/\/rdnews.al\/index.php\/wp-json\/wp\/v2\/users\/3"}],"replies":[{"embeddable":true,"href":"https:\/\/rdnews.al\/index.php\/wp-json\/wp\/v2\/comments?post=130915"}],"version-history":[{"count":1,"href":"https:\/\/rdnews.al\/index.php\/wp-json\/wp\/v2\/posts\/130915\/revisions"}],"predecessor-version":[{"id":130917,"href":"https:\/\/rdnews.al\/index.php\/wp-json\/wp\/v2\/posts\/130915\/revisions\/130917"}],"wp:featuredmedia":[{"embeddable":true,"href":"https:\/\/rdnews.al\/index.php\/wp-json\/wp\/v2\/media\/130916"}],"wp:attachment":[{"href":"https:\/\/rdnews.al\/index.php\/wp-json\/wp\/v2\/media?parent=130915"}],"wp:term":[{"taxonomy":"category","embeddable":true,"href":"https:\/\/rdnews.al\/index.php\/wp-json\/wp\/v2\/categories?post=130915"},{"taxonomy":"post_tag","embeddable":true,"href":"https:\/\/rdnews.al\/index.php\/wp-json\/wp\/v2\/tags?post=130915"}],"curies":[{"name":"wp","href":"https:\/\/api.w.org\/{rel}","templated":true}]}}