{"id":130918,"date":"2025-12-12T17:16:41","date_gmt":"2025-12-12T17:16:41","guid":{"rendered":"https:\/\/rdnews.al\/?p=130918"},"modified":"2025-12-12T17:16:41","modified_gmt":"2025-12-12T17:16:41","slug":"pd-kerkese-kuvendit-per-perjashtimin-me-30-dite-te-taulant-balles","status":"publish","type":"post","link":"https:\/\/rdnews.al\/index.php\/2025\/12\/12\/pd-kerkese-kuvendit-per-perjashtimin-me-30-dite-te-taulant-balles\/","title":{"rendered":"PD k\u00ebrkes\u00eb Kuvendit p\u00ebr p\u00ebrjashtimin me 30 dit\u00eb t\u00eb Taulant Ball\u00ebs"},"content":{"rendered":"<div id=\"rekl-49\">Deputet\u00ebt e Partis\u00eb Demokratike kan\u00eb depozituar nj\u00eb k\u00ebrkes\u00eb n\u00eb Kuvend, ku k\u00ebrkojn\u00eb q\u00eb Taulant Balla t\u00eb p\u00ebrjashtohet p\u00ebr 30 dit\u00eb nga \u00e7do aktivitet parlamentar.<\/div>\n<div class=\"readmore-text-here\">\n<p>Sipas PD-s\u00eb, gjat\u00eb seanc\u00ebs s\u00eb 11 dhjetorit, Balla ka p\u00ebrdorur gjuh\u00eb fyese ndaj grupit parlamentar t\u00eb opozit\u00ebs, nd\u00ebrsa drejtuesi i seanc\u00ebs nuk mori asnj\u00eb mas\u00eb.<\/p>\n<p>PD thekson se gjuha e p\u00ebrdorur nga Balla shkel Rregulloren e Kuvendit dhe Kodin e Sjelljes s\u00eb Deputetit, t\u00eb cilat ndalojn\u00eb gjuh\u00ebn joparlamentare, fyese dhe diskriminuese.<\/p>\n<p>Deputet\u00ebt k\u00ebrkojn\u00eb q\u00eb Sekretariati i Etik\u00ebs t\u00eb mblidhet dhe t\u00eb marr\u00eb mas\u00eb disiplinore ndaj tij, duke e p\u00ebrjashtuar 30 dit\u00eb nga seancat dhe komisionet.<\/p>\n<p>N\u00eb k\u00ebrkes\u00eb, PD i b\u00ebn apel edhe kryetares s\u00eb Kuvendit q\u00eb t\u00eb zbatoj\u00eb rregullat ndaj \u00e7do deputeti, p\u00ebrfshir\u00eb kryeministrin, kur p\u00ebrdoret gjuh\u00eb e pap\u00ebrshtatshme n\u00eb sall\u00ebn plenare.<\/p>\n<div class=\"fotogaleri\">\n<div class=\"bx-wrapper\">\n<div class=\"bx-viewport\">\n<ul class=\"read-slider\">\n<li><a href=\"https:\/\/www.syri.net\/fotogaleria\/846957\/perdori-gjuhe-fyese-ndaj-opozites-pd-kerkese-kuvendit-per-perjashtimin-me-30-dite-te-taulant-balles\/\" target=\"_blank\" rel=\"noopener\"><img decoding=\"async\" src=\"https:\/\/www.syri.net\/uploads\/syri.net\/images\/2025\/December\/12\/auto_c6619d94-93dd-4d4e-a929-ead5b9c69c2e1765558921.jpg\" \/><\/a><\/li>\n<\/ul>\n<\/div>\n<\/div>\n<\/div>\n<\/div>\n","protected":false},"excerpt":{"rendered":"<p>Deputet\u00ebt e Partis\u00eb Demokratike kan\u00eb depozituar nj\u00eb k\u00ebrkes\u00eb n\u00eb Kuvend, ku k\u00ebrkojn\u00eb q\u00eb Taulant Balla t\u00eb p\u00ebrjashtohet p\u00ebr 30 dit\u00eb nga \u00e7do aktivitet parlamentar. Sipas PD-s\u00eb, gjat\u00eb seanc\u00ebs s\u00eb 11 dhjetorit, Balla ka p\u00ebrdorur gjuh\u00eb fyese ndaj grupit parlamentar t\u00eb opozit\u00ebs, nd\u00ebrsa drejtuesi i seanc\u00ebs nuk mori asnj\u00eb mas\u00eb. PD thekson se gjuha e p\u00ebrdorur &hellip;<\/p>\n","protected":false},"author":4,"featured_media":89408,"comment_status":"closed","ping_status":"closed","sticky":false,"template":"","format":"standard","meta":{"footnotes":""},"categories":[37],"tags":[],"class_list":["post-130918","post","type-post","status-publish","format-standard","has-post-thumbnail","","category-politike"],"_links":{"self":[{"href":"https:\/\/rdnews.al\/index.php\/wp-json\/wp\/v2\/posts\/130918","targetHints":{"allow":["GET"]}}],"collection":[{"href":"https:\/\/rdnews.al\/index.php\/wp-json\/wp\/v2\/posts"}],"about":[{"href":"https:\/\/rdnews.al\/index.php\/wp-json\/wp\/v2\/types\/post"}],"author":[{"embeddable":true,"href":"https:\/\/rdnews.al\/index.php\/wp-json\/wp\/v2\/users\/4"}],"replies":[{"embeddable":true,"href":"https:\/\/rdnews.al\/index.php\/wp-json\/wp\/v2\/comments?post=130918"}],"version-history":[{"count":1,"href":"https:\/\/rdnews.al\/index.php\/wp-json\/wp\/v2\/posts\/130918\/revisions"}],"predecessor-version":[{"id":130919,"href":"https:\/\/rdnews.al\/index.php\/wp-json\/wp\/v2\/posts\/130918\/revisions\/130919"}],"wp:featuredmedia":[{"embeddable":true,"href":"https:\/\/rdnews.al\/index.php\/wp-json\/wp\/v2\/media\/89408"}],"wp:attachment":[{"href":"https:\/\/rdnews.al\/index.php\/wp-json\/wp\/v2\/media?parent=130918"}],"wp:term":[{"taxonomy":"category","embeddable":true,"href":"https:\/\/rdnews.al\/index.php\/wp-json\/wp\/v2\/categories?post=130918"},{"taxonomy":"post_tag","embeddable":true,"href":"https:\/\/rdnews.al\/index.php\/wp-json\/wp\/v2\/tags?post=130918"}],"curies":[{"name":"wp","href":"https:\/\/api.w.org\/{rel}","templated":true}]}}