{"id":130920,"date":"2025-12-12T17:20:35","date_gmt":"2025-12-12T17:20:35","guid":{"rendered":"https:\/\/rdnews.al\/?p=130920"},"modified":"2025-12-12T17:20:35","modified_gmt":"2025-12-12T17:20:35","slug":"avokati-i-popullit-bardhi-peleshi-keqperdori-firmat-tona-votimin-do-ta-cojme-ne-kushtetuese","status":"publish","type":"post","link":"https:\/\/rdnews.al\/index.php\/2025\/12\/12\/avokati-i-popullit-bardhi-peleshi-keqperdori-firmat-tona-votimin-do-ta-cojme-ne-kushtetuese\/","title":{"rendered":"\u201cAvokati i Popullit\u201d, Bardhi: Peleshi keqp\u00ebrdori firmat tona, votimin do ta \u00e7ojm\u00eb n\u00eb Kushtetuese"},"content":{"rendered":"<p>Pas zgjedhjes s\u00eb Endri Shabanit n\u00eb postin e Avokatit t\u00eb Popullit, kryetari i Grupit Parlamentar t\u00eb PD, Gazment Bardhi, akuzoi kryetarin e Kuvendit, Niko Peleshi, p\u00ebr \u201cshp\u00ebrdorim detyre\u201d dhe \u201cfalsifikim dokumentesh\u201d.<\/p>\n<p>Sipas Bardhit, Peleshi ka keqp\u00ebrdorur firmat e deputet\u00ebve t\u00eb opozit\u00ebs q\u00eb ishin t\u00ebrhequr nga procesi i votimit, duke i p\u00ebrdorur ato p\u00ebr t\u00eb kaluar kandidatur\u00ebn e Shabanit. Ai e cil\u00ebsoi k\u00ebt\u00eb si nj\u00eb veprim jasht\u00eb \u00e7do norme ligjore dhe paralajm\u00ebroi nj\u00eb kall\u00ebzim penal ndaj Peleshit dhe \u00e7do zyrtari tjet\u00ebr t\u00eb p\u00ebrfshir\u00eb n\u00eb k\u00ebt\u00eb proces.<\/p>\n<p><strong>Reagimi i Bardhit<\/strong><\/p>\n<p>N\u00ebp\u00ebrmjet falsifikimit t\u00eb akteve parlamentare, Niko Peleshi i paraqiti dje Kuvendit t\u00eb Shqip\u00ebris\u00eb p\u00ebr votim si kandidat t\u00eb rrejsh\u00ebm p\u00ebr Avokat t\u00eb Popullit nj\u00eb njeri q\u00eb nuk kishte mb\u00ebshtetjen me firm\u00eb t\u00eb vlefshme t\u00eb asnj\u00eb deputeti t\u00eb vet\u00ebm, jo m\u00eb t\u00eb 28 deputet\u00ebve si\u00e7 ligji k\u00ebrkon p\u00ebr hedhjen n\u00eb votim. Pik\u00ebrisht duke shp\u00ebrdoruar detyr\u00ebn, Kryetari i Kuvendit p\u00ebrmbushi ambicien e s\u00ebmur\u00eb t\u00eb Edi Ram\u00ebs p\u00ebr t\u00eb kapur \u00e7do pushtet, p\u00ebrfshir\u00eb institucionin e fundit kushtetues q\u00eb nuk ishte n\u00ebn kontrollin e qeveris\u00eb.<\/p>\n<p>Mir\u00ebpo k\u00ebt\u00eb her\u00eb Kryetari i Kuvendit ka tejkaluat \u00e7do limit, duke keqp\u00ebrdorur firmat e deputet\u00ebve t\u00eb Kuvendit t\u00eb Shqip\u00ebris\u00eb q\u00eb ishin t\u00ebrhequr nga propozimi i projektvendimit p\u00ebrkat\u00ebs. Askush nuk mund t\u00eb p\u00ebrdor jasht\u00eb vullnetit t\u00eb tyre n\u00ebnshkrimet\/propozimet e deputet\u00ebve t\u00eb Kuvendit t\u00eb Shqip\u00ebris\u00eb.<\/p>\n<p>Prandaj sot, kam autorizuar menj\u00ebher\u00eb ekipin ligjor t\u00eb Grupit Parlamentar t\u00eb Partis\u00eb Demokratike q\u00eb t\u00eb p\u00ebrgatis\u00eb kall\u00ebzim penal p\u00ebr \u201cshp\u00ebrdorim detyre\u201d dhe \u201cfalsifikim t\u00eb dokumenteve\u201d parlamentare n\u00eb bashk\u00ebpunim p\u00ebr Kryetarin e Kuvendit Niko Peleshin, dhe \u00e7dok\u00ebnd tjet\u00ebr q\u00eb ka rol n\u00eb k\u00ebt\u00eb akt t\u00eb paprecedent t\u00eb Kuvendit. Nd\u00ebrkoh\u00eb q\u00eb do t\u00eb k\u00ebrkoj nga grupi parlamentar autorizimin p\u00ebrkat\u00ebs p\u00ebr t\u2019iu drejtuar Gjykat\u00ebs Kushtetuese p\u00ebr t\u00eb verifikuar zgjedhjen e Avokatit t\u00eb Popullit p\u00ebrmes nj\u00eb procedure parlamentare t\u00ebr\u00ebsisht t\u00eb paligjshme.<\/p>\n<p>Grupi Parlamentar i PD ka qen\u00eb dhe mbetet i vendosur q\u00eb zgjedhja e organeve kushtetuese duhet t\u00eb b\u00ebhet sipas nj\u00eb procedure transparente, gjith\u00ebp\u00ebrfshir\u00ebse dhe q\u00eb garanton pavar\u00ebsin\u00eb e k\u00ebtyre institucioneve, sikurse Raport Progresi i Komisionit Europian n\u00ebnvizon. Vet\u00ebm k\u00ebshtu Shqip\u00ebria \u00ebsht\u00eb n\u00eb rrug\u00ebn e duhur drejt Bashkimit Europian. P\u00ebrndryshe provohet se kemi kaluar edhe zyrtarisht n\u00eb nj\u00eb parti-shtet!<\/p>\n","protected":false},"excerpt":{"rendered":"<p>Pas zgjedhjes s\u00eb Endri Shabanit n\u00eb postin e Avokatit t\u00eb Popullit, kryetari i Grupit Parlamentar t\u00eb PD, Gazment Bardhi, akuzoi kryetarin e Kuvendit, Niko Peleshi, p\u00ebr \u201cshp\u00ebrdorim detyre\u201d dhe \u201cfalsifikim dokumentesh\u201d. Sipas Bardhit, Peleshi ka keqp\u00ebrdorur firmat e deputet\u00ebve t\u00eb opozit\u00ebs q\u00eb ishin t\u00ebrhequr nga procesi i votimit, duke i p\u00ebrdorur ato p\u00ebr t\u00eb kaluar &hellip;<\/p>\n","protected":false},"author":4,"featured_media":125240,"comment_status":"closed","ping_status":"closed","sticky":false,"template":"","format":"standard","meta":{"footnotes":""},"categories":[37],"tags":[],"class_list":["post-130920","post","type-post","status-publish","format-standard","has-post-thumbnail","","category-politike"],"_links":{"self":[{"href":"https:\/\/rdnews.al\/index.php\/wp-json\/wp\/v2\/posts\/130920","targetHints":{"allow":["GET"]}}],"collection":[{"href":"https:\/\/rdnews.al\/index.php\/wp-json\/wp\/v2\/posts"}],"about":[{"href":"https:\/\/rdnews.al\/index.php\/wp-json\/wp\/v2\/types\/post"}],"author":[{"embeddable":true,"href":"https:\/\/rdnews.al\/index.php\/wp-json\/wp\/v2\/users\/4"}],"replies":[{"embeddable":true,"href":"https:\/\/rdnews.al\/index.php\/wp-json\/wp\/v2\/comments?post=130920"}],"version-history":[{"count":1,"href":"https:\/\/rdnews.al\/index.php\/wp-json\/wp\/v2\/posts\/130920\/revisions"}],"predecessor-version":[{"id":130921,"href":"https:\/\/rdnews.al\/index.php\/wp-json\/wp\/v2\/posts\/130920\/revisions\/130921"}],"wp:featuredmedia":[{"embeddable":true,"href":"https:\/\/rdnews.al\/index.php\/wp-json\/wp\/v2\/media\/125240"}],"wp:attachment":[{"href":"https:\/\/rdnews.al\/index.php\/wp-json\/wp\/v2\/media?parent=130920"}],"wp:term":[{"taxonomy":"category","embeddable":true,"href":"https:\/\/rdnews.al\/index.php\/wp-json\/wp\/v2\/categories?post=130920"},{"taxonomy":"post_tag","embeddable":true,"href":"https:\/\/rdnews.al\/index.php\/wp-json\/wp\/v2\/tags?post=130920"}],"curies":[{"name":"wp","href":"https:\/\/api.w.org\/{rel}","templated":true}]}}