{"id":130943,"date":"2025-12-12T17:58:36","date_gmt":"2025-12-12T17:58:36","guid":{"rendered":"https:\/\/rdnews.al\/?p=130943"},"modified":"2025-12-12T17:58:36","modified_gmt":"2025-12-12T17:58:36","slug":"berisha-neser-mblidhet-kryesia-e-pd-per-fillimin-e-protestave-nuk-ndalen-me-pa-u-larguar-rama","status":"publish","type":"post","link":"https:\/\/rdnews.al\/index.php\/2025\/12\/12\/berisha-neser-mblidhet-kryesia-e-pd-per-fillimin-e-protestave-nuk-ndalen-me-pa-u-larguar-rama\/","title":{"rendered":"Berisha: Nes\u00ebr mblidhet kryesia e PD p\u00ebr fillimin e protestave! Nuk ndalen m\u00eb pa u larguar Rama!"},"content":{"rendered":"<p>Kryetari i PD, Sali Berisha deklaroi nga Elbasani se nes\u00ebr n\u00eb drek\u00eb do t\u00eb mblidhet kryesia e PD p\u00eb t\u00eb vendosur dat\u00ebn e fillimit t\u00eb protestave deri n\u00eb rr\u00ebzimin e Edi Ram\u00ebs.<\/p>\n<p><em>\u201cNes\u00ebr n\u00eb drek\u00eb mblidhet kryesia e PD-s\u00eb. Vendoset me urgjenc\u00eb p\u00ebr fillimin e revoltave e protestave t\u00eb <\/em>cilat nuk ndalen m\u00eb kurr\u00eb gjer n\u00eb largimin e Edi Ram\u00ebs. Jo!\u201d, tha Berisha.<\/p>\n","protected":false},"excerpt":{"rendered":"<p>Kryetari i PD, Sali Berisha deklaroi nga Elbasani se nes\u00ebr n\u00eb drek\u00eb do t\u00eb mblidhet kryesia e PD p\u00eb t\u00eb vendosur dat\u00ebn e fillimit t\u00eb protestave deri n\u00eb rr\u00ebzimin e Edi Ram\u00ebs. \u201cNes\u00ebr n\u00eb drek\u00eb mblidhet kryesia e PD-s\u00eb. Vendoset me urgjenc\u00eb p\u00ebr fillimin e revoltave e protestave t\u00eb cilat nuk ndalen m\u00eb kurr\u00eb gjer &hellip;<\/p>\n","protected":false},"author":4,"featured_media":130944,"comment_status":"closed","ping_status":"closed","sticky":false,"template":"","format":"standard","meta":{"footnotes":""},"categories":[37],"tags":[],"class_list":["post-130943","post","type-post","status-publish","format-standard","has-post-thumbnail","","category-politike"],"_links":{"self":[{"href":"https:\/\/rdnews.al\/index.php\/wp-json\/wp\/v2\/posts\/130943","targetHints":{"allow":["GET"]}}],"collection":[{"href":"https:\/\/rdnews.al\/index.php\/wp-json\/wp\/v2\/posts"}],"about":[{"href":"https:\/\/rdnews.al\/index.php\/wp-json\/wp\/v2\/types\/post"}],"author":[{"embeddable":true,"href":"https:\/\/rdnews.al\/index.php\/wp-json\/wp\/v2\/users\/4"}],"replies":[{"embeddable":true,"href":"https:\/\/rdnews.al\/index.php\/wp-json\/wp\/v2\/comments?post=130943"}],"version-history":[{"count":1,"href":"https:\/\/rdnews.al\/index.php\/wp-json\/wp\/v2\/posts\/130943\/revisions"}],"predecessor-version":[{"id":130945,"href":"https:\/\/rdnews.al\/index.php\/wp-json\/wp\/v2\/posts\/130943\/revisions\/130945"}],"wp:featuredmedia":[{"embeddable":true,"href":"https:\/\/rdnews.al\/index.php\/wp-json\/wp\/v2\/media\/130944"}],"wp:attachment":[{"href":"https:\/\/rdnews.al\/index.php\/wp-json\/wp\/v2\/media?parent=130943"}],"wp:term":[{"taxonomy":"category","embeddable":true,"href":"https:\/\/rdnews.al\/index.php\/wp-json\/wp\/v2\/categories?post=130943"},{"taxonomy":"post_tag","embeddable":true,"href":"https:\/\/rdnews.al\/index.php\/wp-json\/wp\/v2\/tags?post=130943"}],"curies":[{"name":"wp","href":"https:\/\/api.w.org\/{rel}","templated":true}]}}