{"id":130950,"date":"2025-12-12T18:05:02","date_gmt":"2025-12-12T18:05:02","guid":{"rendered":"https:\/\/rdnews.al\/?p=130950"},"modified":"2025-12-12T18:05:02","modified_gmt":"2025-12-12T18:05:02","slug":"berisha-perpjekja-jone-eshte-vetem-nje-ti-pervishemi-dhemb-per-dhemb-edi-rames-revolte-deri-ne-fitore","status":"publish","type":"post","link":"https:\/\/rdnews.al\/index.php\/2025\/12\/12\/berisha-perpjekja-jone-eshte-vetem-nje-ti-pervishemi-dhemb-per-dhemb-edi-rames-revolte-deri-ne-fitore\/","title":{"rendered":"Berisha: P\u00ebrpjekja jon\u00eb \u00ebsht\u00eb vet\u00ebm nj\u00eb, t\u2019i p\u00ebrvishemi dh\u00ebmb p\u00ebr dh\u00ebmb Edi Ram\u00ebs! Revolt\u00eb deri n\u00eb fitore!"},"content":{"rendered":"<div class=\"clear\">Kryetari i PD, Sali Berisha, gjat\u00eb fjal\u00ebs n\u00eb Foltoren n\u00eb Elbasan b\u00ebri thirrje p\u00ebr revolt\u00eb kund\u00ebr Edi Ram\u00ebs dhe qeveris\u00eb. Siaps tij, situata aktuale \u00ebsht\u00eb nj\u00eb nga momentet m\u00eb kritike t\u00eb historis\u00eb s\u00eb vendit.<\/div>\n<div class=\"entry\">\n<p>N\u00eb fjal\u00ebn e tij, Berisha akuzoi qeverin\u00eb e Edi Ram\u00ebs p\u00ebr thellim t\u00eb \u2018fars\u00ebs zgjedhore\u2019 dhe theksoi se opozita duhet t\u00eb organizoj\u00eb nj\u00eb p\u00ebrballje t\u00eb vendosur dhe t\u00eb pandalshme p\u00ebr mbrojtjen e vot\u00ebs s\u00eb lir\u00eb.<\/p>\n<p><strong>Berisha:\u00a0<\/strong>Pse u ndala n\u00eb k\u00ebto un\u00eb? U ndala k\u00ebto sepse tani jemi n\u00eb nj\u00eb nga momentet m\u00eb kritike t\u00eb historis\u00eb son\u00eb.<\/p>\n<p>Si njer\u00ebz politik\u00eb, ne duhet t\u00eb realizojm\u00eb se pa vot\u00eb t\u00eb lir\u00eb ne t\u00eb ardhme s\u2019kemi. Absolutisht.<\/p>\n<p>Ne jemi njer\u00ebz edhe me eksperienc\u00ebn ton\u00eb, edhe me njohurit\u00eb tona, me leximet tona, ne e dim\u00eb q\u00eb farsa, jo q\u00eb nuk zbutet, por shkon duke u thelluar.<\/p>\n<p>N\u00eb k\u00ebt\u00eb fars\u00eb Edi Rama fitoi 52, n\u00eb tjetr\u00ebn do t\u00eb fitoj\u00eb 63. Nuk do jap\u00eb m\u00eb 100 euro, do jap\u00eb 200 euro. Ne nuk kemi \u00e7\u2019t\u2019i b\u00ebjm\u00eb. Kur po hyjm\u00eb n\u00eb zgjedhje, s\u2019kemi \u00e7\u2019t\u2019i b\u00ebjm\u00eb.<\/p>\n<p>Por ne duhet t\u00eb betohemi, duhet t\u00eb zotohemi, t\u00eb b\u00ebjm\u00eb at\u00eb q\u00eb b\u00ebn\u00eb 35 vite m\u00eb par\u00eb, djemt\u00eb, vajzat, grat\u00eb, burrat, guximtar\u00ebt e Elbasanit, u p\u00ebrlesh\u00ebn dh\u00ebmb p\u00ebr dh\u00ebmb me diktatur\u00ebn.<\/p>\n<p>\u00c7far\u00eb na sh\u00ebrben ne, do thoni ju, ky raport?<\/p>\n<p>Ka sh\u00ebrbimin m\u00eb t\u00eb madh. Sepse \u00e7do p\u00ebrpjekje e jona \u00ebsht\u00eb e ligjshme. Sepse \u00e7do z\u00eb i yn\u00eb \u00ebsht\u00eb i fuqish\u00ebm. Sepse \u00e7do gj\u00eb q\u00eb t\u00eb b\u00ebjm\u00eb p\u00ebr vot\u00ebn e lir\u00eb, do d\u00ebgjohemi n\u00eb gjith\u00eb bot\u00ebn.<\/p>\n<p>Mos harroni nj\u00eb gj\u00eb. Dy vite m\u00eb par\u00eb na izoluan n\u00eb thell\u00ebsit\u00eb m\u00eb t\u00eb m\u00ebdha.<\/p>\n<p>Nga tetori i vitit 2024 gjer n\u00eb 5 dhjetor t\u00eb 2025, n\u00eb 14 muaj, jan\u00eb 7 rezoluta bot\u00ebrore t\u00eb cilat sanksionojn\u00eb nj\u00eb p\u00ebr nj\u00eb t\u00eb gjitha k\u00ebto q\u00eb ne themi k\u00ebtu.<\/p>\n<p>A duhet t\u00eb them me k\u00ebt\u00eb un\u00eb se, ne nuk duhet t\u00eb analizojm\u00eb veten ton\u00eb?<\/p>\n<p>Jo, absolutisht. Jo. P\u00ebrkundrazi, ne duhet t\u00eb analizojm\u00eb, ne duhet t\u00eb jemi krenar\u00eb me ato q\u00eb arrit\u00ebm, por duhet t\u00eb analizojm\u00eb gjer n\u00eb nji problemet q\u00eb pat\u00ebm gjat\u00eb k\u00ebtyre zgjedhjeve.<\/p>\n<p>Jo se ne do fitonim zgjedhjet. N\u00eb kushte t\u00eb partis\u00eb-shtet, zgjedhjet nuk fitohen. Askush nuk duhet t\u00eb jet\u00eb naiv. Sepse me 2 miliard\u00eb euro, rr\u00ebzon nj\u00eb mal. Sepse me 100 euro p\u00ebr 60% t\u00eb zgjedh\u00ebsve, nuk kap\u00ebrcehen.<\/p>\n<p>Dhe \u00e7do p\u00ebrpjekje e jona n\u00eb k\u00ebt\u00eb drejtim do t\u00eb jet\u00eb vet\u00ebshkat\u00ebrruese p\u00ebr ne. Do t\u00eb jet\u00eb vet\u00ebshkat\u00ebrrim. P\u00ebrpjekja jon\u00eb duhet t\u00eb jet\u00eb nj\u00eb dhe vet\u00ebm nj\u00eb, T\u2019i p\u00ebrvishemi dh\u00ebmb p\u00ebr dh\u00ebmb Edi Ram\u00ebs. Revolt\u00eb, revolt\u00eb, revolt\u00eb deri n\u00eb fitore.<\/p>\n<\/div>\n","protected":false},"excerpt":{"rendered":"<p>Kryetari i PD, Sali Berisha, gjat\u00eb fjal\u00ebs n\u00eb Foltoren n\u00eb Elbasan b\u00ebri thirrje p\u00ebr revolt\u00eb kund\u00ebr Edi Ram\u00ebs dhe qeveris\u00eb. Siaps tij, situata aktuale \u00ebsht\u00eb nj\u00eb nga momentet m\u00eb kritike t\u00eb historis\u00eb s\u00eb vendit. N\u00eb fjal\u00ebn e tij, Berisha akuzoi qeverin\u00eb e Edi Ram\u00ebs p\u00ebr thellim t\u00eb \u2018fars\u00ebs zgjedhore\u2019 dhe theksoi se opozita duhet t\u00eb &hellip;<\/p>\n","protected":false},"author":4,"featured_media":130947,"comment_status":"closed","ping_status":"closed","sticky":false,"template":"","format":"standard","meta":{"footnotes":""},"categories":[37],"tags":[],"class_list":["post-130950","post","type-post","status-publish","format-standard","has-post-thumbnail","","category-politike"],"_links":{"self":[{"href":"https:\/\/rdnews.al\/index.php\/wp-json\/wp\/v2\/posts\/130950","targetHints":{"allow":["GET"]}}],"collection":[{"href":"https:\/\/rdnews.al\/index.php\/wp-json\/wp\/v2\/posts"}],"about":[{"href":"https:\/\/rdnews.al\/index.php\/wp-json\/wp\/v2\/types\/post"}],"author":[{"embeddable":true,"href":"https:\/\/rdnews.al\/index.php\/wp-json\/wp\/v2\/users\/4"}],"replies":[{"embeddable":true,"href":"https:\/\/rdnews.al\/index.php\/wp-json\/wp\/v2\/comments?post=130950"}],"version-history":[{"count":1,"href":"https:\/\/rdnews.al\/index.php\/wp-json\/wp\/v2\/posts\/130950\/revisions"}],"predecessor-version":[{"id":130951,"href":"https:\/\/rdnews.al\/index.php\/wp-json\/wp\/v2\/posts\/130950\/revisions\/130951"}],"wp:featuredmedia":[{"embeddable":true,"href":"https:\/\/rdnews.al\/index.php\/wp-json\/wp\/v2\/media\/130947"}],"wp:attachment":[{"href":"https:\/\/rdnews.al\/index.php\/wp-json\/wp\/v2\/media?parent=130950"}],"wp:term":[{"taxonomy":"category","embeddable":true,"href":"https:\/\/rdnews.al\/index.php\/wp-json\/wp\/v2\/categories?post=130950"},{"taxonomy":"post_tag","embeddable":true,"href":"https:\/\/rdnews.al\/index.php\/wp-json\/wp\/v2\/tags?post=130950"}],"curies":[{"name":"wp","href":"https:\/\/api.w.org\/{rel}","templated":true}]}}