{"id":130952,"date":"2025-12-12T18:09:43","date_gmt":"2025-12-12T18:09:43","guid":{"rendered":"https:\/\/rdnews.al\/?p=130952"},"modified":"2025-12-12T18:09:43","modified_gmt":"2025-12-12T18:09:43","slug":"berisha-ligji-per-gjinine-eshte-stalinist-revolta-te-fuqishme-gjer-ne-permbysjen-e-regjimit","status":"publish","type":"post","link":"https:\/\/rdnews.al\/index.php\/2025\/12\/12\/berisha-ligji-per-gjinine-eshte-stalinist-revolta-te-fuqishme-gjer-ne-permbysjen-e-regjimit\/","title":{"rendered":"Berisha: Ligji p\u00ebr &#8220;Gjinin\u00eb&#8221; \u00ebsht\u00eb stalinist! Revolta t\u00eb fuqishme gjer n\u00eb p\u00ebrmbysjen e regjimit!"},"content":{"rendered":"<p>Kryetari i PD, Sali Berisha gjat\u00eb takimit n\u00eb Elbasan, tha se, ligji p\u00ebr \u2018Gjinin\u00eb\u2019 \u00ebsht\u00eb stalinist. Revolta t\u00eb fuqishme gjer n\u00eb p\u00ebrmbysjen e regjimit!<\/p>\n<p>Berisha b\u00ebri thirrje p\u00ebr mobilizim t\u00eb p\u00ebrgjithsh\u00ebm qytetar dhe p\u00ebrgatitje p\u00ebr \u2018revoltat m\u00eb t\u00eb fuqishme\u2019 deri n\u00eb p\u00ebrmbysjen e regjimit aktual. Ai theksoi se pavar\u00ebsisht lodhjes, zhg\u00ebnjimit apo presioneve, ekziston nj\u00eb mas\u00eb e gjer\u00eb idealist\u00ebsh q\u00eb, sipas tij, do t\u00eb udh\u00ebheqin betej\u00ebn p\u00ebr liri dhe dinjitet.<\/p>\n<p><strong>Berisha: <\/strong>Tani fush\u00ebn e kemi t\u00eb hapur. Tani \u00ebsht\u00eb radha jon\u00eb.<\/p>\n<p>Tani \u00ebsht\u00eb radha jon\u00eb dhe nuk e humbasim kurr\u00eb k\u00ebt\u00eb radh\u00eb.<\/p>\n<p>Nuk \u00ebsht\u00eb puna k\u00ebtu as p\u00ebr pushtetin e k\u00ebtij apo t\u00eb atij. Por \u00ebsht\u00eb puna p\u00ebr ekzistenc\u00ebn e k\u00ebtij kombi.<\/p>\n<p>N\u00eb t\u00ebr\u00eb historin\u00eb e tij nuk ka ndodhur kurr\u00eb q\u00eb n\u00eb 10 vite t\u00eb ket\u00eb humbur 45% t\u00eb popullat\u00ebs. Nuk ka ndodhur kurr\u00eb q\u00eb n\u00eb 10 vite t\u00eb ecim mbrapa 100 vite.<\/p>\n<p>Sot ne kemi at\u00eb tregues lindshm\u00ebrie q\u00eb kishim 100 vite m\u00eb par\u00eb.<\/p>\n<p>Nga viti 2018, kemi vdekjet shum\u00eb m\u00eb t\u00eb larta se lindjet. Dhe n\u00eb qoft\u00eb se ecim n\u00eb k\u00ebt\u00eb m\u00ebnyr\u00eb, k\u00ebt\u00eb q\u00eb p\u00ebsuam p\u00ebr 10 vite, ju garantoj q\u00eb pas 50 vitesh, ky vend s&#8217;do t\u00eb jet\u00eb m\u00eb i shqiptar\u00ebve. Se \u00e7far\u00eb do ket\u00eb k\u00ebtu, ne e kemi t\u00eb v\u00ebshtir\u00eb ta marrim me mend, por shqiptar\u00eb k\u00ebtu do mbeten ekzotik\u00eb, sporadik\u00eb.<\/p>\n<p>Pra, k\u00ebtu kemi t\u00eb b\u00ebjm\u00eb me nj\u00eb betej\u00eb p\u00ebr ekzistenc\u00ebn e kombit.<\/p>\n<p>Kemi t\u00eb b\u00ebjm\u00eb me nj\u00eb betej\u00eb p\u00ebr shp\u00ebtimin e familjes. Miqt\u00eb e mi, ligji i ri \u00ebsht\u00eb ligji jo vet\u00ebm i shkonfigurimit t\u00eb gjinis\u00eb njer\u00ebzore, por \u00ebsht\u00eb ligji i ekstremizmit t\u00eb majt\u00eb, i ekstremit t\u00eb majt\u00eb. Prej shekujsh, nj\u00eb nga arritjet m\u00eb t\u00eb m\u00ebdha t\u00eb njeriut ka qen\u00eb prezumimi i pafaj\u00ebsis\u00eb.<\/p>\n<p>Dometh\u00ebn\u00eb, gjersa t\u00eb d\u00ebnohesh je i pafajsh\u00ebm. Ky ligj t\u00eb b\u00ebn fajsh\u00ebm sapo t\u00eb vjen dikush e t\u00eb thot\u00eb, m\u00eb diskriminove. Dhe duhet ti t\u00eb d\u00ebshmosh q\u00eb nuk e ke diskriminuar.<\/p>\n<p>\u00cbsht\u00eb ligji m\u00eb stalinist, m\u00eb ekstremist q\u00eb mund t\u00eb jet\u00eb. Dhe k\u00ebt\u00eb e votoi Edi Rama.<\/p>\n<p>\u00cbsht\u00eb ligji i censur\u00ebs.<\/p>\n<p>Sepse n\u00eb qoft\u00eb se, prindi i flet f\u00ebmij\u00ebs p\u00ebr gjinin\u00eb, si\u00e7 ia ka lind\u00eb Zoti.<\/p>\n<p>N\u00eb qoft\u00eb se prifti predikon p\u00ebr gjinin\u00eb sipas Bibl\u00ebs.<\/p>\n<p>N\u00eb qoft\u00eb se hoxha flet p\u00ebr gjinin\u00eb sipas Kuranit, d\u00ebnohet.<\/p>\n<p>D\u00ebnohet sepse ligji nuk i pranon ato, ligji i d\u00ebnon ato. Ky ligj q\u00eb u kalua para nj\u00eb muaji.<\/p>\n<p>Pra \u00ebsht\u00eb nj\u00eb betej\u00eb kjo ekzistenciale p\u00ebr ne.<\/p>\n<p>Ndaj dhe jam k\u00ebtu sot p\u00ebr t&#8217;u b\u00ebr\u00eb thirrje ju, p\u00ebr t&#8217;u b\u00ebr\u00eb thirrje qytetar\u00ebve t\u00eb k\u00ebtij qarku dhe mbar\u00eb shqiptar\u00ebve, q\u00eb t\u00eb p\u00ebrgatitemi p\u00ebr revoltat m\u00eb t\u00eb fuqishme q\u00eb ka njohur vendi.<\/p>\n<p>Midis nesh ka njer\u00ebz t\u00eb lodhur, e kuptojm\u00eb. Ka njer\u00ebz t\u00eb m\u00ebrzitur, e kuptojm\u00eb. Ka njer\u00ebz t\u00eb zhg\u00ebnjyer, kjo \u00ebsht\u00eb e v\u00ebrtet\u00eb. Ka njer\u00ebz t\u00eb pak\u00ebnaqur, kjo \u00ebsht\u00eb e v\u00ebrtet\u00eb. Ka njer\u00ebz q\u00eb kan\u00eb kontrata me qeverin\u00eb, kjo \u00ebsht\u00eb e v\u00ebrtet\u00eb. Ka njer\u00ebz q\u00eb kan\u00eb favore nga qeveria, kjo \u00ebsht\u00eb e v\u00ebrtet\u00eb.<\/p>\n<p>Prap\u00eb jam shum\u00eb optimist, se p\u00ebrs\u00ebri kam bindjen m\u00eb t\u00eb thell\u00eb se, ka mij\u00ebra e mij\u00ebra idealist\u00eb, t\u00eb cil\u00ebt idealin e liris\u00eb dhe dinjitetit njer\u00ebzor, t\u00eb familjes dhe t\u00eb Shqip\u00ebris\u00eb, t\u00eb kombit shqiptar, e kan\u00eb m\u00eb epror se \u00e7do gj\u00eb tjet\u00ebr.<\/p>\n<p>Ndaj dhe ne do t\u00eb nisim nj\u00eb betej\u00eb, n\u00eb t\u00eb cil\u00ebn nuk ndalemi m\u00eb gjer\u00eb n\u00eb fitoren, gjer\u00eb n\u00eb p\u00ebrmbysjen e k\u00ebtij regjimi dhe fitoren e merituar t\u00eb Partis\u00eb Demokratike.<\/p>\n<p>Faleminderit!<\/p>\n","protected":false},"excerpt":{"rendered":"<p>Kryetari i PD, Sali Berisha gjat\u00eb takimit n\u00eb Elbasan, tha se, ligji p\u00ebr \u2018Gjinin\u00eb\u2019 \u00ebsht\u00eb stalinist. Revolta t\u00eb fuqishme gjer n\u00eb p\u00ebrmbysjen e regjimit! Berisha b\u00ebri thirrje p\u00ebr mobilizim t\u00eb p\u00ebrgjithsh\u00ebm qytetar dhe p\u00ebrgatitje p\u00ebr \u2018revoltat m\u00eb t\u00eb fuqishme\u2019 deri n\u00eb p\u00ebrmbysjen e regjimit aktual. Ai theksoi se pavar\u00ebsisht lodhjes, zhg\u00ebnjimit apo presioneve, ekziston nj\u00eb &hellip;<\/p>\n","protected":false},"author":4,"featured_media":130953,"comment_status":"closed","ping_status":"closed","sticky":false,"template":"","format":"standard","meta":{"footnotes":""},"categories":[37],"tags":[],"class_list":["post-130952","post","type-post","status-publish","format-standard","has-post-thumbnail","","category-politike"],"_links":{"self":[{"href":"https:\/\/rdnews.al\/index.php\/wp-json\/wp\/v2\/posts\/130952","targetHints":{"allow":["GET"]}}],"collection":[{"href":"https:\/\/rdnews.al\/index.php\/wp-json\/wp\/v2\/posts"}],"about":[{"href":"https:\/\/rdnews.al\/index.php\/wp-json\/wp\/v2\/types\/post"}],"author":[{"embeddable":true,"href":"https:\/\/rdnews.al\/index.php\/wp-json\/wp\/v2\/users\/4"}],"replies":[{"embeddable":true,"href":"https:\/\/rdnews.al\/index.php\/wp-json\/wp\/v2\/comments?post=130952"}],"version-history":[{"count":1,"href":"https:\/\/rdnews.al\/index.php\/wp-json\/wp\/v2\/posts\/130952\/revisions"}],"predecessor-version":[{"id":130954,"href":"https:\/\/rdnews.al\/index.php\/wp-json\/wp\/v2\/posts\/130952\/revisions\/130954"}],"wp:featuredmedia":[{"embeddable":true,"href":"https:\/\/rdnews.al\/index.php\/wp-json\/wp\/v2\/media\/130953"}],"wp:attachment":[{"href":"https:\/\/rdnews.al\/index.php\/wp-json\/wp\/v2\/media?parent=130952"}],"wp:term":[{"taxonomy":"category","embeddable":true,"href":"https:\/\/rdnews.al\/index.php\/wp-json\/wp\/v2\/categories?post=130952"},{"taxonomy":"post_tag","embeddable":true,"href":"https:\/\/rdnews.al\/index.php\/wp-json\/wp\/v2\/tags?post=130952"}],"curies":[{"name":"wp","href":"https:\/\/api.w.org\/{rel}","templated":true}]}}