{"id":130963,"date":"2025-12-12T18:25:43","date_gmt":"2025-12-12T18:25:43","guid":{"rendered":"https:\/\/rdnews.al\/?p=130963"},"modified":"2025-12-12T18:25:43","modified_gmt":"2025-12-12T18:25:43","slug":"kater-atentate-ne-elbasan-denoncimi-i-qytetarit-na-helmuan-shkaterruan-qytetin","status":"publish","type":"post","link":"https:\/\/rdnews.al\/index.php\/2025\/12\/12\/kater-atentate-ne-elbasan-denoncimi-i-qytetarit-na-helmuan-shkaterruan-qytetin\/","title":{"rendered":"Kat\u00ebr atentate n\u00eb Elbasan, denoncimi i qytetarit: Na helmuan, shkat\u00ebrruan qytetin!"},"content":{"rendered":"<p>Gjat\u00eb diskutimeve n\u00eb foltoren e mbajtur n\u00eb Elbasan, nj\u00eb qytetar denoncoi se ka qen\u00eb viktim\u00eb e kat\u00ebr atentateve dhe ka kaluar tre operacione n\u00eb stomak n\u00eb Rom\u00eb. Ai u shpreh p\u00ebr \u201ckafen e krimit\u201d n\u00eb Elbasan, ku sipas tij jan\u00eb helmuar disa persona, p\u00ebrfshir\u00eb edhe vet\u00eb at\u00eb.<\/p>\n<p>Qytetari akuzoi drejtues politik\u00eb p\u00ebr shkat\u00ebrrimin e qytetit dhe t\u00eb universiteteve, nd\u00ebrsa theksoi vler\u00ebsimin e tij p\u00ebr doktor Berish\u00ebn dhe q\u00ebndrueshm\u00ebrin\u00eb e tij gjat\u00eb vitit.<\/p>\n<p>\u201cM\u00eb kan\u00eb b\u00ebr\u00eb kat\u00ebr atentate, doktor. Kam b\u00ebr\u00eb tre operacione n\u00eb stomak n\u00eb Rom\u00eb. Kemi nj\u00eb kafe t\u00eb krimit n\u00eb Elbasan. Kafja e krimit. Se kush jan\u00eb? Kafja e krimit, mbi t\u00eb cil\u00ebn jan\u00eb helmuar disa vet\u00eb. Edhe mua aty m\u00eb helmoi. Ai, vulhumburi q\u00eb shkat\u00ebrroi qytetin e Elbasanit. Nj\u00ebri shkat\u00ebrroi qytetin, tjetri universitetin.<\/p>\n<p>Ishte i 125-vjetori i lindjes s\u00eb babait tim. Studioi gjasht\u00eb vjet n\u00eb Austri. La Austrin\u00eb dhe p\u00ebr 15 vjet e b\u00ebri shtet Shqip\u00ebrin\u00eb. Shkolla ushtrimore, nga e cila jan\u00eb nxjerr\u00eb me qindra normalist\u00eb, nuk p\u00ebrmendet fare. Nuk p\u00ebrmendet fare. Po pse e dua un\u00eb doktor Berish\u00ebn? Pse ma b\u00ebni bab\u00ebn m\u00ebsues t\u00eb kombit? Pa e njohur. I kam q\u00ebndruar af\u00ebr, e njoh me v\u00ebmendje. T\u00eb gjitha analizat q\u00eb b\u00ebhen. Dhe e di kush \u00ebsht\u00eb e mira, kush \u00ebsht\u00eb e keqja. Q\u00ebndresa q\u00eb ka b\u00ebr\u00eb doktor Berisha gjat\u00eb k\u00ebtij viti \u00ebsht\u00eb nj\u00eb q\u00ebndres\u00eb fisnik\u00ebrie, e krahasuar me at\u00eb t\u00eb Trumpit\u201d,\u00a0u shpreh qytetari<\/p>\n","protected":false},"excerpt":{"rendered":"<p>Gjat\u00eb diskutimeve n\u00eb foltoren e mbajtur n\u00eb Elbasan, nj\u00eb qytetar denoncoi se ka qen\u00eb viktim\u00eb e kat\u00ebr atentateve dhe ka kaluar tre operacione n\u00eb stomak n\u00eb Rom\u00eb. Ai u shpreh p\u00ebr \u201ckafen e krimit\u201d n\u00eb Elbasan, ku sipas tij jan\u00eb helmuar disa persona, p\u00ebrfshir\u00eb edhe vet\u00eb at\u00eb. Qytetari akuzoi drejtues politik\u00eb p\u00ebr shkat\u00ebrrimin e qytetit &hellip;<\/p>\n","protected":false},"author":4,"featured_media":130964,"comment_status":"closed","ping_status":"closed","sticky":false,"template":"","format":"standard","meta":{"footnotes":""},"categories":[37],"tags":[],"class_list":["post-130963","post","type-post","status-publish","format-standard","has-post-thumbnail","","category-politike"],"_links":{"self":[{"href":"https:\/\/rdnews.al\/index.php\/wp-json\/wp\/v2\/posts\/130963","targetHints":{"allow":["GET"]}}],"collection":[{"href":"https:\/\/rdnews.al\/index.php\/wp-json\/wp\/v2\/posts"}],"about":[{"href":"https:\/\/rdnews.al\/index.php\/wp-json\/wp\/v2\/types\/post"}],"author":[{"embeddable":true,"href":"https:\/\/rdnews.al\/index.php\/wp-json\/wp\/v2\/users\/4"}],"replies":[{"embeddable":true,"href":"https:\/\/rdnews.al\/index.php\/wp-json\/wp\/v2\/comments?post=130963"}],"version-history":[{"count":1,"href":"https:\/\/rdnews.al\/index.php\/wp-json\/wp\/v2\/posts\/130963\/revisions"}],"predecessor-version":[{"id":130965,"href":"https:\/\/rdnews.al\/index.php\/wp-json\/wp\/v2\/posts\/130963\/revisions\/130965"}],"wp:featuredmedia":[{"embeddable":true,"href":"https:\/\/rdnews.al\/index.php\/wp-json\/wp\/v2\/media\/130964"}],"wp:attachment":[{"href":"https:\/\/rdnews.al\/index.php\/wp-json\/wp\/v2\/media?parent=130963"}],"wp:term":[{"taxonomy":"category","embeddable":true,"href":"https:\/\/rdnews.al\/index.php\/wp-json\/wp\/v2\/categories?post=130963"},{"taxonomy":"post_tag","embeddable":true,"href":"https:\/\/rdnews.al\/index.php\/wp-json\/wp\/v2\/tags?post=130963"}],"curies":[{"name":"wp","href":"https:\/\/api.w.org\/{rel}","templated":true}]}}