{"id":130966,"date":"2025-12-12T19:02:44","date_gmt":"2025-12-12T19:02:44","guid":{"rendered":"https:\/\/rdnews.al\/?p=130966"},"modified":"2025-12-12T19:42:48","modified_gmt":"2025-12-12T19:42:48","slug":"reagon-deputetja-e-pd-ndjese-te-siqerte-cdo-demokrati-per-firmen-ndaj-shabanit","status":"publish","type":"post","link":"https:\/\/rdnews.al\/index.php\/2025\/12\/12\/reagon-deputetja-e-pd-ndjese-te-siqerte-cdo-demokrati-per-firmen-ndaj-shabanit\/","title":{"rendered":"Reagon deputetja e PD\/ Ndjes\u00eb t\u00eb siqert\u00eb \u00e7do demokrati p\u00ebr firm\u00ebn ndaj Shabanit"},"content":{"rendered":"<p><strong>Elda HOTI<\/strong><\/p>\n<p>Ndjes\u00eb t\u00eb sinqert\u00eb demokrat\u00ebve, opozitar\u00ebve dhe mb\u00ebshtet\u00ebsve tan\u00eb p\u00ebr nj\u00eb firm\u00eb t\u00eb dh\u00ebn\u00eb vet\u00ebm p\u00ebr t\u2019u d\u00ebgjuar n\u00eb seanc\u00eb d\u00ebgjimore n\u00eb Komisionin e Ligjeve nj\u00eb firm\u00eb q\u00eb m\u00eb pas u keqp\u00ebrdor nga Edi Rama dhe Taulant Balla p\u00ebr t\u00eb miratuar kandidatur\u00ebn ilegjitime t\u00eb Endri Shabanit.<\/p>\n<p>Pavar\u00ebsisht faktit q\u00eb firmat jan\u00eb t\u00ebrhequr zyrtarisht, Edi Rama zgjodhi Avokatin e Popullit n\u00eb kund\u00ebrshtim me Kushtetut\u00ebn dhe me \u00e7do standard demokratik.<\/p>\n<p>Megjithat\u00eb, nuk dua t\u00eb shmang p\u00ebrgjegj\u00ebsin\u00eb.<br \/>\nKy mbetet nj\u00eb gabim, p\u00ebr t\u00eb cilin k\u00ebrkoj nj\u00eb ndjes\u00eb t\u00eb sinqert\u00eb \u00e7do demokrati dhe \u00e7do qytetari shqiptar.<\/p>\n","protected":false},"excerpt":{"rendered":"<p>Elda HOTI Ndjes\u00eb t\u00eb sinqert\u00eb demokrat\u00ebve, opozitar\u00ebve dhe mb\u00ebshtet\u00ebsve tan\u00eb p\u00ebr nj\u00eb firm\u00eb t\u00eb dh\u00ebn\u00eb vet\u00ebm p\u00ebr t\u2019u d\u00ebgjuar n\u00eb seanc\u00eb d\u00ebgjimore n\u00eb Komisionin e Ligjeve nj\u00eb firm\u00eb q\u00eb m\u00eb pas u keqp\u00ebrdor nga Edi Rama dhe Taulant Balla p\u00ebr t\u00eb miratuar kandidatur\u00ebn ilegjitime t\u00eb Endri Shabanit. Pavar\u00ebsisht faktit q\u00eb firmat jan\u00eb t\u00ebrhequr zyrtarisht, Edi &hellip;<\/p>\n","protected":false},"author":3,"featured_media":130967,"comment_status":"closed","ping_status":"closed","sticky":false,"template":"","format":"standard","meta":{"footnotes":""},"categories":[37],"tags":[],"class_list":["post-130966","post","type-post","status-publish","format-standard","has-post-thumbnail","","category-politike"],"_links":{"self":[{"href":"https:\/\/rdnews.al\/index.php\/wp-json\/wp\/v2\/posts\/130966","targetHints":{"allow":["GET"]}}],"collection":[{"href":"https:\/\/rdnews.al\/index.php\/wp-json\/wp\/v2\/posts"}],"about":[{"href":"https:\/\/rdnews.al\/index.php\/wp-json\/wp\/v2\/types\/post"}],"author":[{"embeddable":true,"href":"https:\/\/rdnews.al\/index.php\/wp-json\/wp\/v2\/users\/3"}],"replies":[{"embeddable":true,"href":"https:\/\/rdnews.al\/index.php\/wp-json\/wp\/v2\/comments?post=130966"}],"version-history":[{"count":2,"href":"https:\/\/rdnews.al\/index.php\/wp-json\/wp\/v2\/posts\/130966\/revisions"}],"predecessor-version":[{"id":130975,"href":"https:\/\/rdnews.al\/index.php\/wp-json\/wp\/v2\/posts\/130966\/revisions\/130975"}],"wp:featuredmedia":[{"embeddable":true,"href":"https:\/\/rdnews.al\/index.php\/wp-json\/wp\/v2\/media\/130967"}],"wp:attachment":[{"href":"https:\/\/rdnews.al\/index.php\/wp-json\/wp\/v2\/media?parent=130966"}],"wp:term":[{"taxonomy":"category","embeddable":true,"href":"https:\/\/rdnews.al\/index.php\/wp-json\/wp\/v2\/categories?post=130966"},{"taxonomy":"post_tag","embeddable":true,"href":"https:\/\/rdnews.al\/index.php\/wp-json\/wp\/v2\/tags?post=130966"}],"curies":[{"name":"wp","href":"https:\/\/api.w.org\/{rel}","templated":true}]}}