{"id":130969,"date":"2025-12-12T19:04:18","date_gmt":"2025-12-12T19:04:18","guid":{"rendered":"https:\/\/rdnews.al\/?p=130969"},"modified":"2025-12-12T19:04:18","modified_gmt":"2025-12-12T19:04:18","slug":"firmat-per-shabanin-berisha-une-e-kuptoj-qe-jeni-merzitur-por-ju-kerkoj-ndjese-ju-dhe-gjithe-shqiptareve-per-ato","status":"publish","type":"post","link":"https:\/\/rdnews.al\/index.php\/2025\/12\/12\/firmat-per-shabanin-berisha-une-e-kuptoj-qe-jeni-merzitur-por-ju-kerkoj-ndjese-ju-dhe-gjithe-shqiptareve-per-ato\/","title":{"rendered":"Firmat p\u00ebr Shabanin\/ Berisha: Un\u00eb e kuptoj q\u00eb jeni m\u00ebrzitur, por ju k\u00ebrkoj ndjes\u00eb ju dhe gjith\u00eb shqiptar\u00ebve p\u00ebr ato"},"content":{"rendered":"<p>Kryetari i PD, Sali Berisha gjat\u00eb \u2018Foltores\u2019 n\u00eb Elbasan, ka k\u00ebrkuar ndjes\u00eb dhe komentoi zgjedhjen e Endri Shabanit nga Rama, duke p\u00ebrdorur firmat e deputet\u00ebve t\u00eb demokrat\u00eb, q\u00eb m\u00eb pas u t\u00ebrhoq\u00ebn, por q\u00eb mazhoranca nuk i njohu.<\/p>\n<p><strong>Berisha: <\/strong>Ne b\u00ebjm\u00eb dhe gabime.<\/p>\n<p>Gabim ishte shum\u00eb ajo q\u00eb ju pat\u00eb dhe un\u00eb e kuptoj q\u00eb ju jeni t\u00eb m\u00ebrzitur me k\u00ebt\u00eb, me k\u00ebto firmat ndaj Endri Shabanit, avokatit t\u00eb Edi Ram\u00ebs.<\/p>\n<p>Dhe u k\u00ebrkoj ndjes\u00eb un\u00eb juve dhe t\u00eb gjith\u00eb shqiptar\u00ebve p\u00ebr ato firma q\u00eb jan\u00eb v\u00ebn\u00eb, t\u00eb cilat n\u00eb t\u00eb v\u00ebrtet\u00eb u dhan\u00eb n\u00eb nj\u00eb periudh\u00eb q\u00eb u krijua nj\u00eb mb\u00ebshtetje p\u00ebr kandidatin e pavarur p\u00ebr Tiran\u00ebn, nga t\u00eb gjitha partit\u00eb politike.<\/p>\n<p>Por ato firma u t\u00ebrhoq\u00ebn, ta dini mir\u00eb. Megjith\u00ebse u t\u00ebrhoq\u00ebn me firm\u00eb. Secili q\u00eb firmosi, me firm\u00eb t\u00ebrhoqi firm\u00ebn.<\/p>\n<p>Natyrisht, Edi Rama n\u00eb m\u00ebnyr\u00ebn m\u00eb t\u00eb pa skrupull, e zgjodhi at\u00eb. E g\u00ebzoft\u00eb edhe Shabanin e tij. Ne do t&#8217;i p\u00ebrgjigjemi.<\/p>\n<p>Nes\u00ebr mblidhet kryesia dhe i komunikon t\u00eb gjitha vendimet.<\/p>\n<p>Por, mbi t\u00eb gjitha, kryesia do marr\u00eb vendimet p\u00ebr t&#8217;u angazhuar n\u00eb betej\u00ebn vendimtare, betej\u00ebn finale. Kjo \u00ebsht\u00eb beteja finale e demokrat\u00ebve.<\/p>\n","protected":false},"excerpt":{"rendered":"<p>Kryetari i PD, Sali Berisha gjat\u00eb \u2018Foltores\u2019 n\u00eb Elbasan, ka k\u00ebrkuar ndjes\u00eb dhe komentoi zgjedhjen e Endri Shabanit nga Rama, duke p\u00ebrdorur firmat e deputet\u00ebve t\u00eb demokrat\u00eb, q\u00eb m\u00eb pas u t\u00ebrhoq\u00ebn, por q\u00eb mazhoranca nuk i njohu. Berisha: Ne b\u00ebjm\u00eb dhe gabime. Gabim ishte shum\u00eb ajo q\u00eb ju pat\u00eb dhe un\u00eb e kuptoj q\u00eb &hellip;<\/p>\n","protected":false},"author":4,"featured_media":130970,"comment_status":"closed","ping_status":"closed","sticky":false,"template":"","format":"standard","meta":{"footnotes":""},"categories":[37],"tags":[],"class_list":["post-130969","post","type-post","status-publish","format-standard","has-post-thumbnail","","category-politike"],"_links":{"self":[{"href":"https:\/\/rdnews.al\/index.php\/wp-json\/wp\/v2\/posts\/130969","targetHints":{"allow":["GET"]}}],"collection":[{"href":"https:\/\/rdnews.al\/index.php\/wp-json\/wp\/v2\/posts"}],"about":[{"href":"https:\/\/rdnews.al\/index.php\/wp-json\/wp\/v2\/types\/post"}],"author":[{"embeddable":true,"href":"https:\/\/rdnews.al\/index.php\/wp-json\/wp\/v2\/users\/4"}],"replies":[{"embeddable":true,"href":"https:\/\/rdnews.al\/index.php\/wp-json\/wp\/v2\/comments?post=130969"}],"version-history":[{"count":1,"href":"https:\/\/rdnews.al\/index.php\/wp-json\/wp\/v2\/posts\/130969\/revisions"}],"predecessor-version":[{"id":130971,"href":"https:\/\/rdnews.al\/index.php\/wp-json\/wp\/v2\/posts\/130969\/revisions\/130971"}],"wp:featuredmedia":[{"embeddable":true,"href":"https:\/\/rdnews.al\/index.php\/wp-json\/wp\/v2\/media\/130970"}],"wp:attachment":[{"href":"https:\/\/rdnews.al\/index.php\/wp-json\/wp\/v2\/media?parent=130969"}],"wp:term":[{"taxonomy":"category","embeddable":true,"href":"https:\/\/rdnews.al\/index.php\/wp-json\/wp\/v2\/categories?post=130969"},{"taxonomy":"post_tag","embeddable":true,"href":"https:\/\/rdnews.al\/index.php\/wp-json\/wp\/v2\/tags?post=130969"}],"curies":[{"name":"wp","href":"https:\/\/api.w.org\/{rel}","templated":true}]}}