{"id":130988,"date":"2025-12-12T21:31:57","date_gmt":"2025-12-12T21:31:57","guid":{"rendered":"https:\/\/rdnews.al\/?p=130988"},"modified":"2025-12-12T21:31:57","modified_gmt":"2025-12-12T21:31:57","slug":"ndjese-publike","status":"publish","type":"post","link":"https:\/\/rdnews.al\/index.php\/2025\/12\/12\/ndjese-publike\/","title":{"rendered":"Ndjes\u00eb publike!"},"content":{"rendered":"<div class=\"xdj266r x14z9mp xat24cr x1lziwak x1vvkbs x126k92a\">\n<div dir=\"auto\"><\/div>\n<\/div>\n<div class=\"x14z9mp xat24cr x1lziwak x1vvkbs xtlvy1s x126k92a\">\n<div dir=\"auto\"><strong>Kleves BALLIU<\/strong><\/div>\n<div dir=\"auto\"><\/div>\n<div dir=\"auto\">Dua t\u2019u k\u00ebrkoj ndjes\u00eb publike t\u00eb gjith\u00eb demokrat\u00ebve p\u00ebr gabimin e b\u00ebr\u00eb lidhur me firmosjen e emrit t\u00eb nj\u00eb individi q\u00eb, n\u00eb asnj\u00eb rrethan\u00eb, nuk p\u00ebrfaq\u00ebson opozit\u00ebn.<\/div>\n<\/div>\n<div class=\"x14z9mp xat24cr x1lziwak x1vvkbs xtlvy1s x126k92a\">\n<div dir=\"auto\">Duke vepruar n\u00eb mir\u00ebbesim ndaj koleges q\u00eb ma prezantoi si aleat, pa kryer verifikimet e nevojshme mbi identitetin e tij, p\u00ebrfundova duke firmosur p\u00ebr nj\u00eb person q\u00eb jo vet\u00ebm nuk ka asnj\u00eb lidhje me Partin\u00eb Demokratike, por q\u00eb ka shpifur vazhdimisht ndaj meje dhe familjes sime, duke na akuzuar deri edhe si non grata n\u00eb Britanin\u00eb e Madhe. P\u00ebr m\u00eb tep\u00ebr, ai p\u00ebrfaq\u00ebson nj\u00eb linj\u00eb ekstreme t\u00eb majt\u00eb, t\u00eb lidhur me agjend\u00ebn Soros,nj\u00eb axhend\u00eb q\u00eb i ka sjell\u00eb dhe i sjell vet\u00ebm d\u00ebm, mjerim dhe thellim t\u00eb krizave n\u00eb Shqip\u00ebri.<\/div>\n<\/div>\n<div class=\"x14z9mp xat24cr x1lziwak x1vvkbs xtlvy1s x126k92a\">\n<div dir=\"auto\">Ky \u00ebsht\u00eb nj\u00eb gabim i r\u00ebnd\u00eb, p\u00ebr t\u00eb cilin mbaj p\u00ebrgjegj\u00ebsi t\u00eb plot\u00eb. Neglizhenca ime \u00ebsht\u00eb p\u00ebrgjegj\u00ebsia ime.<\/div>\n<\/div>\n<div class=\"x14z9mp xat24cr x1lziwak x1vvkbs xtlvy1s x126k92a\">\n<div dir=\"auto\">Asnj\u00eb sqarim nuk e justifikon. Ajo q\u00eb dua t\u2019ju them sot \u00ebsht\u00eb vet\u00ebm kjo: ndjes\u00eb, miq t\u00eb nderuar.<\/div>\n<\/div>\n<div class=\"x14z9mp xat24cr x1lziwak x1vvkbs xtlvy1s x126k92a\">\n<div dir=\"auto\">Dhe ju garantoj se do t\u00eb intensifikoj betej\u00ebn ndaj atyre q\u00eb kan\u00eb kapur dhe p\u00ebrdorur shtetin p\u00ebr interesa personale nga Edi Rama te Belinda Balluku, dhe \u00e7do zyrtar tjet\u00ebr q\u00eb ka abuzuar me pushtetin. Pavar\u00ebsisht sa t\u00eb fort\u00eb mendojn\u00eb se jan\u00eb, p\u00ebrgjegj\u00ebsia ligjore \u00ebsht\u00eb e pashmangshme. \u00c7do abuzim dhe \u00e7do qindark\u00eb e vjedhur do t\u2019u kthehet qytetar\u00ebve shqiptar\u00eb.<\/div>\n<\/div>\n","protected":false},"excerpt":{"rendered":"<p>Kleves BALLIU Dua t\u2019u k\u00ebrkoj ndjes\u00eb publike t\u00eb gjith\u00eb demokrat\u00ebve p\u00ebr gabimin e b\u00ebr\u00eb lidhur me firmosjen e emrit t\u00eb nj\u00eb individi q\u00eb, n\u00eb asnj\u00eb rrethan\u00eb, nuk p\u00ebrfaq\u00ebson opozit\u00ebn. Duke vepruar n\u00eb mir\u00ebbesim ndaj koleges q\u00eb ma prezantoi si aleat, pa kryer verifikimet e nevojshme mbi identitetin e tij, p\u00ebrfundova duke firmosur p\u00ebr nj\u00eb person &hellip;<\/p>\n","protected":false},"author":3,"featured_media":130989,"comment_status":"closed","ping_status":"closed","sticky":false,"template":"","format":"standard","meta":{"footnotes":""},"categories":[37],"tags":[],"class_list":["post-130988","post","type-post","status-publish","format-standard","has-post-thumbnail","","category-politike"],"_links":{"self":[{"href":"https:\/\/rdnews.al\/index.php\/wp-json\/wp\/v2\/posts\/130988","targetHints":{"allow":["GET"]}}],"collection":[{"href":"https:\/\/rdnews.al\/index.php\/wp-json\/wp\/v2\/posts"}],"about":[{"href":"https:\/\/rdnews.al\/index.php\/wp-json\/wp\/v2\/types\/post"}],"author":[{"embeddable":true,"href":"https:\/\/rdnews.al\/index.php\/wp-json\/wp\/v2\/users\/3"}],"replies":[{"embeddable":true,"href":"https:\/\/rdnews.al\/index.php\/wp-json\/wp\/v2\/comments?post=130988"}],"version-history":[{"count":1,"href":"https:\/\/rdnews.al\/index.php\/wp-json\/wp\/v2\/posts\/130988\/revisions"}],"predecessor-version":[{"id":130990,"href":"https:\/\/rdnews.al\/index.php\/wp-json\/wp\/v2\/posts\/130988\/revisions\/130990"}],"wp:featuredmedia":[{"embeddable":true,"href":"https:\/\/rdnews.al\/index.php\/wp-json\/wp\/v2\/media\/130989"}],"wp:attachment":[{"href":"https:\/\/rdnews.al\/index.php\/wp-json\/wp\/v2\/media?parent=130988"}],"wp:term":[{"taxonomy":"category","embeddable":true,"href":"https:\/\/rdnews.al\/index.php\/wp-json\/wp\/v2\/categories?post=130988"},{"taxonomy":"post_tag","embeddable":true,"href":"https:\/\/rdnews.al\/index.php\/wp-json\/wp\/v2\/tags?post=130988"}],"curies":[{"name":"wp","href":"https:\/\/api.w.org\/{rel}","templated":true}]}}