{"id":130993,"date":"2025-12-13T09:50:38","date_gmt":"2025-12-13T09:50:38","guid":{"rendered":"https:\/\/rdnews.al\/?p=130993"},"modified":"2025-12-13T09:50:38","modified_gmt":"2025-12-13T09:50:38","slug":"banoret-ne-levan-salillari-po-grabit-tokat-me-certifikata-false-po-na-varrosin-te-gjalle","status":"publish","type":"post","link":"https:\/\/rdnews.al\/index.php\/2025\/12\/13\/banoret-ne-levan-salillari-po-grabit-tokat-me-certifikata-false-po-na-varrosin-te-gjalle\/","title":{"rendered":"Banor\u00ebt n\u00eb Levan: Salillari po grabit tokat me certifikata false! Po na varrosin t\u00eb gjall\u00eb!"},"content":{"rendered":"<p>\u201cNa marrin tok\u00ebn ku kemi jetuar 30 vite. Si t\u00eb mbijetojm\u00eb tani?!\u201d- kjo \u00ebsht\u00eb ul\u00ebrima e 14 familjeve t\u00eb Shtyllasit, q\u00eb sot shohin t\u2019u merret para syve i vetmi mjet jetese: Toka e buk\u00ebs.<\/p>\n<p>Prej vitit 1997 ata kan\u00eb AMTP, kan\u00eb punuar arat vit p\u00ebr vit, kan\u00eb paguar taksa deri n\u00eb 2025, por sot tokat e tyre po shnd\u00ebrrohen n\u00eb park fotovoltaik nga Salillari, nj\u00eb kompani q\u00eb, sipas banor\u00ebve, \u201cka marr\u00eb certifikat\u00eb pron\u00ebsie brenda nj\u00eb viti, n\u00eb tok\u00ebn q\u00eb nuk e ka punuar kurr\u00eb\u201d.<\/p>\n<p>N\u00eb tokat ku mbillej grur\u00eb e jonxh\u00eb, sot hidhet \u00e7akull. \u201cVjen policia e m\u00eb thot\u00eb: s\u2019ke t\u00eb drejt\u00eb, kompania ka certifikat\u00eb. Po un\u00eb kam 30 vite q\u00eb paguaj taks\u00eb!\u201d thot\u00eb nj\u00eb fermer.<\/p>\n<p>T\u00eb tjer\u00eb tregojn\u00eb se certifikatat e premtuara nga shteti nuk u jan\u00eb dh\u00ebn\u00eb kurr\u00eb: \u201cKam paguar miliona lek\u00eb n\u00eb hipotek\u00eb. S\u2019na e nxjerrin. Nd\u00ebrsa Salillarit ia japin brenda vitit.\u201d<\/p>\n<p>Banor\u00ebt flasin p\u00ebr nj\u00eb skem\u00eb korrupsioni dhe mbivendosje t\u00eb pronave: \u201cJemi dy pronar\u00eb p\u00ebr t\u00eb nj\u00ebjt\u00ebn tok\u00eb. Na kan\u00eb nxjerr\u00eb tok\u00ebn prodhuese si tok\u00eb jo frut. Ky \u00ebsht\u00eb tjet\u00ebrsim.\u201d<\/p>\n<p>Ata k\u00ebrkojn\u00eb hetim urgjent nga SPAK-u: \u201cLe t\u00eb kontrollojn\u00eb certifikat\u00ebn e 2024-s. Si u nxor ky dokument nga kadastra kur ne jemi pronar\u00eb t\u00eb tokave me AMTP q\u00eb prej 1997\u2033?<\/p>\n<p>Fjal\u00ebt e trishta t\u00eb fermer\u00ebve b\u00ebjn\u00eb fajtor edhe qeverin\u00eb n\u00eb tjet\u00ebrsimin q\u00eb po u b\u00ebhet pronave t\u00eb tyre.<\/p>\n<p>\u201cPo na varrosin t\u00eb gjall\u00eb. Tani t\u00eb na marrin e t\u00eb na hedhin n\u00eb det si n\u00eb \u201897.\u201d \u201cKush e ka k\u00ebt\u00eb fuqi q\u00eb tok\u00ebn e buk\u00ebs e mbulon me panele?\u201d<\/p>\n<p>Fermer\u00ebt theksojn\u00eb se vet\u00eb kryeministri ka deklaruar se n\u00eb toka prodhuese nuk vendosen panele.<\/p>\n<p>Prandaj pyesin publikisht: \u201cN\u00ebse ligji e ndalon, kush po e lejon k\u00ebt\u00eb? Kush na ka fshir\u00eb nga harta?\u201d<\/p>\n<p>Komuniteti paralajm\u00ebron se nuk do t\u00eb t\u00ebrhiqet: \u201cPa drejt\u00ebsi nuk ka kthim prapa. N\u00ebse s\u2019na d\u00ebgjojn\u00eb, grev\u00eb urie te Kadastra.\u201d\/MCNTV<\/p>\n","protected":false},"excerpt":{"rendered":"<p>\u201cNa marrin tok\u00ebn ku kemi jetuar 30 vite. Si t\u00eb mbijetojm\u00eb tani?!\u201d- kjo \u00ebsht\u00eb ul\u00ebrima e 14 familjeve t\u00eb Shtyllasit, q\u00eb sot shohin t\u2019u merret para syve i vetmi mjet jetese: Toka e buk\u00ebs. Prej vitit 1997 ata kan\u00eb AMTP, kan\u00eb punuar arat vit p\u00ebr vit, kan\u00eb paguar taksa deri n\u00eb 2025, por sot tokat &hellip;<\/p>\n","protected":false},"author":4,"featured_media":130994,"comment_status":"closed","ping_status":"closed","sticky":false,"template":"","format":"standard","meta":{"footnotes":""},"categories":[37],"tags":[],"class_list":["post-130993","post","type-post","status-publish","format-standard","has-post-thumbnail","","category-politike"],"_links":{"self":[{"href":"https:\/\/rdnews.al\/index.php\/wp-json\/wp\/v2\/posts\/130993","targetHints":{"allow":["GET"]}}],"collection":[{"href":"https:\/\/rdnews.al\/index.php\/wp-json\/wp\/v2\/posts"}],"about":[{"href":"https:\/\/rdnews.al\/index.php\/wp-json\/wp\/v2\/types\/post"}],"author":[{"embeddable":true,"href":"https:\/\/rdnews.al\/index.php\/wp-json\/wp\/v2\/users\/4"}],"replies":[{"embeddable":true,"href":"https:\/\/rdnews.al\/index.php\/wp-json\/wp\/v2\/comments?post=130993"}],"version-history":[{"count":1,"href":"https:\/\/rdnews.al\/index.php\/wp-json\/wp\/v2\/posts\/130993\/revisions"}],"predecessor-version":[{"id":130995,"href":"https:\/\/rdnews.al\/index.php\/wp-json\/wp\/v2\/posts\/130993\/revisions\/130995"}],"wp:featuredmedia":[{"embeddable":true,"href":"https:\/\/rdnews.al\/index.php\/wp-json\/wp\/v2\/media\/130994"}],"wp:attachment":[{"href":"https:\/\/rdnews.al\/index.php\/wp-json\/wp\/v2\/media?parent=130993"}],"wp:term":[{"taxonomy":"category","embeddable":true,"href":"https:\/\/rdnews.al\/index.php\/wp-json\/wp\/v2\/categories?post=130993"},{"taxonomy":"post_tag","embeddable":true,"href":"https:\/\/rdnews.al\/index.php\/wp-json\/wp\/v2\/tags?post=130993"}],"curies":[{"name":"wp","href":"https:\/\/api.w.org\/{rel}","templated":true}]}}