{"id":130996,"date":"2025-12-13T09:55:40","date_gmt":"2025-12-13T09:55:40","guid":{"rendered":"https:\/\/rdnews.al\/?p=130996"},"modified":"2025-12-13T09:56:50","modified_gmt":"2025-12-13T09:56:50","slug":"lubonja-shqiptaret-presin-a-do-behet-drejtesi-apo-do-sundoje-banda-e-edi-rames","status":"publish","type":"post","link":"https:\/\/rdnews.al\/index.php\/2025\/12\/13\/lubonja-shqiptaret-presin-a-do-behet-drejtesi-apo-do-sundoje-banda-e-edi-rames\/","title":{"rendered":"Lubonja: Shqiptar\u00ebt presin a do b\u00ebhet drejt\u00ebsi, apo do sundoj\u00eb banda e Edi Ram\u00ebs!"},"content":{"rendered":"<p>Analisti Fatos Lubonja komentoi n\u00eb \u201cNews24\u201d rikthimin n\u00eb detyr\u00eb t\u00eb zv.kryeministres Belinda Balluku. Lubonja shprehet se Shqip\u00ebria ndodhet n\u00eb nj\u00eb autokraci dhe nuk funksionon ligji, por personat.<\/p>\n<p>M\u00eb tej, Lubonja shton se Gjykata Kushtetuese aktuale \u00ebsht\u00eb m\u00eb e dob\u00ebta q\u00eb kemi pasur, pasi ka mb\u00ebshtetur gjithnj\u00eb qeverin\u00eb n\u00eb t\u00eb gjith\u00eb shkeljet e Kushtetut\u00ebs, shqiptar\u00ebt presin a do b\u00ebhet drejt\u00ebsi, apo do sundoj\u00eb banda e Edi Ram\u00ebs.<\/p>\n<p><strong>Lubonja:<\/strong> Ky \u00ebsht\u00eb rasti n\u00eb demokraci jo n\u00eb autokraci. N\u00eb autokraci nuk \u00ebsht\u00eb ligji n\u00eb pushtet jan\u00eb personat. \u00cbsht\u00eb personi. \u00cbsht\u00eb nj\u00eb diferenc\u00eb shum\u00eb e madhe. prandaj nuk \u00ebsht\u00eb hera e par\u00eb q\u00eb GJK merr vendime skandaloze duke mb\u00ebshtetur qeverin\u00eb. \u00cbsht\u00eb m\u00eb e dob\u00ebta q\u00eb kemi pasur. Ajo e koh\u00ebs Berish\u00ebs i ka hedhur disa vendime kund\u00ebr. Nd\u00ebrsa kjo, vet\u00ebm 1 apo 2. E ka mb\u00ebshtetur n\u00eb t\u00eb gjith\u00eb shkeljet e kushtetut\u00ebs. K\u00ebtu \u00e7\u00ebshtja fillon e mbaron te pik\u00ebpyetja sa e pavarur \u00ebsht\u00eb drejt\u00ebsia jon\u00eb. A e mb\u00ebshtesin ambasador\u00ebt amerikan\u00eb, kush \u00ebsht\u00eb kund\u00ebr?<\/p>\n<p>Ky \u00ebsht\u00eb nj\u00eb mesazh i qart\u00eb, p\u00ebr mua, q\u00eb autokracia \u00ebsht\u00eb ende e fort\u00eb. Dhe un\u00eb nuk do \u00e7uditem n\u00eb thelbin e vet, i kam lexuar vendimet edhe formulimin, \u00ebsht\u00eb nj\u00eb gjuh\u00eb e drunjt\u00eb. Duhet t\u00eb ishte nj\u00eb gjuh\u00eb m\u00eb e qart\u00eb. Gjykoj se ajo q\u00eb presin njer\u00ebzit, ore a po b\u00ebhet drejt\u00ebsi apo do sundojn\u00eb banda e Edi Ram\u00ebs. Kjo \u00ebsht\u00eb \u00e7\u00ebshtja n\u00eb thelb fare.<\/p>\n<p>Nuk di t\u00eb them, sepse nuk i kam t\u00eb qart\u00eb k\u00ebto nd\u00ebrkomb\u00ebtar\u00ebt jan\u00eb prapa skene. Jan\u00eb prapasken\u00eb dhe ne interpretojm\u00eb gjith\u00e7ka. Kishte nj\u00eb mb\u00ebshtetje shum\u00eb t\u00eb fort\u00eb politike p\u00ebr Edi Ram\u00ebn dhe reforma n\u00eb drejt\u00ebsi u konsiderua hap p\u00ebrpara dhe i dhan\u00eb vlera Edi Ram\u00ebs. Un\u00eb gjykoj se ai entuziazmi q\u00eb kan\u00eb nj\u00eb pjes\u00eb se jan\u00eb amerikan\u00ebt prapa dhe i japin zem\u00ebr prokuroris\u00eb t\u00eb hetoj\u00eb kund\u00ebr krimit dhe politikan\u00ebve e v\u00eb n\u00eb pik\u00ebpyetje se nuk shoq\u00ebrohet me deklarime publike.<\/p>\n","protected":false},"excerpt":{"rendered":"<p>Analisti Fatos Lubonja komentoi n\u00eb \u201cNews24\u201d rikthimin n\u00eb detyr\u00eb t\u00eb zv.kryeministres Belinda Balluku. Lubonja shprehet se Shqip\u00ebria ndodhet n\u00eb nj\u00eb autokraci dhe nuk funksionon ligji, por personat. M\u00eb tej, Lubonja shton se Gjykata Kushtetuese aktuale \u00ebsht\u00eb m\u00eb e dob\u00ebta q\u00eb kemi pasur, pasi ka mb\u00ebshtetur gjithnj\u00eb qeverin\u00eb n\u00eb t\u00eb gjith\u00eb shkeljet e Kushtetut\u00ebs, shqiptar\u00ebt presin &hellip;<\/p>\n","protected":false},"author":4,"featured_media":70607,"comment_status":"closed","ping_status":"closed","sticky":false,"template":"","format":"standard","meta":{"footnotes":""},"categories":[37],"tags":[],"class_list":["post-130996","post","type-post","status-publish","format-standard","has-post-thumbnail","","category-politike"],"_links":{"self":[{"href":"https:\/\/rdnews.al\/index.php\/wp-json\/wp\/v2\/posts\/130996","targetHints":{"allow":["GET"]}}],"collection":[{"href":"https:\/\/rdnews.al\/index.php\/wp-json\/wp\/v2\/posts"}],"about":[{"href":"https:\/\/rdnews.al\/index.php\/wp-json\/wp\/v2\/types\/post"}],"author":[{"embeddable":true,"href":"https:\/\/rdnews.al\/index.php\/wp-json\/wp\/v2\/users\/4"}],"replies":[{"embeddable":true,"href":"https:\/\/rdnews.al\/index.php\/wp-json\/wp\/v2\/comments?post=130996"}],"version-history":[{"count":2,"href":"https:\/\/rdnews.al\/index.php\/wp-json\/wp\/v2\/posts\/130996\/revisions"}],"predecessor-version":[{"id":130998,"href":"https:\/\/rdnews.al\/index.php\/wp-json\/wp\/v2\/posts\/130996\/revisions\/130998"}],"wp:featuredmedia":[{"embeddable":true,"href":"https:\/\/rdnews.al\/index.php\/wp-json\/wp\/v2\/media\/70607"}],"wp:attachment":[{"href":"https:\/\/rdnews.al\/index.php\/wp-json\/wp\/v2\/media?parent=130996"}],"wp:term":[{"taxonomy":"category","embeddable":true,"href":"https:\/\/rdnews.al\/index.php\/wp-json\/wp\/v2\/categories?post=130996"},{"taxonomy":"post_tag","embeddable":true,"href":"https:\/\/rdnews.al\/index.php\/wp-json\/wp\/v2\/tags?post=130996"}],"curies":[{"name":"wp","href":"https:\/\/api.w.org\/{rel}","templated":true}]}}