{"id":131002,"date":"2025-12-13T11:06:35","date_gmt":"2025-12-13T11:06:35","guid":{"rendered":"https:\/\/rdnews.al\/?p=131002"},"modified":"2025-12-13T11:06:35","modified_gmt":"2025-12-13T11:06:35","slug":"bardhi-kushtetuesja-iu-nenshtrua-presionit-mafioz-te-rameskoha-mund-te-blihet-llogaridhenia-jo","status":"publish","type":"post","link":"https:\/\/rdnews.al\/index.php\/2025\/12\/13\/bardhi-kushtetuesja-iu-nenshtrua-presionit-mafioz-te-rameskoha-mund-te-blihet-llogaridhenia-jo\/","title":{"rendered":"Bardhi: Kushtetuesja iu n\u00ebnshtrua presionit mafioz t\u00eb Ram\u00ebs!Koha mund t\u00eb blihet! Llogaridh\u00ebnia jo!"},"content":{"rendered":"<p>Kreu i Grupit Parlamentar t\u00eb PD, Gazment Bardhi, ka reaguar p\u00ebrmes nj\u00eb statusi n\u00eb rrjetet sociale lidhur me vendimin e fundit t\u00eb Gjykat\u00ebs Kushtetuese p\u00ebr Belinda Ballukun, duke e cil\u00ebsuar at\u00eb si nj\u00eb akt politik dhe jo juridik.<\/p>\n<p>Bardhi shkruan se, vendimi i djesh\u00ebm nuk p\u00ebrb\u00ebn surpriz\u00eb dhe, sipas tij, \u00ebsht\u00eb marr\u00eb n\u00ebn presionin e Kryeministrit Edi Rama. Ai shprehet se opozita e kishte paralajm\u00ebruar prej dit\u00ebsh k\u00ebt\u00eb zhvillim, duke akuzuar shumic\u00ebn e an\u00ebtar\u00ebve t\u00eb Gjykat\u00ebs Kushtetuese se nuk kan\u00eb dh\u00ebn\u00eb asnj\u00eb argumentim ligjor p\u00ebr vendimin e tyre.<\/p>\n<p><strong>Reagimi i Bardhit<\/strong><\/p>\n<p>Koha mund t\u00eb blihet. Llogaridh\u00ebnia jo!<\/p>\n<p>Asnj\u00eb surpriz\u00eb nga vendimi i djesh\u00ebm i Gjykat\u00ebs Kushtetuese p\u00ebr t\u00eb pandehur\u00ebn Belinda Balluku. Nuk \u00ebsht\u00eb hera e par\u00eb q\u00eb Gjykata Kushtetuese i n\u00ebnshtrohet presionit mafioz t\u00eb Kryeministrit. Opozita e kishte paralajm\u00ebruar k\u00ebt\u00eb q\u00eb ndodhi prej dit\u00ebsh.<\/p>\n<p>Madje 5 an\u00ebtar\u00ebt n\u00eb shumic\u00eb kishin b\u00ebr\u00eb shum\u00eb mir\u00eb q\u00eb as nuk kishin marr\u00eb mundimin t\u00eb shkruanin qoft\u00eb dy fjali p\u00ebr t\u00eb argumentuar vendimin e tyre, sepse fundja ai vendim ska asnj\u00eb lidhje me to, me Kushtetut\u00ebn dhe me ligjin. Ai \u00ebsht\u00eb vet\u00ebm nj\u00eb akt politik i Edi Ram\u00ebs p\u00ebr t\u00eb penguar drejt\u00ebsin\u00eb dhe p\u00ebr t\u00eb mbrojtur veten e bashk\u00ebpun\u00ebtoren e tij, dhe p\u00ebr k\u00ebt\u00eb arsye nuk ka asnj\u00eb nevoj\u00eb t\u00eb justifikohet me sajesa juridike.<\/p>\n<p>Mir\u00ebpo, kush g\u00ebzon sot, do t\u00eb hidh\u00ebrohet m\u00eb shum\u00eb nes\u00ebr! Dhe, m\u00eb mir\u00eb se kushdo, k\u00ebt\u00eb e di Edi Rama \u2013 Kryeministri peng i t\u00eb pandehur\u00ebs s\u00eb vetme n\u00eb historin\u00eb e Bashkimit Europian q\u00eb as nuk jep dor\u00ebheqje, as nuk lejon ta shkarkojn\u00eb.<\/p>\n<p>P\u00ebr fat t\u00eb mir\u00eb, vendimi i djesh\u00ebm \u00ebsht\u00eb vet\u00ebm nj\u00eb akt i p\u00ebrkohsh\u00ebm, q\u00eb i jep pak koh\u00eb Edi Ram\u00ebs p\u00ebr t\u00eb mbrojtur aferat e tij korruptive dhe p\u00ebr t\u00eb fshir\u00eb lot\u00ebt e krokodilit p\u00ebrpara Belind\u00ebs.<\/p>\n<p>Vendimi nuk shuan p\u00ebrgjegj\u00ebsi, nuk mbyll \u00e7\u00ebshtje, nuk i rikthen 50 milion eurot e grabitura, dhe nuk garanton mbrojtje afatgjat\u00eb. As p\u00ebr Edi Ram\u00ebn, as p\u00ebr Belinda Ballukun. Aktet madhore korruptive nuk neutralizohen me manovra procedurale dhe as me vendime t\u00eb p\u00ebrkohshme t\u00eb marra n\u00ebn presion t\u00eb pashembullt ndaj Gjykat\u00ebs Kushtetuese.<\/p>\n<p>Fundi i k\u00ebsaj historie nuk ka p\u00ebr t\u00eb qen\u00eb triumfi i pand\u00ebshkueshm\u00ebris\u00eb dhe korrupsionit. Ka p\u00ebr t\u00eb qen\u00eb triumfi i t\u00eb v\u00ebrtet\u00ebs, drejt\u00ebsis\u00eb dhe interesit publik. Sepse koha mund t\u00eb blihet, por llogaridh\u00ebnia jo!<\/p>\n","protected":false},"excerpt":{"rendered":"<p>Kreu i Grupit Parlamentar t\u00eb PD, Gazment Bardhi, ka reaguar p\u00ebrmes nj\u00eb statusi n\u00eb rrjetet sociale lidhur me vendimin e fundit t\u00eb Gjykat\u00ebs Kushtetuese p\u00ebr Belinda Ballukun, duke e cil\u00ebsuar at\u00eb si nj\u00eb akt politik dhe jo juridik. Bardhi shkruan se, vendimi i djesh\u00ebm nuk p\u00ebrb\u00ebn surpriz\u00eb dhe, sipas tij, \u00ebsht\u00eb marr\u00eb n\u00ebn presionin e &hellip;<\/p>\n","protected":false},"author":4,"featured_media":131003,"comment_status":"closed","ping_status":"closed","sticky":false,"template":"","format":"standard","meta":{"footnotes":""},"categories":[37],"tags":[],"class_list":["post-131002","post","type-post","status-publish","format-standard","has-post-thumbnail","","category-politike"],"_links":{"self":[{"href":"https:\/\/rdnews.al\/index.php\/wp-json\/wp\/v2\/posts\/131002","targetHints":{"allow":["GET"]}}],"collection":[{"href":"https:\/\/rdnews.al\/index.php\/wp-json\/wp\/v2\/posts"}],"about":[{"href":"https:\/\/rdnews.al\/index.php\/wp-json\/wp\/v2\/types\/post"}],"author":[{"embeddable":true,"href":"https:\/\/rdnews.al\/index.php\/wp-json\/wp\/v2\/users\/4"}],"replies":[{"embeddable":true,"href":"https:\/\/rdnews.al\/index.php\/wp-json\/wp\/v2\/comments?post=131002"}],"version-history":[{"count":1,"href":"https:\/\/rdnews.al\/index.php\/wp-json\/wp\/v2\/posts\/131002\/revisions"}],"predecessor-version":[{"id":131004,"href":"https:\/\/rdnews.al\/index.php\/wp-json\/wp\/v2\/posts\/131002\/revisions\/131004"}],"wp:featuredmedia":[{"embeddable":true,"href":"https:\/\/rdnews.al\/index.php\/wp-json\/wp\/v2\/media\/131003"}],"wp:attachment":[{"href":"https:\/\/rdnews.al\/index.php\/wp-json\/wp\/v2\/media?parent=131002"}],"wp:term":[{"taxonomy":"category","embeddable":true,"href":"https:\/\/rdnews.al\/index.php\/wp-json\/wp\/v2\/categories?post=131002"},{"taxonomy":"post_tag","embeddable":true,"href":"https:\/\/rdnews.al\/index.php\/wp-json\/wp\/v2\/tags?post=131002"}],"curies":[{"name":"wp","href":"https:\/\/api.w.org\/{rel}","templated":true}]}}