{"id":131005,"date":"2025-12-13T11:49:20","date_gmt":"2025-12-13T11:49:20","guid":{"rendered":"https:\/\/rdnews.al\/?p=131005"},"modified":"2025-12-13T22:43:20","modified_gmt":"2025-12-13T22:43:20","slug":"nje-spak-you-zyrtare-edhe-prej-te-pandeshkueshmeve","status":"publish","type":"post","link":"https:\/\/rdnews.al\/index.php\/2025\/12\/13\/nje-spak-you-zyrtare-edhe-prej-te-pandeshkueshmeve\/","title":{"rendered":"Nj\u00eb &#8220;SPAK YOU&#8221; zyrtare, edhe prej &#8220;t\u00eb pand\u00ebshkueshm\u00ebve&#8221;&#8230;"},"content":{"rendered":"<p><strong>Nga Gent STRAZIMIRI<\/strong><\/p>\n<p>Hajdutja e pandehur zyrtarisht nga SPAK, Belinda Balluku, ka p\u00ebrsh\u00ebndetur me nj\u00eb &#8220;SPAK YOU&#8221; t\u00eb gjith\u00eb dashnor\u00ebt e &#8220;drejt\u00ebsis\u00eb s\u00eb re&#8221;.<\/p>\n<p>Ka p\u00ebrsh\u00ebndetur ve\u00e7an\u00ebrisht, madje n\u00eb nj\u00eb &#8220;perfect timing&#8221;, t\u00eb gjith\u00eb ata q\u00eb dje na shit\u00ebn me nj\u00eb show live se &#8220;si&#8221; dhe &#8220;sa&#8221; po funksionon &#8220;drejt\u00ebsia e re&#8221;.<\/p>\n<p>Ata q\u00eb dje, n\u00eb rokad\u00ebn p\u00ebr kreun e SPAK, fal\u00ebnderuan me elozhe &#8220;ik\u00ebsin&#8221; q\u00eb nuk guxoi ta arrestoj\u00eb dhe &#8220;hyr\u00ebsin&#8221; q\u00eb as ka nd\u00ebr mend ta prek\u00eb, si\u00e7 nuk preku &#8220;shefin&#8221;, e akuzuar publikisht nga paraardh\u00ebsi i Ballukut, p\u00ebr 17 VKM-t\u00eb e incenerator\u00ebve t\u00eb miratuara brenda dit\u00ebs (?!), pa u mbledhur qeveria (?!)&#8230;<\/p>\n<p>P\u00ebrsh\u00ebndeti me nj\u00eb &#8220;SPAK YOU&#8221;, edhe t\u00eb gjith\u00eb analist\u00ebt, politolog\u00ebt, gazetar\u00ebt, strategjist\u00ebt, kriminolog\u00ebt, dometh\u00ebn\u00eb t\u00eb gjith\u00eb &#8220;kooperativ\u00ebn televizive&#8221; dhe kooperativist\u00ebt p\u00ebrkat\u00ebs q\u00eb mbulojn\u00eb sektorin e &#8220;spakologjis\u00eb&#8221; n\u00eb p\u00ebrgjith\u00ebsi; dometh\u00ebn\u00eb, ata &#8220;q\u00eb din\u00eb se \u00e7&#8217;do ndodh\u00eb&#8221; e &#8220;p\u00ebr \u00e7far\u00eb po p\u00ebrgatitet SPAK&#8221; e, q\u00eb kan\u00eb besim t\u00eb patundur tek &#8220;drejt\u00ebsia e re&#8221;, &#8220;e pavarur&#8221; dhe, &#8220;e pastruar&#8221; nga vettingu q\u00eb b\u00ebri e motra e t\u00eb pandehur\u00ebs Belinda Balluku&#8230;(?!)<\/p>\n<p>Mir\u00ebpo \u00ebsht\u00eb nj\u00eb &#8220;SPAK YOU&#8221; kjo, q\u00eb Belinda Balluku nuk e ka b\u00ebr\u00eb vet\u00ebm!<\/p>\n<p>E ka b\u00ebr\u00eb p\u00ebrmes &#8220;palloshit t\u00eb gjat\u00eb&#8221;, i cili u p\u00ebrfshi jo se ajo \u00ebsht\u00eb z\u00ebvend\u00ebsi i dyt\u00eb q\u00eb ia kapin duke vjedhur;<\/p>\n<p>JO!<\/p>\n<p>As se Balluku \u00ebsht\u00eb i treti &#8220;num\u00ebr 2&#8221; apo ministrja e pest\u00eb i q\u00eb i kapin duke vjedhur, pastruar para apo duke trafikuar drog\u00eb;<\/p>\n<p>JO!<\/p>\n<p>&#8220;Palloshi i gjat\u00eb&#8221; i Belind\u00ebs u investua personalisht n\u00eb k\u00ebt\u00eb &#8220;SPAK YOU&#8221; sepse, ndryshe nga her\u00ebt e sip\u00ebrp\u00ebrmendura, \u00ebsht\u00eb vet\u00eb, personalisht i kapur s\u00ebbashku me t\u00eb pandehur\u00ebn e radh\u00ebs si hajdute, me prova e fakte sekrete e publike.<\/p>\n<p>Ironia q\u00ebndron n\u00eb faktin se heqja e mas\u00ebs s\u00eb pezullimit p\u00ebr Ballukun, nj\u00eb lloj &#8220;SPAK YOU&#8221; kushtetuese, nuk ka t\u00eb shar\u00eb as juridikisht, as politikisht e as logjikisht, pavar\u00ebsisht faktit se e k\u00ebrkoi dhe e shkroi vet\u00eb &#8220;palloshi i gjat\u00eb&#8221;.<\/p>\n<p>Drejt\u00ebsia, gjyq\u00ebsori, nd\u00ebrhyn q\u00eb \u00e7&#8217;ke me t\u00eb tek ekzekutivi, brutalisht, me ligj, me instrumenta t\u00eb p\u00ebrcaktuara madje ekstreme: I ve prangat!!!<\/p>\n<p>Mir\u00ebpo SPAK nuk ka dashur t\u00eb nd\u00ebrhyj\u00eb&#8230; p\u00ebrkundrazi!!!<\/p>\n<p>N\u00eb k\u00ebto kushte hajdutja e pandehur s\u00eb bashku me palloshin dhe Kushtetuesen po i thon\u00eb SPAK-ut dhe cilitdo q\u00eb e mb\u00ebshtet dhe b\u00ebn sikur nuk kupton:<br \/>\n*n\u00eb je ai q\u00eb thua, v\u00ebri hekurat, p\u00ebrndryshe &#8220;SPAK YOU&#8221;!!!!<\/p>\n<p>Dhe un\u00eb, n\u00eb respekt p\u00ebr veten time dhe logjik\u00ebn bazike njer\u00ebzore, nuk mundem ve\u00e7se t\u00eb jem dakord&#8230; [\ud83e\udd37\u200d\u2642\ufe0f]\n<p>Nuk mund t\u00eb prek\u00ebsh &#8220;t\u00eb pand\u00ebshkueshmit&#8221; dhe nj\u00ebkoh\u00ebsisht t\u00eb mos shkaktosh t\u00ebrmet politik&#8230;(?!) [\ud83e\udd37\u200d\u2642\ufe0f]\n<p>N\u00ebse tenton t&#8217;i b\u00ebsh t\u00eb dyja, &#8220;t\u00eb pand\u00ebshkueshmit&#8221; t\u00eb kthehen dhe me t\u00eb gjith\u00eb t\u00eb drejt\u00ebn e Zotit, t\u00eb p\u00ebrplasin n\u00eb surrat, p\u00ebrve\u00e7 pushteti q\u00eb u dhe me reform\u00ebn n\u00eb drejt\u00ebsi, me SPAK e me BKH, edhe logjik\u00ebn njer\u00ebzore dhe praktik\u00ebn historike kudo ku ka shtet ligjesh!!!<\/p>\n<p>K\u00ebshtu q\u00eb p\u00ebrve\u00e7 p\u00ebrsh\u00ebndetjes time t\u00eb p\u00ebrher\u00ebshme &#8220;SPAK YOU&#8221;, tani keni edhe p\u00ebrsh\u00ebndetjen e t\u00eb pand\u00ebshkueshm\u00ebve.<\/p>\n<p>Ve\u00e7se ndryshe nga e imja, \u00ebsht\u00eb nj\u00eb &#8221; [\ud83d\udd95] SPAK YOU [\ud83d\udd95] &#8221; supreme, &#8220;kushtetuese&#8221; dhe pushtetplot\u00eb nga \u00e7do pik\u00ebpamje&#8230; [\ud83e\udd37\u200d\u2642\ufe0f] !!<br \/>\nKAQ!<\/p>\n","protected":false},"excerpt":{"rendered":"<p>Nga Gent STRAZIMIRI Hajdutja e pandehur zyrtarisht nga SPAK, Belinda Balluku, ka p\u00ebrsh\u00ebndetur me nj\u00eb &#8220;SPAK YOU&#8221; t\u00eb gjith\u00eb dashnor\u00ebt e &#8220;drejt\u00ebsis\u00eb s\u00eb re&#8221;. Ka p\u00ebrsh\u00ebndetur ve\u00e7an\u00ebrisht, madje n\u00eb nj\u00eb &#8220;perfect timing&#8221;, t\u00eb gjith\u00eb ata q\u00eb dje na shit\u00ebn me nj\u00eb show live se &#8220;si&#8221; dhe &#8220;sa&#8221; po funksionon &#8220;drejt\u00ebsia e re&#8221;. Ata q\u00eb dje, &hellip;<\/p>\n","protected":false},"author":4,"featured_media":70796,"comment_status":"closed","ping_status":"closed","sticky":false,"template":"","format":"standard","meta":{"footnotes":""},"categories":[134],"tags":[],"class_list":["post-131005","post","type-post","status-publish","format-standard","has-post-thumbnail","","category-news"],"_links":{"self":[{"href":"https:\/\/rdnews.al\/index.php\/wp-json\/wp\/v2\/posts\/131005","targetHints":{"allow":["GET"]}}],"collection":[{"href":"https:\/\/rdnews.al\/index.php\/wp-json\/wp\/v2\/posts"}],"about":[{"href":"https:\/\/rdnews.al\/index.php\/wp-json\/wp\/v2\/types\/post"}],"author":[{"embeddable":true,"href":"https:\/\/rdnews.al\/index.php\/wp-json\/wp\/v2\/users\/4"}],"replies":[{"embeddable":true,"href":"https:\/\/rdnews.al\/index.php\/wp-json\/wp\/v2\/comments?post=131005"}],"version-history":[{"count":1,"href":"https:\/\/rdnews.al\/index.php\/wp-json\/wp\/v2\/posts\/131005\/revisions"}],"predecessor-version":[{"id":131006,"href":"https:\/\/rdnews.al\/index.php\/wp-json\/wp\/v2\/posts\/131005\/revisions\/131006"}],"wp:featuredmedia":[{"embeddable":true,"href":"https:\/\/rdnews.al\/index.php\/wp-json\/wp\/v2\/media\/70796"}],"wp:attachment":[{"href":"https:\/\/rdnews.al\/index.php\/wp-json\/wp\/v2\/media?parent=131005"}],"wp:term":[{"taxonomy":"category","embeddable":true,"href":"https:\/\/rdnews.al\/index.php\/wp-json\/wp\/v2\/categories?post=131005"},{"taxonomy":"post_tag","embeddable":true,"href":"https:\/\/rdnews.al\/index.php\/wp-json\/wp\/v2\/tags?post=131005"}],"curies":[{"name":"wp","href":"https:\/\/api.w.org\/{rel}","templated":true}]}}