{"id":131007,"date":"2025-12-13T12:47:52","date_gmt":"2025-12-13T12:47:52","guid":{"rendered":"https:\/\/rdnews.al\/?p=131007"},"modified":"2025-12-13T12:47:52","modified_gmt":"2025-12-13T12:47:52","slug":"berisha-per-here-te-pare-ne-32-vite-kreu-i-qeverise-kalon-ne-sulm-te-hapur-kunder-ndeshkimit-te-korrupsionit","status":"publish","type":"post","link":"https:\/\/rdnews.al\/index.php\/2025\/12\/13\/berisha-per-here-te-pare-ne-32-vite-kreu-i-qeverise-kalon-ne-sulm-te-hapur-kunder-ndeshkimit-te-korrupsionit\/","title":{"rendered":"Berisha: P\u00ebr her\u00eb t\u00eb par\u00eb n\u00eb 32 vite, kreu i qeveris\u00eb kalon n\u00eb sulm t\u00eb hapur kund\u00ebr nd\u00ebshkimit t\u00eb korrupsionit!"},"content":{"rendered":"<p>Kryetari i PD, Sali Berisha, n\u00eb mbledhjen e kryesis\u00eb u shpreh lidhur me zhvillimet t\u00eb 10 dit\u00ebve t\u00eb fundit duke i cil\u00ebsuar ato t\u00eb paprecedenta dhe d\u00ebshmojn\u00eb nj\u00eb tentativ\u00eb t\u00eb qeveris\u00eb p\u00ebr t\u00eb mbrojtur individ\u00eb t\u00eb p\u00ebrfshir\u00eb n\u00eb skandale korrupsioni.<br \/>\nBerisha theksoi se, veprimi i Ram\u00ebs, duke kund\u00ebrshtuar pezullimin e Ballukut, \u00ebsht\u00eb nd\u00ebr m\u00eb t\u00eb pashembullt q\u00eb ka par\u00eb Shqip\u00ebria, duke u larguar nga standardet e nj\u00eb vendi q\u00eb aspiron integrimin europian.<br \/>\n<strong>Berisha:<\/strong> Zhvillimet e 10 dit\u00ebve t\u00eb fundit jan\u00eb zhvillime t\u00eb paprecedent\u00eb n\u00eb shum\u00eb e shum\u00eb vite.<br \/>\nPor plot\u00ebsisht t\u00eb pritshme.<br \/>\nP\u00ebr her\u00eb t\u00eb par\u00eb n\u00eb 32 vite, kreu i qeveris\u00eb kalon n\u00eb sulm t\u00eb hapur kund\u00ebr nd\u00ebshkimit t\u00eb korrupsionit.<br \/>\nN\u00eb rastin n\u00eb t\u00eb cilin ai vet\u00eb ka ndar\u00eb parat\u00eb.<br \/>\nAkti i till\u00eb \u00ebsht\u00eb nd\u00ebr m\u00eb t\u00eb pashembullt, nuk them se \u00ebsht\u00eb m\u00eb i pashembullti n\u00eb bot\u00eb, se bota ka autokrat\u00eb dhe Edi Rama nuk \u00ebsht\u00eb i vetmi, por n\u00eb nj\u00eb vend q\u00eb aspiron, se i lir\u00eb nuk \u00ebsht\u00eb Shqip\u00ebria, por q\u00eb aspiron integrimin europian, kjo nuk ka ndodhur dhe nuk mund t\u00eb ndodh\u00eb kurr\u00eb.<br \/>\nN\u00eb qoft\u00eb se lexoni arsyetimin e shumic\u00ebs dje, \u00ebsht\u00eb identik, fjal\u00eb p\u00ebr fjal\u00eb, mish\u00ebron n\u00eb nj\u00eb deklaratat e kryeavokatit Edi Rama, sepse ata vendosin pezullimin e pezullimit.<br \/>\nSepse ata marrin p\u00ebrsip\u00ebr anulimin e procesit ligjor t\u00eb animimit n\u00eb shkall\u00ebt e tjera t\u00eb procesit gjyq\u00ebsor.<br \/>\nSepse ata mor\u00ebn t\u00eb mir\u00ebqen\u00eb pretendimin e Edi Ram\u00ebs se qeveria paralizohet nga pezullimi i Lubis\u00eb.<br \/>\nNuk ka absurditet m\u00eb absolut se sa ky.<br \/>\nQeveria nuk pezullohet as me nj\u00eb z\u00ebvend\u00ebskryeminist\u00ebr, as me tre, as me pes\u00eb ministra.<br \/>\nK\u00ebshilli i Ministrave vendos me shumic\u00eb.<br \/>\nDhe k\u00ebto pretendime t\u00eb Edi Ram\u00ebs jan\u00eb pretendimet e nj\u00eb njeriu q\u00eb \u00ebsht\u00eb kapur duke vjedhur dhe do t\u00eb mbroj\u00eb parat\u00eb e tij.<br \/>\nPra, shuhet \u00e7do shpres\u00eb se n\u00ebp\u00ebrmjet pushtetit gjyq\u00ebsor mund t\u00eb luftohet realisht korrupsioni.<br \/>\nSe cila \u00ebsht\u00eb situata sot me situat\u00ebn n\u00eb vitin 2011, un\u00eb iu rikujtoj ju dhe \u00e7do shqiptari, n\u00eb vitin 2011, nj\u00eb z\u00ebvend\u00ebskryeminist\u00ebr, i cili po t\u00eb largonte ministrat nga qeveria, e rr\u00ebzonte qeverin\u00eb, jo q\u00eb nuk mendoi n\u00eb asnj\u00eb rast pasi u akuzua me nj\u00eb video t\u00eb manipuluar 28 her\u00eb se ai kishte marr\u00eb ryshfet 760 mij\u00eb euro, \u00e7ka ishte absolutisht g\u00ebnjesht\u00ebr, sepse shkresa thoshte se sip\u00ebrmarr\u00ebsi, p\u00ebr shkak t\u00eb moszbatimit t\u00eb vendimit t\u00eb Gjykat\u00ebs s\u00eb Apelit, un\u00eb kam humbur 760 mij\u00eb euro.<br \/>\nDhe Edi Rama dhe Filip \u00c7akulli i paraqit\u00ebn k\u00ebto si 760 mij\u00eb euro t\u00eb marra nga Ilir Meta.<br \/>\nPor Ilir Meta, p\u00ebr standardet e asaj qeveria, pa k\u00ebrkuar fare prokuroria heqjen e mandatit, ka ardhur dhe ka paraqitur dor\u00ebheqjen.<br \/>\nUn\u00eb nuk shkoj n\u00eb prokurori si z\u00ebvend\u00ebskryeminist\u00ebr, ai q\u00eb do m\u00eb hetoj\u00eb mua, do m\u00eb ket\u00eb mua qytetar si gjith\u00eb t\u00eb tjer\u00ebt.<br \/>\nT\u00eb nj\u00ebjtin akt ka b\u00ebr\u00eb Fatmir Mediu. Ka dh\u00ebn\u00eb dor\u00ebheqje si minist\u00ebr, ka dor\u00ebzuar imunitetin.<br \/>\nN\u00eb t\u00eb gjith\u00eb periudh\u00ebn 32-vje\u00e7are, njeriu i vet\u00ebm q\u00eb ka bllokuar hetimet p\u00ebr drog\u00eb dhe korrupsion, \u00ebsht\u00eb Edi Rama.<br \/>\nK\u00ebrkoi antimafia italiane p\u00ebr Saimir Tahirin heqjen e imunitetin dhe arrestimin, nuk lejoi asnj\u00ebr\u00ebn.<br \/>\nTani \u00ebsht\u00eb nj\u00eb me Belinda Ballukun.<br \/>\n\u00cbsht\u00eb nj\u00eb me Belinda Balluku dhe triumfoi n\u00eb \u00e7do gj\u00eb q\u00eb diktoi gjat\u00eb k\u00ebtyre tre jav\u00ebve.<br \/>\nGj\u00eb m\u00eb absurde nuk mund t\u00eb kishte.<br \/>\nT\u00eb pretendohet se pezullimi i Ballukut shkel Kushtetut\u00ebn apo paralizon qeverin\u00eb, problemi \u00ebsht\u00eb se pezullimi i Ballukut \u00e7elte port\u00ebn e ferrit p\u00ebr Edi Ram\u00ebn, se ai ka vjedhur m\u00eb shum\u00eb se Balluku n\u00eb at\u00eb afer\u00eb.<br \/>\nSe ai, n\u00eb t\u00eb gjitha dosjet, \u00ebsht\u00eb shum\u00eb m\u00eb r\u00ebnd\u00eb se Balluku.<\/p>\n","protected":false},"excerpt":{"rendered":"<p>Kryetari i PD, Sali Berisha, n\u00eb mbledhjen e kryesis\u00eb u shpreh lidhur me zhvillimet t\u00eb 10 dit\u00ebve t\u00eb fundit duke i cil\u00ebsuar ato t\u00eb paprecedenta dhe d\u00ebshmojn\u00eb nj\u00eb tentativ\u00eb t\u00eb qeveris\u00eb p\u00ebr t\u00eb mbrojtur individ\u00eb t\u00eb p\u00ebrfshir\u00eb n\u00eb skandale korrupsioni. Berisha theksoi se, veprimi i Ram\u00ebs, duke kund\u00ebrshtuar pezullimin e Ballukut, \u00ebsht\u00eb nd\u00ebr m\u00eb t\u00eb &hellip;<\/p>\n","protected":false},"author":4,"featured_media":131008,"comment_status":"closed","ping_status":"closed","sticky":false,"template":"","format":"standard","meta":{"footnotes":""},"categories":[37],"tags":[],"class_list":["post-131007","post","type-post","status-publish","format-standard","has-post-thumbnail","","category-politike"],"_links":{"self":[{"href":"https:\/\/rdnews.al\/index.php\/wp-json\/wp\/v2\/posts\/131007","targetHints":{"allow":["GET"]}}],"collection":[{"href":"https:\/\/rdnews.al\/index.php\/wp-json\/wp\/v2\/posts"}],"about":[{"href":"https:\/\/rdnews.al\/index.php\/wp-json\/wp\/v2\/types\/post"}],"author":[{"embeddable":true,"href":"https:\/\/rdnews.al\/index.php\/wp-json\/wp\/v2\/users\/4"}],"replies":[{"embeddable":true,"href":"https:\/\/rdnews.al\/index.php\/wp-json\/wp\/v2\/comments?post=131007"}],"version-history":[{"count":1,"href":"https:\/\/rdnews.al\/index.php\/wp-json\/wp\/v2\/posts\/131007\/revisions"}],"predecessor-version":[{"id":131009,"href":"https:\/\/rdnews.al\/index.php\/wp-json\/wp\/v2\/posts\/131007\/revisions\/131009"}],"wp:featuredmedia":[{"embeddable":true,"href":"https:\/\/rdnews.al\/index.php\/wp-json\/wp\/v2\/media\/131008"}],"wp:attachment":[{"href":"https:\/\/rdnews.al\/index.php\/wp-json\/wp\/v2\/media?parent=131007"}],"wp:term":[{"taxonomy":"category","embeddable":true,"href":"https:\/\/rdnews.al\/index.php\/wp-json\/wp\/v2\/categories?post=131007"},{"taxonomy":"post_tag","embeddable":true,"href":"https:\/\/rdnews.al\/index.php\/wp-json\/wp\/v2\/tags?post=131007"}],"curies":[{"name":"wp","href":"https:\/\/api.w.org\/{rel}","templated":true}]}}