{"id":131010,"date":"2025-12-13T12:59:48","date_gmt":"2025-12-13T12:59:48","guid":{"rendered":"https:\/\/rdnews.al\/?p=131010"},"modified":"2025-12-13T22:43:38","modified_gmt":"2025-12-13T22:43:38","slug":"berisha-ne-kemi-vetem-nje-rruge-dhe-ajo-eshte-rruga-e-protestave-te-gjitha-rruget-e-tjera-jane-rruge-zjarrfikesish","status":"publish","type":"post","link":"https:\/\/rdnews.al\/index.php\/2025\/12\/13\/berisha-ne-kemi-vetem-nje-rruge-dhe-ajo-eshte-rruga-e-protestave-te-gjitha-rruget-e-tjera-jane-rruge-zjarrfikesish\/","title":{"rendered":"Berisha: Ne kemi vet\u00ebm nj\u00eb rrug\u00eb dhe ajo \u00ebsht\u00eb rruga e protestave! T\u00eb gjitha rrug\u00ebt e tjera jan\u00eb rrug\u00eb zjarrfik\u00ebsish"},"content":{"rendered":"<p>Kryetari i PD, Sali Berisha, deklaroi n\u00eb mbledhjen e kryesis\u00eb se opozita ka vet\u00ebm nj\u00eb rrug\u00eb veprimi, at\u00eb t\u00eb protestave, duke p\u00ebrjashtuar \u00e7do alternativ\u00eb tjet\u00ebr.<\/p>\n<p>Ai sulmoi ashp\u00ebr drejt\u00ebsin\u00eb e re, duke th\u00ebn\u00eb se shpresa p\u00ebr luft\u00ebn kund\u00ebr korrupsionit \u00ebsht\u00eb shuar, pasi nj\u00eb ministre n\u00eb detyr\u00eb \u00ebsht\u00eb akuzuar p\u00ebr korrupsion. Berisha akuzoi kryeministrin Edi Rama se ka nd\u00ebrhyr\u00eb p\u00ebr t\u00eb siguruar zgjedhjen e kreut t\u00eb SPAK, me q\u00ebllim mbylljen e dosjeve q\u00eb e implikojn\u00eb.<\/p>\n<p>Berisha: K\u00ebshtu q\u00eb shpresa se do luftohet korrupsioni nga drejt\u00ebsia e re, kjo \u00ebsht\u00eb e para ministre n\u00eb detyr\u00eb q\u00eb akuzohet p\u00ebr korrupsion.<\/p>\n<p>Asnj\u00eb nuk ka qen\u00eb, kjo po.<\/p>\n<p>Dhe urdh\u00ebroni se \u00e7far\u00eb b\u00ebri para shqiptar\u00ebve, ky \u00ebsht\u00eb nj\u00eb posht\u00ebrim p\u00ebr \u00e7do shqiptar.<\/p>\n<p>Ky u thot\u00eb shqiptar\u00ebve se un\u00eb vjedh, ministrat e mi vjedhin, por ata nuk mund t\u00eb gjykohen.<\/p>\n<p>P\u00ebr shkak t\u00eb tij, dy dit\u00eb m\u00eb par\u00eb, u zhvillua ofensiva diplomatike m\u00eb e madhe q\u00eb kam par\u00eb ndonj\u00ebher\u00eb p\u00ebr t\u00eb siguruar zgjedhjen e kryetarit t\u00eb Prokuroris\u00eb Speciale, \u00e7ka t\u00eb b\u00ebn me t\u00eb drejt\u00eb t\u00eb mendosh se Edi Rama duket se kishte b\u00ebr\u00eb gjith\u00e7ka t\u00eb zgjidhte njeriun q\u00eb ai ka b\u00ebr\u00eb marr\u00ebveshje p\u00ebr mbylljen e dosjes s\u00eb tij.<\/p>\n<p>Sepse e v\u00ebrteta \u00ebsht\u00eb se Dumani mbylli disa dosje t\u00eb Edi Ram\u00ebs, kjo \u00ebsht\u00eb e pamohueshme.<\/p>\n<p>Dumani mbylli dosjen e Edi Ram\u00ebs, duke akuzuar Arben Ahmetajn p\u00ebr djeg\u00ebsin e Tiran\u00ebs, t\u00eb cilin ai e kishte kund\u00ebrshtuar 4 her\u00eb, megjith\u00ebse e kishte firmosur Edi Rama.<\/p>\n<p>Dumani mbylli dosjen Alabar, dhe shqiptar\u00ebt do e marrin vesh mir\u00eb se \u00e7far\u00eb krimi n\u00eb p\u00ebrmasa gjigante po kryhet me portin e Durr\u00ebsit, \u00e7far\u00eb goditje t\u00eb r\u00ebnd\u00eb po i jepet \u00e7do shqiptari me portin e Durr\u00ebsit, p\u00ebr aq sa ka pesh\u00eb transporti i mallrave n\u00eb \u00e7mimin e tyre.<\/p>\n<p>Pa llogaritur vjedhjet e tmerrshme q\u00eb po b\u00ebhen.<\/p>\n<p>Dumani mbylli dosjen e Olsi Ram\u00ebs, e nxori tjet\u00ebr.<\/p>\n<p>Pra, Edi Rama duket se duhet me \u00e7do kusht t\u00eb kishte at\u00eb me t\u00eb cilin ishte marr\u00eb vesh.<\/p>\n<p>Por u garantoj se nuk ka asnj\u00eb v\u00ebshtir\u00ebsi t\u00eb realizoj\u00eb skenarin q\u00eb realizoi me t\u00eb parin.<\/p>\n<p>Nuk duhet t\u00eb kemi iluzion.<\/p>\n<p>Pra, p\u00ebrpjekja nd\u00ebrkomb\u00ebtare ishte shum\u00eb e drejt\u00eb, q\u00eb qeveria t\u00eb mos kap\u00eb kryetarin e Prokuroris\u00eb Speciale.<\/p>\n<p>Por problemi nuk \u00ebsht\u00eb aty, problemi \u00ebsht\u00eb se pse Edi Rama do ta kap\u00eb me \u00e7do kusht at\u00eb.<\/p>\n<p>Ne jemi para nj\u00eb realiteti shum\u00eb t\u00eb zymt\u00eb.<\/p>\n<p>Nj\u00eb realitet n\u00eb t\u00eb cilin vjedhja e shqiptar\u00ebve nuk ka m\u00eb frena. \u00cbsht\u00eb licenc\u00eb.<\/p>\n<p>Se kjo q\u00eb b\u00ebri me pezullimin e pezullimit, gjykata mori p\u00ebrsip\u00ebr Apelin dhe Gjykat\u00ebn e Lart\u00eb dhe t\u00eb pezulloj\u00eb mas\u00ebn e siguris\u00eb.<\/p>\n<p>Imagjinoni ju tani se \u00e7far\u00eb i mbetet themelit.<\/p>\n<p>Nuk ka akt m\u00eb t\u00eb r\u00ebnd\u00eb ndaj taksapaguesve shqiptar\u00eb se sa ky.<\/p>\n<p>Nuk ka veprim m\u00eb d\u00ebshp\u00ebrues se ky.<\/p>\n<p>Nuk ka veprim m\u00eb posht\u00ebrues se ky nga Edi Rama.<\/p>\n<p>Ndaj dhe kemi vet\u00ebm nj\u00eb rrug\u00eb, dhe kjo \u00ebsht\u00eb rruga e protestave.<\/p>\n<p>Kjo \u00ebsht\u00eb rruga e protest\u00ebs, rruga e protest\u00ebs.<\/p>\n<p>Duhet t\u00eb flasin qytetar\u00ebt me protest\u00ebn e tyre.<\/p>\n<p>Sa jan\u00eb ata q\u00eb duan \u00ebt flasin me protest\u00ebn e tyre?<\/p>\n<p>1 mij\u00eb? Ne n\u00eb krye.<\/p>\n<p>2 mij\u00eb? Ne n\u00eb krye.<\/p>\n<p>300? Ne aty.<\/p>\n<p>Por rrug\u00eb tjet\u00ebr nuk ka.<\/p>\n<p>T\u00eb gjitha rrug\u00ebt e tjera jan\u00eb rrug\u00eb zjarrfik\u00ebsish.<\/p>\n<p>Duhet t\u2019i shohim gj\u00ebrat si\u00e7 \u00ebsht\u00eb.<\/p>\n<p>Ne nuk b\u00ebhemi kurr\u00eb zjarrfik\u00ebs.<\/p>\n","protected":false},"excerpt":{"rendered":"<p>Kryetari i PD, Sali Berisha, deklaroi n\u00eb mbledhjen e kryesis\u00eb se opozita ka vet\u00ebm nj\u00eb rrug\u00eb veprimi, at\u00eb t\u00eb protestave, duke p\u00ebrjashtuar \u00e7do alternativ\u00eb tjet\u00ebr. Ai sulmoi ashp\u00ebr drejt\u00ebsin\u00eb e re, duke th\u00ebn\u00eb se shpresa p\u00ebr luft\u00ebn kund\u00ebr korrupsionit \u00ebsht\u00eb shuar, pasi nj\u00eb ministre n\u00eb detyr\u00eb \u00ebsht\u00eb akuzuar p\u00ebr korrupsion. Berisha akuzoi kryeministrin Edi Rama &hellip;<\/p>\n","protected":false},"author":4,"featured_media":131011,"comment_status":"closed","ping_status":"closed","sticky":false,"template":"","format":"standard","meta":{"footnotes":""},"categories":[134],"tags":[],"class_list":["post-131010","post","type-post","status-publish","format-standard","has-post-thumbnail","","category-news"],"_links":{"self":[{"href":"https:\/\/rdnews.al\/index.php\/wp-json\/wp\/v2\/posts\/131010","targetHints":{"allow":["GET"]}}],"collection":[{"href":"https:\/\/rdnews.al\/index.php\/wp-json\/wp\/v2\/posts"}],"about":[{"href":"https:\/\/rdnews.al\/index.php\/wp-json\/wp\/v2\/types\/post"}],"author":[{"embeddable":true,"href":"https:\/\/rdnews.al\/index.php\/wp-json\/wp\/v2\/users\/4"}],"replies":[{"embeddable":true,"href":"https:\/\/rdnews.al\/index.php\/wp-json\/wp\/v2\/comments?post=131010"}],"version-history":[{"count":1,"href":"https:\/\/rdnews.al\/index.php\/wp-json\/wp\/v2\/posts\/131010\/revisions"}],"predecessor-version":[{"id":131012,"href":"https:\/\/rdnews.al\/index.php\/wp-json\/wp\/v2\/posts\/131010\/revisions\/131012"}],"wp:featuredmedia":[{"embeddable":true,"href":"https:\/\/rdnews.al\/index.php\/wp-json\/wp\/v2\/media\/131011"}],"wp:attachment":[{"href":"https:\/\/rdnews.al\/index.php\/wp-json\/wp\/v2\/media?parent=131010"}],"wp:term":[{"taxonomy":"category","embeddable":true,"href":"https:\/\/rdnews.al\/index.php\/wp-json\/wp\/v2\/categories?post=131010"},{"taxonomy":"post_tag","embeddable":true,"href":"https:\/\/rdnews.al\/index.php\/wp-json\/wp\/v2\/tags?post=131010"}],"curies":[{"name":"wp","href":"https:\/\/api.w.org\/{rel}","templated":true}]}}