{"id":131013,"date":"2025-12-13T13:05:57","date_gmt":"2025-12-13T13:05:57","guid":{"rendered":"https:\/\/rdnews.al\/?p=131013"},"modified":"2025-12-13T13:05:57","modified_gmt":"2025-12-13T13:05:57","slug":"berisha-proteste-kombetare-me-22-dhjetor","status":"publish","type":"post","link":"https:\/\/rdnews.al\/index.php\/2025\/12\/13\/berisha-proteste-kombetare-me-22-dhjetor\/","title":{"rendered":"Berisha: Protest\u00eb komb\u00ebtare m\u00eb 22 dhjetor!"},"content":{"rendered":"<p>Kryetari i PD, Sali Berisha, ka shpallur thirrjen p\u00ebr protest\u00eb komb\u00ebtare m\u00eb 22 dhjetor, duke paralajm\u00ebruar se opozita do t\u00eb intensifikoj\u00eb protestat pa nd\u00ebrprerje deri n\u00eb krijimin e nj\u00eb qeverie teknike q\u00eb, sipas tij, do t\u00eb garantoj\u00eb zgjedhje t\u00eb lira dhe t\u00eb ndershme.<\/p>\n<p>N\u00eb mbledhjen e kryesis\u00eb, Berisha deklaroi se vendi ndodhet n\u00eb nj\u00eb regjim autoritar, ku vota e qytetar\u00ebve \u00ebsht\u00eb asgj\u00ebsuar, institucionet jan\u00eb kapur dhe zgjedhjet jan\u00eb shnd\u00ebrruar n\u00eb fars\u00eb elektorale.<\/p>\n<p><strong>Berisha:<\/strong> Por ne kemi nj\u00eb problem themelor p\u00ebr t\u00eb zgjidhur.<\/p>\n<p>Kemi nj\u00eb problem p\u00ebr t\u00eb cilin duhet t\u00eb jemi shum\u00eb t\u00eb sinqert\u00eb dhe t\u00eb hapur.<\/p>\n<p>Ekzistenc\u00ebs ose mosekzistenc\u00ebs son\u00eb.<\/p>\n<p>Pse k\u00ebshtu?<\/p>\n<p>N\u00eb nj\u00eb fars\u00eb elektorale, m\u00eb e sh\u00ebmtuara n\u00eb histori, n\u00eb nj\u00eb diktatur\u00eb autoritare, e cila arrestoi n\u00eb vit elektoral drejtuesit e partive kryesore opozitare.<\/p>\n<p>N\u00eb nj\u00eb regjim q\u00eb p\u00ebrdori t\u00eb gjitha potencialet e shtetit, vet\u00ebm gjoba dhe kamata 2 miliard\u00eb euro, q\u00eb u intereson 200 mij\u00eb familjeve, nga t\u00eb cilat 84 mij\u00eb biznese aktive.<\/p>\n<p>Dhe n\u00eb k\u00ebto kushte, shqiptar\u00ebt p\u00ebrs\u00ebri votuan 500 e sa mij\u00eb p\u00ebr opozit\u00ebn.<\/p>\n<p>Votuan PD-n\u00eb si parti t\u00eb par\u00eb.<\/p>\n<p>PD \u00ebsht\u00eb para nj\u00eb alternative, do vazhdoj\u00eb t\u00eb mbetet opozit\u00eb e farsave elektorale apo do p\u00ebrcaktoj\u00eb q\u00ebllim t\u00eb saj rr\u00ebzimin e k\u00ebtij armiku t\u00eb eg\u00ebr t\u00eb vot\u00ebs s\u00eb shqiptar\u00ebve, rikthimin e tyre, qeverin\u00eb teknike dhe marrjen e vler\u00ebsimit t\u00eb qytetar\u00ebve t\u00eb lir\u00eb.<\/p>\n<p>N\u00eb nj\u00eb vend ku parlamenti kontrollohet n\u00eb \u00e7do sekond\u00eb, \u00e7do minut\u00eb dhe \u00e7do qeliz\u00eb nga narkodiktatori.<\/p>\n<p>N\u00eb nj\u00eb vend ku parlamenti me q\u00ebllim shnd\u00ebrrohet n\u00eb institucionin m\u00eb t\u00eb diskredituar t\u00eb vendit. Sepse \u00ebsht\u00eb i vetmi institucion pluralist deri tani, ndaj dhe duhet t\u00eb damkoset n\u00eb m\u00ebnyr\u00ebn m\u00eb t\u00eb fuqishme n\u00eb \u00e7do gj\u00eb.<\/p>\n<p>N\u00eb nj\u00eb vend ku mediat jan\u00eb shnd\u00ebrruar n\u00eb altoparlant\u00eb t\u00eb pushtetit kund\u00ebr opozit\u00ebs dhe mbulimit t\u00eb krimeve t\u00eb pushtetit dhe damkosjes s\u00eb opozit\u00ebs.<\/p>\n<p>N\u00eb nj\u00eb vend ku lobingjet z\u00ebvnd\u00ebsojn\u00eb standardet. Z\u00ebvend\u00ebsojn\u00eb kriteret.<\/p>\n<p>Parat\u00eb e taksapaguesve p\u00ebrdoren p\u00ebr deklarata t\u00eb blera.<\/p>\n<p>\u00c7far\u00eb do b\u00ebjm\u00eb ne?<\/p>\n<p>\u00c7do nj\u00ebri nga ju duhet t\u2019i shnd\u00ebrroj\u00eb k\u00ebt\u00eb pyetje vetes.<\/p>\n<p>Pra, \u00e7far\u00eb do b\u00ebjm\u00eb ne?<\/p>\n<p>A do b\u00ebjm\u00eb ne p\u00ebrpjekjet p\u00ebr t\u00eb rikthyer vot\u00ebn, p\u00ebr t\u00eb larguar k\u00ebt\u00eb qeveri nga pushteti, e cila me vot\u00eb absolutisht nuk largohet? Ka nj\u00eb mburoj\u00eb t\u00eb tmerrshme lobingu nd\u00ebrkomb\u00ebtar q\u00eb paguan dhjet\u00ebra milion\u00eb&#8230;<\/p>\n<p>Prestigjiozja britanike dje shkruante se \u00ebsht\u00eb i zem\u00ebruar, lexo lobingun e Edi Ram\u00ebs.<\/p>\n<p>Nuk thoshte nj\u00eb fjal\u00eb se skandali p\u00ebrfshinte direkt at\u00eb.<\/p>\n<p>Ka b\u00ebr\u00eb dhjet\u00ebra artikuj \u2018Economist\u2019 p\u00ebr drog\u00ebn dhe narkoshtetin e tij, n\u00eb at\u00eb artikull asnj\u00eb fjal\u00eb, as p\u00ebr drog\u00ebn, as p\u00ebr narkoshtetin.<\/p>\n<p>Po, e fal\u00ebnderoj, p\u00ebrmendte zgjedhjet. P\u00ebr zgjedhje kishte nj\u00eb gjys\u00ebm rreshti.<\/p>\n<p>\u00c7far\u00eb \u00ebsht\u00eb ajo? \u00cbsht\u00eb lobing.<\/p>\n<p>Marta Kos vjen dhe deklaron k\u00ebtu se zgjedhjet ishin t\u00eb lira.<\/p>\n<p>Fal\u00ebnderoj shum\u00eb Komisionin q\u00eb reagoi, falenderoje dhe p\u00ebrfaq\u00ebsuesin e BE k\u00ebtu q\u00eb reagoi.<\/p>\n<p>Por nuk ka spontanitet aty. Ato jan\u00eb deklarata t\u00eb paguara. Por, t\u00eb gjitha k\u00ebto, \u00e7far\u00eb k\u00ebrkojn\u00eb nga ne?<\/p>\n<p>K\u00ebrkojn\u00eb ne q\u00eb t\u00eb mos filozofojm\u00eb, por t\u00eb p\u00ebrqendrojm\u00eb t\u00eb gjitha forcat tona p\u00ebr t\u00eb larguar nga pushteti k\u00ebt\u00eb pushtet krimi, p\u00ebrndryshe zgjedhjet e tjera do i kishte 63 p\u00ebrqind minimumi. Ose sa t\u00eb doj\u00eb.<\/p>\n<p>Ndaj dhe duhet t\u00eb fillojm\u00eb protestat.<\/p>\n<p>Duhet t\u2019i besojm\u00eb protest\u00ebs.<\/p>\n<p>Duhet t\u00eb organizojm\u00eb protestat, duhet t\u2019i fillojm\u00eb sa m\u00eb par\u00eb.<\/p>\n<p>I kemi filluar ato q\u00eb jan\u00eb te kryeministria.<\/p>\n<p>Por me dat\u00ebn 22, duhet t\u00eb th\u00ebrrasim protest\u00eb komb\u00ebtare.<\/p>\n<p>Ata shqiptar\u00eb q\u00eb vijn\u00eb, ata jan\u00eb t\u00eb bekuar.<\/p>\n<p>Ata q\u00eb nuk do vijn\u00eb, do vijn\u00eb m\u00eb von\u00eb.<\/p>\n<p>Por ne kurr\u00eb nuk do b\u00ebhemi penges\u00eb, p\u00ebrkundrazi nxit\u00ebs t\u00eb protestave gjer dit\u00ebn e fundit q\u00eb t\u00eb krijohet qeveria teknike n\u00eb k\u00ebt\u00eb vend p\u00ebr zgjedhjet e lira.<\/p>\n<p>Agjend\u00eb tjet\u00ebr nuk ka dhe nuk mund t\u00eb ket\u00eb PD.<\/p>\n","protected":false},"excerpt":{"rendered":"<p>Kryetari i PD, Sali Berisha, ka shpallur thirrjen p\u00ebr protest\u00eb komb\u00ebtare m\u00eb 22 dhjetor, duke paralajm\u00ebruar se opozita do t\u00eb intensifikoj\u00eb protestat pa nd\u00ebrprerje deri n\u00eb krijimin e nj\u00eb qeverie teknike q\u00eb, sipas tij, do t\u00eb garantoj\u00eb zgjedhje t\u00eb lira dhe t\u00eb ndershme. N\u00eb mbledhjen e kryesis\u00eb, Berisha deklaroi se vendi ndodhet n\u00eb nj\u00eb regjim &hellip;<\/p>\n","protected":false},"author":4,"featured_media":15801,"comment_status":"closed","ping_status":"closed","sticky":false,"template":"","format":"standard","meta":{"footnotes":""},"categories":[37],"tags":[],"class_list":["post-131013","post","type-post","status-publish","format-standard","has-post-thumbnail","","category-politike"],"_links":{"self":[{"href":"https:\/\/rdnews.al\/index.php\/wp-json\/wp\/v2\/posts\/131013","targetHints":{"allow":["GET"]}}],"collection":[{"href":"https:\/\/rdnews.al\/index.php\/wp-json\/wp\/v2\/posts"}],"about":[{"href":"https:\/\/rdnews.al\/index.php\/wp-json\/wp\/v2\/types\/post"}],"author":[{"embeddable":true,"href":"https:\/\/rdnews.al\/index.php\/wp-json\/wp\/v2\/users\/4"}],"replies":[{"embeddable":true,"href":"https:\/\/rdnews.al\/index.php\/wp-json\/wp\/v2\/comments?post=131013"}],"version-history":[{"count":1,"href":"https:\/\/rdnews.al\/index.php\/wp-json\/wp\/v2\/posts\/131013\/revisions"}],"predecessor-version":[{"id":131014,"href":"https:\/\/rdnews.al\/index.php\/wp-json\/wp\/v2\/posts\/131013\/revisions\/131014"}],"wp:featuredmedia":[{"embeddable":true,"href":"https:\/\/rdnews.al\/index.php\/wp-json\/wp\/v2\/media\/15801"}],"wp:attachment":[{"href":"https:\/\/rdnews.al\/index.php\/wp-json\/wp\/v2\/media?parent=131013"}],"wp:term":[{"taxonomy":"category","embeddable":true,"href":"https:\/\/rdnews.al\/index.php\/wp-json\/wp\/v2\/categories?post=131013"},{"taxonomy":"post_tag","embeddable":true,"href":"https:\/\/rdnews.al\/index.php\/wp-json\/wp\/v2\/tags?post=131013"}],"curies":[{"name":"wp","href":"https:\/\/api.w.org\/{rel}","templated":true}]}}