{"id":131018,"date":"2025-12-13T17:46:30","date_gmt":"2025-12-13T17:46:30","guid":{"rendered":"https:\/\/rdnews.al\/?p=131018"},"modified":"2025-12-13T22:13:07","modified_gmt":"2025-12-13T22:13:07","slug":"noka-pd-do-nise-protesta-pa-ndalim-suel-cela-ka-kercenuar-demokratet-qe-te-mos-merrnin-pjese-ne-foltoren-e-berishes","status":"publish","type":"post","link":"https:\/\/rdnews.al\/index.php\/2025\/12\/13\/noka-pd-do-nise-protesta-pa-ndalim-suel-cela-ka-kercenuar-demokratet-qe-te-mos-merrnin-pjese-ne-foltoren-e-berishes\/","title":{"rendered":"PD do nis\u00eb protesta pa ndalim!"},"content":{"rendered":"<p><em>Sekretari i P\u00ebrgjithsh\u00ebm i PD-s\u00eb, Flamur Noka duke folur pas p\u00ebrfundimit t\u00eb mbledhjes s\u00eb kryesis\u00eb, u shpreh se protesta e dit\u00ebs s\u00eb h\u00ebn\u00eb, 22 dhjetor ora 17:00, do t\u00eb jet\u00eb e para, sepse do t\u00eb zhvillohen protesta pa ndalim.<\/em><\/p>\n<p><em>I pyetur n\u00eb lidhje me firmat e dh\u00ebna p\u00ebr Avokatin e Popullit, Noka u shpreh se, p\u00ebr k\u00ebt\u00eb akt \u00ebsht\u00eb k\u00ebrkuar ndjes\u00eb.<\/em><\/p>\n<p><em>\u2018Partia Demokratike n\u00ebp\u00ebrmjet kryetarit ka k\u00ebrkuar ndjes\u00eb publike\u2019, tha Noka.<\/em><\/p>\n<p><em>Duke folur p\u00ebr gazetar\u00ebt pas mbledhjes s\u00eb kryesis\u00eb s\u00eb PD-s\u00eb, sekretari i P\u00ebrgjithsh\u00ebm i k\u00ebsaj force politike, Flamur Noka denoncoi faktin se, bandat e Elbasanit, Suel \u00c7ela ka telefonuar dhe k\u00ebrc\u00ebnuar demokrat\u00ebt q\u00eb t\u00eb mos merrnin pjes\u00eb n\u00eb foltoren e zhvilluar dje n\u00eb Elbasan nga kreu i PD-s\u00eb, Sali Berisha.<\/em><\/p>\n<p><em>Sipas tij, k\u00ebrc\u00ebnimet jan\u00eb b\u00ebr\u00eb me q\u00ebllim q\u00eb demokrat\u00ebt t\u00eb merrnin pjes\u00eb n\u00eb nj\u00eb foltore q\u00eb do t\u00eb b\u00ebhet n\u00eb dit\u00ebt n\u00eb vijim.<\/em><\/p>\n<p><strong>Fjala e sekretarit t\u00eb P\u00ebrgjithsh\u00ebm t\u00eb PD, Flamur Noka me gazetar\u00ebt:<\/strong><\/p>\n<p>Kjo mbledhje kishte si nj\u00eb q\u00ebllim p\u00ebr t\u00eb diskutuar dhe p\u00ebr t\u2019ju b\u00ebr\u00eb transparent shqiptar\u00ebve p\u00ebr faktin q\u00eb Edi Rama drejt\u00ebsin\u00eb ose e ka n\u00ebn kontroll, ose n\u00eb momentin q\u00eb dikush e refuzon, ai del dhe e sulmon. Sulmin, sulmi i k\u00ebtyre dit\u00ebve, presioni q\u00eb \u00ebsht\u00eb b\u00ebr\u00eb Gjykat\u00ebs Kushtetuese p\u00ebr ta n\u00ebnshtruar dhe q\u00eb n\u00eb fund e n\u00ebnshtroi, tregon q\u00eb n\u00eb fund Shqip\u00ebri, n\u00eb Shqip\u00ebri reforma n\u00eb drejt\u00ebsi ka vdekur dhe Edi Rama \u00ebsht\u00eb drejt\u00ebsia, Edi Rama \u00ebsht\u00eb ekzekutivi, Edi Rama \u00ebsht\u00eb media n\u00eb Shqip\u00ebri, Edi Rama \u00ebsht\u00eb legjislativi, por \u00ebsht\u00eb edhe narkos, \u00ebsht\u00eb edhe narkos n\u00eb Shqip\u00ebri.<\/p>\n<p>Dhe p\u00ebr k\u00ebt\u00eb arsye, ne do t\u2019ju b\u00ebjm\u00eb thirrje shqiptar\u00ebve sot q\u00eb t\u00eb gjith\u00eb me dat\u00ebn 22 dhjetor, dit\u00ebn e h\u00ebn\u00eb, n\u00eb ora 17:00, t\u00eb v\u00ebrshojn\u00eb n\u00eb bulevardin D\u00ebshmor\u00ebt e Kombit. Nj\u00eb protest\u00eb pa kthim, pa ndalim, nj\u00eb protest\u00eb q\u00eb do t\u00eb, do t\u00eb jet\u00eb persistente. Pra, nuk do jet\u00eb vet\u00ebm nj\u00eb protest\u00eb. Ne do t\u00eb vazhdojm\u00eb ciklin e protestave derisa qeveria teknike t\u00eb trokas\u00eb n\u00eb vendin ton\u00eb dhe t\u00eb largohet narkosi dhe t\u2019i hapet rrug\u00eb zgjedhjeve t\u00eb lira, sepse jemi nj\u00eb vend, i vetmi vend n\u00eb Europ\u00eb q\u00eb nuk zhvillojm\u00eb zgjedhje t\u00eb lira, por zhvillojm\u00eb fars\u00eb.<\/p>\n<p>Dhe pa zgjedhje, pa zgjedhje t\u00eb lira, kuptoni nj\u00eb gj\u00eb. Pa zgjedhje t\u00eb lira, pa zgjedhje t\u00eb lira, asgj\u00eb tjet\u00ebr nuk ka kuptim dhe as demokracia, as pluralizmi.<\/p>\n<p>Un\u00eb po flas k\u00ebtu p\u00ebr axhend\u00ebn e demokrat\u00ebve dhe t\u00eb opozitar\u00ebve. Ju po flisni p\u00ebr axhenda jasht\u00ebpartiake t\u00eb cilat jan\u00eb n\u00eb sh\u00ebrbim t\u00eb qeveris\u00eb. Por, sot dor\u00ebheqja e vetme q\u00eb k\u00ebrkohet nga gjithkush n\u00eb k\u00ebt\u00eb vend \u00ebsht\u00eb dor\u00ebheqja e Edi Ram\u00ebs.<\/p>\n<p>Asgj\u00eb tjet\u00ebr nuk e stabilizon Shqip\u00ebrin\u00eb dhe asgj\u00eb tjet\u00ebr nuk i stabilizon dhe nuk i qet\u00ebson shpirtrat e shqiptar\u00ebve t\u00eb vjedhur, t\u00eb dhunuar, t\u00eb gjakosur, t\u00eb shpopulluar dhe t\u00eb varf\u00ebruar. Tani, dor\u00ebheqja, dor\u00ebheqja ime apo e dikujt tjet\u00ebr k\u00ebtu qet\u00ebson vet\u00ebm nj\u00eb gj\u00eb: Edi Ram\u00ebn dhe sh\u00ebrb\u00ebtor\u00ebt e tij. Kjo \u00ebsht\u00eb m\u00eb se e qart\u00eb dhe m\u00eb se evidente, sepse ky \u00ebsht\u00eb nj\u00eb realitet.<\/p>\n<p>P\u00ebr firmat q\u00eb jan\u00eb dh\u00ebn\u00eb p\u00ebr Avokatin e Popullit, ne kemi k\u00ebrkuar ndjes\u00eb.<\/p>\n<p>Partia Demokratike n\u00ebp\u00ebrmjet kryetarit ka k\u00ebrkuar ndjes\u00eb publike dhe do ta sqaroj k\u00ebt\u00eb gj\u00eb. Sigurisht q\u00eb kan\u00eb filluar dhe kan\u00eb k\u00ebrkuar ndjes\u00eb edhe shum\u00eb nga firm\u00ebtar\u00ebt dhe ky proces po vazhdon. Ndjesa \u00ebsht\u00eb ndaj demokratit dhe ndaj qytetar\u00ebve. P\u00ebr \u00e7far\u00eb \u00ebsht\u00eb ndjesa? Ndjesa \u00ebsht\u00eb p\u00ebr arsye se n\u00eb nj\u00eb ngutje sip\u00ebr ose n\u00eb nj\u00eb, n\u00eb nj\u00eb moment emocional kur ishte \u00e7\u00ebshtja e Bashkis\u00eb s\u00eb Tiran\u00ebs\u2026<\/p>\n<p>Jo, sqarimi \u00ebsht\u00eb gj\u00eb shum\u00eb e thjesht\u00eb e sqarim. Keni parasysh, shum\u00eb njer\u00ebz, po them shum\u00eb koleg\u00eb t\u00eb mi, n\u00ebn emocion pse Shabani kishte ofruar si mb\u00ebshtetje ndaj kandidatit t\u00eb p\u00ebrbashk\u00ebt t\u00eb opozit\u00ebs, mbase jan\u00eb dy. Sot n\u00eb mbledhje ka th\u00ebn\u00eb pes\u00eb deputet\u00eb q\u00eb i ka telefonuar dhe e pranoi dhe vet\u00eb Salianji. Madje ka, ka goj\u00ebdh\u00ebna q\u00eb vet\u00eb Grida \u00ebsht\u00eb negociatorja e Ram\u00ebs p\u00ebr Endri Shabanin.<\/p>\n<p>Goj\u00ebdh\u00ebna. Ka goj\u00ebdh\u00ebna. Tani, kjo \u00ebsht\u00eb histori q\u00eb nuk i intereson\u2026 Ju sqaroj, ju sqaroj. Flamur Noka n\u00eb cil\u00ebsin\u00eb e Sekretarit t\u00eb P\u00ebrgjithsh\u00ebm t\u00eb Partis\u00eb Demokratike dhe t\u00eb deputetit, ka debatuar me \u00e7do firm\u00ebtar. Ka qen\u00eb kund\u00ebr dhe \u00ebsht\u00eb kund\u00ebr. Flamur Noka ka nj\u00eb vullnet t\u00eb shprehur tek Adriana Kalaja, Besim D\u00ebgjoni dhe an\u00ebtar\u00eb t\u00eb tjer\u00eb.<\/p>\n<p>N\u00eb mbledhjen e grupit kam qen\u00eb i nga t\u00eb vetmit q\u00eb kam k\u00ebrkuar llogari p\u00ebr k\u00ebt\u00eb gabim q\u00eb \u00ebsht\u00eb b\u00ebr\u00eb. Ky \u00ebsht\u00eb q\u00ebndrimi imi personal n\u00eb raport me k\u00ebt\u00eb \u00e7\u00ebshtje q\u00eb po thoni.<\/p>\n<p>Por p\u00ebrsa i p\u00ebrket q\u00ebndrimit politik t\u00eb partis\u00eb, ne kemi k\u00ebrkuar ndjes\u00eb p\u00ebr nj\u00eb firm\u00eb e cila ishte p\u00ebr nj\u00eb faz\u00eb paraprake, por jo p\u00ebr seleksionimin e kandidat\u00ebsh dhe ju mediat keni nj\u00eb ndikim jo fort t\u00eb pak\u00ebt n\u00eb k\u00ebt\u00eb gj\u00eb, duke e paraqitur si fakt. Duke e paraqitur si fakt, jo fakt.<\/p>\n<p>Tani \u00e7dokush, shiko, t\u2019ju sqaroj nj\u00eb gj\u00eb. \u00c7donj\u00ebri nga koleg\u00ebt e mi q\u00eb kan\u00eb firmosur ka k\u00ebrkuar ndjes\u00eb dhe po k\u00ebrkon ndjes\u00eb. P\u00ebr nj\u00eb gabim i cili, i cili u t\u00ebrhoq, sepse duhet t\u2019i themi shqiptar\u00ebve nj\u00eb gj\u00eb.<\/p>\n<p>Pra, u t\u00ebrhoq\u00ebn po jua them un\u00eb, me dat\u00ebn 2 dhjetor, kreu i grupit parlamentar, n\u00eb em\u00ebr t\u00eb grupit parlamentar, me vendim t\u00eb grupit parlamentar, ka d\u00ebrguar nj\u00eb k\u00ebrkes\u00eb n\u00eb kryesin\u00eb e kuvendit ku k\u00ebrkon t\u00eb t\u00ebrhiqen firmat dhe aty te kjo k\u00ebrkes\u00eb \u00ebsht\u00eb \u00e7do firm\u00eb e \u00e7do deputeti t\u00eb Partis\u00eb Demokratike k\u00ebrkon t\u00ebrheqjen e firmave.<\/p>\n<p>Neni 72 i rregullores s\u00eb kuvendit, e them p\u00ebr shqiptar\u00ebt se ju besoj e dini, sakt\u00ebson se, sakt\u00ebson se deri n\u00eb momentin q\u00eb nj\u00eb dokument, nj\u00eb akt normativ apo vendim, shkon n\u00eb, shkon n\u00eb kuvend, deri n\u00eb at\u00eb moment e drejta \u00ebsht\u00eb p\u00ebr ta t\u00ebrhequr.<\/p>\n<p>Ne e dim\u00eb q\u00eb kemi Narkosin. At\u00ebher\u00eb, ju thoni shqiptar\u00ebve, ju thoni dhe ju medias shqiptar\u00ebve q\u00eb Narkosi kishte vendosur zgjedhjen e Endri Shabanit dhe me apo pa firmat, me apo pa firmat, firmat u t\u00ebrhoq\u00ebn.<\/p>\n<p>Ligji dhe rregullorja njeh t\u00ebrheqjen.<\/p>\n<p>U diskutua sepse kemi pasur ankesa q\u00eb nga Elbasani, q\u00eb Suel \u00c7ela \u00ebsht\u00eb angazhuar p\u00ebr t\u00eb telefonuar, pra p\u00ebr t\u00eb k\u00ebrc\u00ebnuar dhe shantazhuar demokrat\u00eb q\u00eb t\u00eb mos merrnin pjes\u00eb n\u00eb foltoren e Sali Berish\u00ebs dje, por t\u00eb marrin pjes\u00eb n\u00eb nj\u00eb foltore tjet\u00ebr, t\u00eb, nes\u00ebr apo pasnes\u00ebr, nuk e di dat\u00ebn sakt\u00eb.<\/p>\n<p>K\u00ebt\u00eb po ju them, kaq. Dhe kjo gj\u00eb sigurisht, ky \u00ebsht\u00eb nj\u00eb shqet\u00ebsim sepse \u00e7far\u00eb \u00ebsht\u00eb? Pse? Ne e kemi b\u00ebr\u00eb publik me koh\u00eb. Ne kemi th\u00ebn\u00eb q\u00eb kund\u00ebr Partis\u00eb Demokratike, \u00ebsht\u00eb regjimi i Edi Ram\u00ebs, jan\u00eb kartelet dhe nj\u00eb nga kartelet q\u00eb k\u00ebrkon k\u00ebt\u00eb gj\u00eb \u00ebsht\u00eb ai i Elbasanit.<\/p>\n<p>Ne jemi n\u00eb luft\u00eb t\u00eb hapur me t\u00eb. Ju jeni d\u00ebshmitar\u00eb. Po ka nj\u00eb njeri n\u00eb k\u00ebt\u00eb tok\u00eb, pas Sali Berish\u00ebs, q\u00eb ka drejtuar gishtin ndaj karteleve dhe ndaj Suel \u00c7el\u00ebs si njeri t\u00eb p\u00ebrfshir\u00eb jo vet\u00ebm n\u00eb trafiqe, por edhe n\u00eb pazaret e pista elektorale me Rilindjen, \u00ebsht\u00eb Flamur Noka dhe ju jeni d\u00ebshmitar\u00eb, se n\u00eb ekranet tuaja e kam b\u00ebr\u00eb un\u00eb k\u00ebt\u00eb betej\u00eb pa reshtur prej disa vitesh.<\/p>\n<p>Por kjo s\u2019m\u00eb ndalon dot q\u00eb ta them dhe brenda kur un\u00eb kam informacione q\u00eb kjo po ndodh. Shiko jemi Partia Demokratike, ne diskutojm\u00eb \u00e7do gj\u00eb. Ne nuk kemi asgj\u00eb p\u00ebr t\u00eb fshehur.<\/p>\n<p>Kini durim. D\u00ebgjoni t\u2019jua sqaroj. \u00c7do gjyqtar atje q\u00eb \u00ebsht\u00eb n\u00eb at\u00eb karrige, nuk ka shkuar me vullnetin e Partis\u00eb Demokratike dhe nuk p\u00ebrfaq\u00ebson as Partin\u00eb Demokratike, asnj\u00eb opozitar t\u00eb k\u00ebtij vendi. Q\u00eb t\u00eb jemi t\u00eb qart\u00eb. T\u00eb gjith\u00eb p\u00ebrfaq\u00ebsojn\u00eb vullnetet e Narkosit dhe t\u00eb regjimit dhe narko-regjimit.<\/p>\n<p>Prit t\u2019jua them un\u00eb pse. Reform\u00ebn n\u00eb drejt\u00ebsi e votuam t\u00eb gjith\u00eb bashk\u00eb me 140 vota. Por 6 ligjet q\u00eb prodhuan k\u00ebt\u00eb narko-reform\u00eb sot E b\u00ebri Edi Rama. Un\u00eb kam folur gjithmon\u00eb, un\u00eb flas seriozisht dhe tamam se nuk jam turp. Un\u00eb flas seriozisht.<\/p>\n<p>Sonila Bejtja dhe \u00e7donj\u00ebri nga an\u00ebtar\u00ebt e Gjykat\u00ebs Kushtetuese nuk ka asnj\u00eb njohje, asnj\u00eb lidhje me Partin\u00eb Demokratike.<\/p>\n<p>Un\u00eb e kuptoj d\u00ebshirat p\u00ebr p\u00ebr t\u2019i veshur opozit\u00ebs edhe fajin q\u00eb s\u2019qeveriset mir\u00eb, edhe fajin q\u00eb q\u00eb vjedh Edi Rama, edhe fajin q\u00eb k\u00ebtu kartelet jan\u00eb ngritur, i lihet opozit\u00ebs, edhe fajin q\u00eb po shpopullohet Shqip\u00ebria i lihet opozit\u00ebs, nga mediat, por m\u00eb vjen keq. Ju lutem, konsiderojeni faktin q\u00eb \u00ebsht\u00eb fakt.<\/p>\n<p>Atje asnj\u00eb gjyqtar, asnj\u00eb prokuror n\u00eb Republik\u00ebn e Shqip\u00ebris\u00eb, dhe e din\u00eb gjithkush sot, nuk \u00ebsht\u00eb, nuk ka nevoj\u00eb t\u2019jua them un\u00eb, nuk ka lidhje dhe s\u2019ka pasur lidhje me Partin\u00eb Demokratike.<\/p>\n<p>Madje po ju them un\u00eb, koha v\u00ebrtetoi q\u00eb reforma u b\u00eb p\u00ebr t\u00eb hequr \u00e7do njeri i cili ka mendim ndryshe nga Narkosi, jo m\u00eb q\u00eb t\u00eb kishte lidhje me Partin\u00eb Demokratike.<\/p>\n<p>Dhe kjo \u00ebsht\u00eb bot\u00ebrisht e ditur.<\/p>\n","protected":false},"excerpt":{"rendered":"<p>Sekretari i P\u00ebrgjithsh\u00ebm i PD-s\u00eb, Flamur Noka duke folur pas p\u00ebrfundimit t\u00eb mbledhjes s\u00eb kryesis\u00eb, u shpreh se protesta e dit\u00ebs s\u00eb h\u00ebn\u00eb, 22 dhjetor ora 17:00, do t\u00eb jet\u00eb e para, sepse do t\u00eb zhvillohen protesta pa ndalim. I pyetur n\u00eb lidhje me firmat e dh\u00ebna p\u00ebr Avokatin e Popullit, Noka u shpreh se, &hellip;<\/p>\n","protected":false},"author":4,"featured_media":131019,"comment_status":"closed","ping_status":"closed","sticky":false,"template":"","format":"standard","meta":{"footnotes":""},"categories":[37],"tags":[],"class_list":["post-131018","post","type-post","status-publish","format-standard","has-post-thumbnail","","category-politike"],"_links":{"self":[{"href":"https:\/\/rdnews.al\/index.php\/wp-json\/wp\/v2\/posts\/131018","targetHints":{"allow":["GET"]}}],"collection":[{"href":"https:\/\/rdnews.al\/index.php\/wp-json\/wp\/v2\/posts"}],"about":[{"href":"https:\/\/rdnews.al\/index.php\/wp-json\/wp\/v2\/types\/post"}],"author":[{"embeddable":true,"href":"https:\/\/rdnews.al\/index.php\/wp-json\/wp\/v2\/users\/4"}],"replies":[{"embeddable":true,"href":"https:\/\/rdnews.al\/index.php\/wp-json\/wp\/v2\/comments?post=131018"}],"version-history":[{"count":2,"href":"https:\/\/rdnews.al\/index.php\/wp-json\/wp\/v2\/posts\/131018\/revisions"}],"predecessor-version":[{"id":131033,"href":"https:\/\/rdnews.al\/index.php\/wp-json\/wp\/v2\/posts\/131018\/revisions\/131033"}],"wp:featuredmedia":[{"embeddable":true,"href":"https:\/\/rdnews.al\/index.php\/wp-json\/wp\/v2\/media\/131019"}],"wp:attachment":[{"href":"https:\/\/rdnews.al\/index.php\/wp-json\/wp\/v2\/media?parent=131018"}],"wp:term":[{"taxonomy":"category","embeddable":true,"href":"https:\/\/rdnews.al\/index.php\/wp-json\/wp\/v2\/categories?post=131018"},{"taxonomy":"post_tag","embeddable":true,"href":"https:\/\/rdnews.al\/index.php\/wp-json\/wp\/v2\/tags?post=131018"}],"curies":[{"name":"wp","href":"https:\/\/api.w.org\/{rel}","templated":true}]}}