{"id":131098,"date":"2025-12-15T12:36:27","date_gmt":"2025-12-15T12:36:27","guid":{"rendered":"https:\/\/rdnews.al\/?p=131098"},"modified":"2025-12-15T12:36:27","modified_gmt":"2025-12-15T12:36:27","slug":"berisha-firmat-per-endrit-shabanin-jane-terhequr-me-firme-tani-rruga-e-vetme-eshte-protesta","status":"publish","type":"post","link":"https:\/\/rdnews.al\/index.php\/2025\/12\/15\/berisha-firmat-per-endrit-shabanin-jane-terhequr-me-firme-tani-rruga-e-vetme-eshte-protesta\/","title":{"rendered":"Berisha: Firmat p\u00ebr Endrit Shabanin jan\u00eb t\u00ebrhequr me firm\u00eb, tani rruga e vetme \u00ebsht\u00eb protesta!"},"content":{"rendered":"<p>Kryetari i PD, Sali Berisha tha se, firmat p\u00ebr Endrit Shabanin jan\u00eb t\u00ebrhequr me firm\u00eb, tani rruga e vetme \u00ebsht\u00eb protesta, kush ka guxim, t\u00eb na bashkohet.<\/p>\n<p><strong>Berisha:<\/strong> Do t\u00eb jet\u00eb \u00e7\u00ebshtje q\u00eb do t\u00eb diskutohet.<\/p>\n<p>Fjal\u00ebt nuk i merr era.<\/p>\n<p>Firmat nuk jan\u00eb fjal\u00eb.<\/p>\n<p>Firmat jan\u00eb t\u00ebrhequr me firm\u00eb.<\/p>\n<p>Pra, ndjesa \u00ebsht\u00eb k\u00ebrkuar, normale, por firmat e dh\u00ebna p\u00ebr Endrit Shabanin, jan\u00eb t\u00ebrhequr jo me fjal\u00eb, se edhe me fjal\u00eb mund t\u00eb t\u00ebrhiqeshin, por jan\u00eb t\u00ebrhequr me firm\u00eb nga secili.<\/p>\n<p>Pra, firmat jan\u00eb b\u00ebr\u00eb zero nga ata q\u00eb kishin firmosur&#8230;<\/p>\n<p>&#8230;Ka nj\u00eb problem k\u00ebtu. Ka nj\u00eb propagand\u00eb t\u00eb shpifur, me t\u00eb cil\u00ebn Edi Rama p\u00ebrpiqet t\u00eb laj\u00eb duart si Ponc Pilati.<\/p>\n<p>Dhe u them demokrat\u00ebve mos u mashtroni.<\/p>\n<p>Dhe u them qytetar\u00ebve mos u mashtroni.<\/p>\n<p>Se Endrit Shabani kurr\u00eb nuk \u00ebsht\u00eb zgjedhur me firmat e deputet\u00ebve demokrat\u00eb.<\/p>\n<p>Se \u00e7do deputet demokrat, me firm\u00eb ka t\u00ebrhequr firm\u00ebn q\u00eb i \u00ebsht\u00eb dh\u00ebn\u00eb, n\u00eb nj\u00eb koh\u00eb kur ekzistoi nj\u00eb lloj koalicioni p\u00ebr Bashkin\u00eb e Tiran\u00ebs.<\/p>\n<p>Pra, e v\u00ebrteta \u00ebsht\u00eb kjo.<\/p>\n<p>Propaganda \u00ebsht\u00eb propagand\u00eb.<\/p>\n<p>Un\u00eb u k\u00ebrkoj demokrat\u00ebve t\u00eb shohin t\u00eb v\u00ebrtet\u00ebn n\u00eb sy dhe jo propagand\u00ebn mashtruese t\u00eb Edi Ram\u00ebs dhe kriptoramist\u00ebve se nuk sjell asnj\u00eb dobi&#8230;<\/p>\n<p>&#8230;Lidhur me pyetjen tjet\u00ebr. Ajo do nj\u00eb diskutim dhe do nj\u00eb konkluzion, nuk p\u00ebrb\u00ebn asnj\u00eb lloj problemi ajo.<\/p>\n<p>Nuk ishte \u00e7\u00ebshtja k\u00ebtu se ne po k\u00ebrkonim p\u00ebr pushtet nj\u00eb kandidatur\u00eb konsensuale p\u00ebr Avokatin e Popullit, jo, ne e k\u00ebrkonim at\u00eb p\u00ebr t\u00eb drejtat e qytetar\u00ebve.<\/p>\n<p>Por, Edi Rama n\u00eb etjen e tij t\u00eb \u00e7mendur, t\u00eb pashuar p\u00ebr pushtet, mori edhe institucionin e fundit.<\/p>\n<p>Ky institucion ishte i vetmi q\u00eb kishte mbetur me nj\u00eb ujdi.<\/p>\n<p>E mori, kaq ishte i gjith\u00eb problemi.<\/p>\n<p>Tani, rruga jon\u00eb \u00ebsht\u00eb rruga e protest\u00ebs.<\/p>\n<p>Ata q\u00eb kan\u00eb guxim t\u00eb bashkohen me ne n\u00eb k\u00ebt\u00eb rrug\u00eb gjer n\u00eb triumfin e kauz\u00ebs ton\u00eb t\u00eb drejt\u00eb.<\/p>\n<p>Diktaturat kurr\u00eb nuk rr\u00ebzohen me vot\u00eb, diktaturat jan\u00eb rr\u00ebzuar me revolta dhe protesta t\u00eb fuqishme.<\/p>\n","protected":false},"excerpt":{"rendered":"<p>Kryetari i PD, Sali Berisha tha se, firmat p\u00ebr Endrit Shabanin jan\u00eb t\u00ebrhequr me firm\u00eb, tani rruga e vetme \u00ebsht\u00eb protesta, kush ka guxim, t\u00eb na bashkohet. Berisha: Do t\u00eb jet\u00eb \u00e7\u00ebshtje q\u00eb do t\u00eb diskutohet. Fjal\u00ebt nuk i merr era. Firmat nuk jan\u00eb fjal\u00eb. Firmat jan\u00eb t\u00ebrhequr me firm\u00eb. Pra, ndjesa \u00ebsht\u00eb k\u00ebrkuar, normale, &hellip;<\/p>\n","protected":false},"author":4,"featured_media":131088,"comment_status":"closed","ping_status":"closed","sticky":false,"template":"","format":"standard","meta":{"footnotes":""},"categories":[37],"tags":[],"class_list":["post-131098","post","type-post","status-publish","format-standard","has-post-thumbnail","","category-politike"],"_links":{"self":[{"href":"https:\/\/rdnews.al\/index.php\/wp-json\/wp\/v2\/posts\/131098","targetHints":{"allow":["GET"]}}],"collection":[{"href":"https:\/\/rdnews.al\/index.php\/wp-json\/wp\/v2\/posts"}],"about":[{"href":"https:\/\/rdnews.al\/index.php\/wp-json\/wp\/v2\/types\/post"}],"author":[{"embeddable":true,"href":"https:\/\/rdnews.al\/index.php\/wp-json\/wp\/v2\/users\/4"}],"replies":[{"embeddable":true,"href":"https:\/\/rdnews.al\/index.php\/wp-json\/wp\/v2\/comments?post=131098"}],"version-history":[{"count":1,"href":"https:\/\/rdnews.al\/index.php\/wp-json\/wp\/v2\/posts\/131098\/revisions"}],"predecessor-version":[{"id":131099,"href":"https:\/\/rdnews.al\/index.php\/wp-json\/wp\/v2\/posts\/131098\/revisions\/131099"}],"wp:featuredmedia":[{"embeddable":true,"href":"https:\/\/rdnews.al\/index.php\/wp-json\/wp\/v2\/media\/131088"}],"wp:attachment":[{"href":"https:\/\/rdnews.al\/index.php\/wp-json\/wp\/v2\/media?parent=131098"}],"wp:term":[{"taxonomy":"category","embeddable":true,"href":"https:\/\/rdnews.al\/index.php\/wp-json\/wp\/v2\/categories?post=131098"},{"taxonomy":"post_tag","embeddable":true,"href":"https:\/\/rdnews.al\/index.php\/wp-json\/wp\/v2\/tags?post=131098"}],"curies":[{"name":"wp","href":"https:\/\/api.w.org\/{rel}","templated":true}]}}