{"id":131119,"date":"2025-12-15T17:56:35","date_gmt":"2025-12-15T17:56:35","guid":{"rendered":"https:\/\/rdnews.al\/?p=131119"},"modified":"2025-12-15T18:26:03","modified_gmt":"2025-12-15T18:26:03","slug":"vokshi-zgjedhja-e-berishes-si-zv-president-i-idc-cdi-mesazh-i-qarte-per-shqiperine-narko-shtet","status":"publish","type":"post","link":"https:\/\/rdnews.al\/index.php\/2025\/12\/15\/vokshi-zgjedhja-e-berishes-si-zv-president-i-idc-cdi-mesazh-i-qarte-per-shqiperine-narko-shtet\/","title":{"rendered":"Vokshi: Zgjedhja e Berish\u00ebs si zv\/president i IDC-CDI, mesazh i qart\u00eb p\u00ebr Shqip\u00ebrin\u00eb narko-shtet!"},"content":{"rendered":"<p>Deputetja e PD, Albana Vokshi, n\u00eb fjalimin e saj gjat\u00eb \u2018Foltores- Kuvendi i qytetar\u00ebve dhe deputet\u00ebve\u2019, tha se zgjedhja e Berish\u00ebs si zv\/president i IDC-CDI pasqyron njohjen nd\u00ebrkomb\u00ebtare t\u00eb rolit t\u00eb tij historik n\u00eb nd\u00ebrtimin e demokracis\u00eb n\u00eb Shqip\u00ebri.<\/p>\n<p>Ajo gjithashtu denoncoi problemet e thella t\u00eb shtetit shqiptar, duke p\u00ebrfshir\u00eb lidhjet e qeveris\u00eb me krimin e organizuar dhe drog\u00ebn, dhe vuri n\u00eb dukje miratimin e rezolutave nd\u00ebrkomb\u00ebtare q\u00eb paralajm\u00ebrojn\u00eb rreziqet p\u00ebr sigurin\u00eb europiane.<\/p>\n<p>\u201cTashm\u00eb \u00ebsht\u00eb e qart\u00eb p\u00ebr t\u00eb gjith\u00eb faktorin nd\u00ebrkomb\u00ebtar. Propaganda dhe parat\u00eb e korrupsionit nuk e fshehin m\u00eb realitetin e Shqip\u00ebris\u00eb n\u00ebn regjimin autokratik t\u00eb Edi Ram\u00ebs.<\/p>\n<p>Ky realitet po njihet \u00e7do dit\u00eb, po denoncohet hapur n\u00eb \u00e7do forum, n\u00eb \u00e7do konferenc\u00eb apo takim nd\u00ebrkomb\u00ebtar. Sot dua t\u00eb ndaj me ju disa prej ngjarjeve m\u00eb t\u00eb r\u00ebnd\u00ebsishme t\u00eb vet\u00ebm tre jav\u00ebve t\u00eb fundit n\u00eb marr\u00ebdh\u00ebniet e Partis\u00eb Demokratike dhe Frontit Opozitar me faktorin nd\u00ebrkomb\u00ebtar.<\/p>\n<p>Dua ta nis n\u00eb 22 n\u00ebntor, n\u00eb Sao Paulo t\u00eb Brazilit.<\/p>\n<p>Kryetari i Partis\u00eb Demokratike, profesor doktor Sali Berisha, zgjidhet n\u00eb postin e lart\u00eb t\u00eb z\u00ebvend\u00ebs presidentit t\u00eb CDI-s\u00eb, Centrist Democrat International, me vot\u00eb unanime. Dhe se u zgjodh, sepse u vler\u00ebsua roli i tij historik q\u00eb nga rr\u00ebzimi i komunizmit. Me motivacionin, dhe un\u00eb dua t&#8217;ju lexoj dhe motivacionin pse u propozua dhe pse u zgjodh zoti Berisha.<\/p>\n<p>Profesor doktor Sali Berisha ka qen\u00eb nj\u00eb nga arkitekt\u00ebt historik\u00eb t\u00eb liris\u00eb dhe transformimit demokratik t\u00eb Shqip\u00ebris\u00eb. Nga roli i tij i guximsh\u00ebm p\u00ebr r\u00ebnien paq\u00ebsore t\u00eb komunizmit n\u00eb vitin 1990, deri tek udh\u00ebheqja e tij e palodhur si president dhe kryeminist\u00ebr.<\/p>\n<p>Ai i ka kushtuar jet\u00ebn nd\u00ebrtimit t\u00eb institucioneve demokratike, mbrojtjes s\u00eb pluralizmit politik dhe avancimit t\u00eb integrimit t\u00eb Shqip\u00ebris\u00eb n\u00eb NATO dhe Bashkimin Europian. Gjat\u00eb m\u00eb shum\u00eb se tre dekadave, vazhdon motivacioni, p\u00ebr sh\u00ebrbimi publik i profesor doktor Sali Berisha \u00ebsht\u00eb quajtur si mbrojt\u00ebs i q\u00ebndruesh\u00ebm i demokracis\u00eb, t\u00eb drejtave t\u00eb njeriut, vlerave europiane n\u00eb Ballkan.<\/p>\n<p>Guximi i tij moral, vizioni dhe p\u00ebrkushtimi i p\u00ebrjetsh\u00ebm ndaj liris\u00eb vazhdojn\u00eb t\u00eb frym\u00ebzojn\u00eb demokrat\u00ebt n\u00eb t\u00eb gjith\u00eb rajonin dhe m\u00eb gjer\u00eb. Gjithashtu, n\u00eb asamblen\u00eb politike t\u00eb CDI-s\u00eb u miratua unanimisht nj\u00eb rezolut\u00eb e r\u00ebnd\u00ebsishme p\u00ebr Shqip\u00ebrin\u00eb, q\u00eb konstaton: zgjedhjet e 11 majit nuk ishin as t\u00eb lira, as t\u00eb ndershme, ishin fars\u00eb elektorale.<\/p>\n<p>Rezoluta denoncon shkrirjen shtet-parti-krim, drejt\u00ebsin\u00eb selektive dhe keqp\u00ebrdorimin e saj si mjet kund\u00ebr opozit\u00ebs dhe lider\u00ebve t\u00eb opozit\u00ebs edhe n\u00eb vitin zgjedhor. Rezoluta paralajm\u00ebron rrezikun q\u00eb narko-shteti shqiptar paraqet p\u00ebr sigurin\u00eb europiane.<\/p>\n<p>Partia Popullore Europiane, e cila \u00ebsht\u00eb an\u00ebtare e CDI-s\u00eb, jo vet\u00ebm e votoi dhe e miratoi k\u00ebt\u00eb rezolut\u00eb, por edhe me an\u00eb t\u00eb sekretares s\u00eb p\u00ebrgjithshme t\u00eb PPE-s\u00eb, zyrtarisht theksoi faktin q\u00eb nj\u00eb nd\u00ebr kat\u00ebr pikat e fokusit t\u00eb PPE-s\u00eb n\u00eb vijim do jet\u00eb dhe Shqip\u00ebria. \u00c7far\u00eb tha zonja Monserrat? PPE insiston q\u00eb an\u00ebtar\u00ebsimi i Shqip\u00ebris\u00eb n\u00eb Bashkimin Europian t\u00eb kusht\u00ebzohet me ndalimin e rr\u00ebshqitjes demokratike dhe kapjes s\u00eb mediave dhe drejt\u00ebsis\u00eb, t\u00eb kryera nga lidershipi i lidhur me trafikun e drog\u00ebs, krimin e organizuar dhe pastrimin e parave.<\/p>\n<p>Kurr\u00eb ndonj\u00ebher\u00eb faktori nd\u00ebrkomb\u00ebtar, institucione t\u00eb r\u00ebnd\u00ebsishme si CDI-ja, PPE-ja, kan\u00eb theksuar k\u00ebt\u00eb narko-shtet t\u00eb lidhur, q\u00eb ka b\u00ebr\u00eb pakt me krimin e organizuar dhe kartelet e drog\u00ebs. Q\u00ebndrimi i PPE-s\u00eb p\u00ebrb\u00ebn sinjal t\u00eb qart\u00eb politik n\u00eb drejtim t\u00eb institucioneve europiane dhe autoriteteve shqiptare, duke n\u00ebnvizuar r\u00ebnd\u00ebsin\u00eb e rikthimit n\u00eb standartet e shtetit t\u00eb s\u00eb drejt\u00ebs.<\/p>\n<p>N\u00eb Kopenhagen, n\u00eb takimin e komisioneve t\u00eb jashtme me dat\u00eb 1 dhjetor, kam, kam informuar t\u00eb gjitha k\u00ebto komisioneve t\u00eb vendeve an\u00ebtare dhe kandidate q\u00eb Shqip\u00ebria duhet t\u00eb b\u00ebhet nj\u00eb vend si Danimarka, me liri dhe pa korrupsion, vet\u00ebm p\u00ebrmes shtetit t\u00eb s\u00eb drejt\u00ebs, zgjedhjeve t\u00eb lira, drejt\u00ebsis\u00eb s\u00eb pavarur, institucioneve funksionale.<\/p>\n<p>N\u00eb Uashington, 2 deri n\u00eb 5 dhjetor, IDU, nj\u00eb tjet\u00ebr formacion politik me dhjet\u00ebra parti t\u00eb qendr\u00ebs s\u00eb djatht\u00eb dhe t\u00eb djathta, kan\u00eb votuar n\u00eb m\u00ebnyr\u00eb unanime nj\u00eb tjet\u00ebr rezolut\u00eb t\u00eb r\u00ebnd\u00ebsishme p\u00ebr situat\u00ebn n\u00eb Shqip\u00ebri\u201d,\u00a0tha Vokshi.<\/p>\n","protected":false},"excerpt":{"rendered":"<p>Deputetja e PD, Albana Vokshi, n\u00eb fjalimin e saj gjat\u00eb \u2018Foltores- Kuvendi i qytetar\u00ebve dhe deputet\u00ebve\u2019, tha se zgjedhja e Berish\u00ebs si zv\/president i IDC-CDI pasqyron njohjen nd\u00ebrkomb\u00ebtare t\u00eb rolit t\u00eb tij historik n\u00eb nd\u00ebrtimin e demokracis\u00eb n\u00eb Shqip\u00ebri. Ajo gjithashtu denoncoi problemet e thella t\u00eb shtetit shqiptar, duke p\u00ebrfshir\u00eb lidhjet e qeveris\u00eb me krimin &hellip;<\/p>\n","protected":false},"author":4,"featured_media":131134,"comment_status":"closed","ping_status":"closed","sticky":false,"template":"","format":"standard","meta":{"footnotes":""},"categories":[37],"tags":[],"class_list":["post-131119","post","type-post","status-publish","format-standard","has-post-thumbnail","","category-politike"],"_links":{"self":[{"href":"https:\/\/rdnews.al\/index.php\/wp-json\/wp\/v2\/posts\/131119","targetHints":{"allow":["GET"]}}],"collection":[{"href":"https:\/\/rdnews.al\/index.php\/wp-json\/wp\/v2\/posts"}],"about":[{"href":"https:\/\/rdnews.al\/index.php\/wp-json\/wp\/v2\/types\/post"}],"author":[{"embeddable":true,"href":"https:\/\/rdnews.al\/index.php\/wp-json\/wp\/v2\/users\/4"}],"replies":[{"embeddable":true,"href":"https:\/\/rdnews.al\/index.php\/wp-json\/wp\/v2\/comments?post=131119"}],"version-history":[{"count":1,"href":"https:\/\/rdnews.al\/index.php\/wp-json\/wp\/v2\/posts\/131119\/revisions"}],"predecessor-version":[{"id":131121,"href":"https:\/\/rdnews.al\/index.php\/wp-json\/wp\/v2\/posts\/131119\/revisions\/131121"}],"wp:featuredmedia":[{"embeddable":true,"href":"https:\/\/rdnews.al\/index.php\/wp-json\/wp\/v2\/media\/131134"}],"wp:attachment":[{"href":"https:\/\/rdnews.al\/index.php\/wp-json\/wp\/v2\/media?parent=131119"}],"wp:term":[{"taxonomy":"category","embeddable":true,"href":"https:\/\/rdnews.al\/index.php\/wp-json\/wp\/v2\/categories?post=131119"},{"taxonomy":"post_tag","embeddable":true,"href":"https:\/\/rdnews.al\/index.php\/wp-json\/wp\/v2\/tags?post=131119"}],"curies":[{"name":"wp","href":"https:\/\/api.w.org\/{rel}","templated":true}]}}