{"id":131122,"date":"2025-12-15T17:59:56","date_gmt":"2025-12-15T17:59:56","guid":{"rendered":"https:\/\/rdnews.al\/?p=131122"},"modified":"2025-12-15T18:26:32","modified_gmt":"2025-12-15T18:26:32","slug":"zhupa-48-e-femijeve-nen-18-vjec-ne-varferi-ekstreme-kalohen-vetem-ligje-per-oligarket","status":"publish","type":"post","link":"https:\/\/rdnews.al\/index.php\/2025\/12\/15\/zhupa-48-e-femijeve-nen-18-vjec-ne-varferi-ekstreme-kalohen-vetem-ligje-per-oligarket\/","title":{"rendered":"Zhupa: 48% e f\u00ebmij\u00ebve n\u00ebn 18-vje\u00e7 n\u00eb varf\u00ebri ekstreme, kalohen vet\u00ebm ligje p\u00ebr oligark\u00ebt!"},"content":{"rendered":"<p>Deputetja e PD, Ina Zhupa ka l\u00ebshuar akuza t\u00eb forta ndaj qeveris\u00eb dhe parlamentit, duke i cil\u00ebsuar si institucione q\u00eb punojn\u00eb p\u00ebr interesat e nj\u00eb grushti njer\u00ebzish dhe jo p\u00ebr qytetar\u00ebt.<\/p>\n<p>Gjat\u00eb fjal\u00ebs s\u00eb saj n\u00eb foltoren para Kryeministris\u00eb, Zhupa ka paraqitur nj\u00eb panoram\u00eb t\u00eb zymt\u00eb sociale, duke theksuar se varf\u00ebria ekstreme dhe mungesa e shpres\u00ebs po detyrojn\u00eb t\u00eb rinjt\u00eb t\u00eb largohen masivisht nga vendi.<\/p>\n<p>Duke cituar t\u00eb dh\u00ebnat e Eurostat-it, Zhupa deklaroi se 48% e f\u00ebmij\u00ebve n\u00ebn 18 vje\u00e7 n\u00eb Shqip\u00ebri jetojn\u00eb n\u00eb varf\u00ebri ekstreme. Sipas saj, kjo situat\u00eb dramatike reflektohet edhe n\u00eb pamund\u00ebsin\u00eb e familjeve p\u00ebr t\u00eb p\u00ebrballuar jetes\u00ebn, madje edhe n\u00eb muajin e festave.<\/p>\n<p><strong>Ina Zhupa:\u00a0<\/strong>T\u00eb flas\u00ebsh para jush \u00ebsht\u00eb nj\u00eb p\u00ebrgjegj\u00ebsi sepse ju keni zgjedhur q\u00eb t\u00eb mos q\u00ebndroni, keni zgjedhur t\u00eb protestoni. Keni zgjedhur q\u00eb t\u00eb flisni n\u00eb em\u00ebr t\u00eb atyre mij\u00ebra, qindra mij\u00ebra shqiptar\u00ebve q\u00eb protestojn\u00eb, protestojn\u00eb \u00e7do dit\u00eb p\u00ebr gjendjen e tyre, por ndoshta ende nuk kan\u00eb gjetur kurajon q\u00eb t\u00eb bashkohen fizikisht n\u00eb protest\u00ebn ton\u00eb. Un\u00eb p\u00ebrsh\u00ebndes edhe protest\u00ebn e aktivist\u00ebve Shqip\u00ebria b\u00ebhet dhe d\u00ebnoj dhun\u00ebn policore ndaj tyre, sepse sheshi \u00ebsht\u00eb p\u00ebr t\u00eb gjith\u00eb, sheshi \u00ebsht\u00eb p\u00ebr t\u00eb gjith\u00eb protestuesit kundra Edi Ram\u00ebs, pa asnj\u00eb dallim, p\u00ebr \u00e7do opozitar, p\u00ebr \u00e7do qytetar, t\u00eb bashkohemi sepse \u00ebsht\u00eb nj\u00eb e keqe e madhe q\u00eb mund ta luftojm\u00eb vet\u00ebm t\u00eb bashkuar dhe pa dallime.<\/p>\n<p>Para meje foli Eliani dhe e d\u00ebgjova me shum\u00eb v\u00ebmendje. \u00cbsht\u00eb shqet\u00ebsimi i mij\u00ebra student\u00ebve. Un\u00eb jam pedagoge dhe pyetja q\u00eb i b\u00ebra student\u00ebve ishte, sa nga ju doni t\u00eb ikni nga Shqip\u00ebria? Dhe fatkeq\u00ebsia ishte q\u00eb t\u00eb gjith\u00eb ngrit\u00ebn dor\u00ebn. T\u00eb gjith\u00eb donin t\u00eb iknin nga Shqip\u00ebria, dikush sepse e kishte t\u00eb pamundur t\u00eb mjekonte n\u00ebn\u00ebn e vet t\u00eb s\u00ebmur\u00eb me kancer. Dikush sepse nuk e shikonte t\u00eb ardhmen k\u00ebtu si student\u00eb t\u00eb masterit q\u00eb jan\u00eb, p\u00ebr f\u00ebmij\u00ebt e vet. T\u00eb gjith\u00eb kishin arsye. Askush nuk kishte shpres\u00eb p\u00ebr Shqip\u00ebrin\u00eb. Varf\u00ebria \u00ebsht\u00eb ulur k\u00ebmb\u00ebkryq. Ne jemi n\u00eb muajin dhjetor, jemi n\u00eb muajin e festave, ku \u00e7do familje normale do duhet t\u00eb mendonte p\u00ebr nj\u00eb dhurat\u00eb p\u00ebr f\u00ebmij\u00ebt, do duhet t\u00eb mendonte p\u00ebr dark\u00ebn e fest\u00ebs, por n\u00eb fakt askush nuk e mendon k\u00ebt\u00eb. Mendojn\u00eb se si do t\u00eb shtyjn\u00eb muajin. Mendojn\u00eb q\u00eb nuk kan\u00eb pasur kurr\u00eb mund\u00ebsi n\u00eb jet\u00ebn e tyre t&#8217;i b\u00ebnin nj\u00eb dhurat\u00eb f\u00ebmij\u00ebs. Sipas t\u00eb dh\u00ebnave t\u00eb Eurostat-it, 48% e f\u00ebmij\u00ebve n\u00ebn 18 vje\u00e7 n\u00eb Shqip\u00ebri jetojn\u00eb n\u00eb varf\u00ebri ekstreme.<\/p>\n<p>Dhe kur nj\u00eb parlament nuk b\u00ebn dot nj\u00eb ligj q\u00eb t&#8217;i garantoj\u00eb t\u00eb ardhura familjeve n\u00eb nevoj\u00eb, nuk b\u00ebn dot nj\u00eb ligj p\u00ebr minimumin jetik, q\u00eb askush n\u00eb Shqip\u00ebri mos t\u00eb marri n\u00ebn 200 euro, \u00ebsht\u00eb nj\u00eb parlament kriminal. \u00cbsht\u00eb nj\u00eb parlament i cili punon p\u00ebr interesat e nj\u00eb grushti njer\u00ebzve. \u00cbsht\u00eb nj\u00eb parlament q\u00eb vet\u00ebm t\u00eb enjten e kaluar kaloi amnistin\u00eb fiskale p\u00ebr t\u00eb falur miliona euro t\u00eb atyre q\u00eb kan\u00eb b\u00ebr\u00eb biznes me qeverin\u00eb, ato miliona euro q\u00eb mund t\u00eb ishin n\u00eb sh\u00ebrbimin tuaj, n\u00eb sh\u00ebrbim t\u00eb sh\u00ebndet\u00ebsis\u00eb, n\u00eb sh\u00ebrbim t\u00eb bursave t\u00eb arsimit, n\u00eb sh\u00ebrbim t\u00eb familjeve n\u00eb nevoj\u00eb. Imagjinojeni miq q\u00eb nj\u00eb f\u00ebmij\u00eb jetim merr vet\u00ebm 60.000 lek\u00eb t\u00eb vjetra n\u00eb muaj. \u00cbsht\u00eb e pamundur t\u00eb mbijetoj\u00eb. Imagjinojeni q\u00eb keni pensione t\u00eb cilat shkojn\u00eb nga 50.000 lek\u00eb t\u00eb vjetra n\u00eb fshat e deri n\u00eb 100.000 lek\u00eb. \u00cbsht\u00eb e pamundur. Gjith\u00e7ka \u00ebsht\u00eb vler\u00ebsuar dhe asnj\u00eb para nuk shkon p\u00ebr qytetar\u00ebt. Kemi q\u00eb n\u00eb shtator q\u00eb jemi mbledhur n\u00eb kuvend dhe nuk kemi miratuar nj\u00eb ligj q\u00eb t&#8217;i sh\u00ebrbej\u00eb interesit t\u00eb qytetar\u00ebve.<\/p>\n<p>Kalohen vet\u00ebm ligje p\u00ebr oligark\u00ebt. Propozon Partia Demokratike mocion me debat p\u00ebr skandalin tek onkologjiku, e rr\u00ebzojn\u00eb ata. Propozon Partia Demokratike amendamente p\u00ebr buxhetin. Kam propozuar personalisht amendament p\u00ebr oficer\u00ebt n\u00eb shkolla, p\u00ebr sigurin\u00eb n\u00eb shkolla. Po na vrasin f\u00ebmij\u00ebt n\u00eb shkolla. Vrasja e fundit ishte 15 vje\u00e7ari n\u00eb Durr\u00ebs, n\u00eb dyert e shkoll\u00ebs. Nuk e miratojn\u00eb. Jan\u00eb sa 1 e 100 e tunelit t\u00eb Llogaras\u00eb dhe nuk e miratojn\u00eb. Nuk miratojn\u00eb asgj\u00eb q\u00eb \u00e7on para tek m\u00ebsuesit, tek fermer\u00ebt. Zona ime, un\u00eb jam deputete e qarkut t\u00eb Vlor\u00ebs, dhe zona ime \u00ebsht\u00eb p\u00ebrmbytur dhe \u00ebsht\u00eb djegur.<\/p>\n<p>Vet\u00ebm n\u00eb gjasht\u00eb muaj Delvina \u00ebsht\u00eb shkrumbuar dhe m\u00eb pas \u00ebsht\u00eb p\u00ebrmbytur. Po si Delvina dhe Finiqi dhe Saranda, zero, asnj\u00eb lek\u00eb. Q\u00eb nga qershori e deri tani. B\u00ebm\u00eb amendament n\u00eb kuvend p\u00ebr t&#8217;u d\u00ebmshp\u00ebrblyer ata njer\u00ebz, p\u00ebr t&#8217;i v\u00ebn\u00eb nj\u00eb fatur\u00eb financiare dhe nuk e miratuan. Nuk kan\u00eb para. Nuk ka para buxheti i shtetit p\u00ebr qytetar\u00ebt.<\/p>\n","protected":false},"excerpt":{"rendered":"<p>Deputetja e PD, Ina Zhupa ka l\u00ebshuar akuza t\u00eb forta ndaj qeveris\u00eb dhe parlamentit, duke i cil\u00ebsuar si institucione q\u00eb punojn\u00eb p\u00ebr interesat e nj\u00eb grushti njer\u00ebzish dhe jo p\u00ebr qytetar\u00ebt. Gjat\u00eb fjal\u00ebs s\u00eb saj n\u00eb foltoren para Kryeministris\u00eb, Zhupa ka paraqitur nj\u00eb panoram\u00eb t\u00eb zymt\u00eb sociale, duke theksuar se varf\u00ebria ekstreme dhe mungesa e &hellip;<\/p>\n","protected":false},"author":4,"featured_media":131135,"comment_status":"closed","ping_status":"closed","sticky":false,"template":"","format":"standard","meta":{"footnotes":""},"categories":[37],"tags":[],"class_list":["post-131122","post","type-post","status-publish","format-standard","has-post-thumbnail","","category-politike"],"_links":{"self":[{"href":"https:\/\/rdnews.al\/index.php\/wp-json\/wp\/v2\/posts\/131122","targetHints":{"allow":["GET"]}}],"collection":[{"href":"https:\/\/rdnews.al\/index.php\/wp-json\/wp\/v2\/posts"}],"about":[{"href":"https:\/\/rdnews.al\/index.php\/wp-json\/wp\/v2\/types\/post"}],"author":[{"embeddable":true,"href":"https:\/\/rdnews.al\/index.php\/wp-json\/wp\/v2\/users\/4"}],"replies":[{"embeddable":true,"href":"https:\/\/rdnews.al\/index.php\/wp-json\/wp\/v2\/comments?post=131122"}],"version-history":[{"count":1,"href":"https:\/\/rdnews.al\/index.php\/wp-json\/wp\/v2\/posts\/131122\/revisions"}],"predecessor-version":[{"id":131124,"href":"https:\/\/rdnews.al\/index.php\/wp-json\/wp\/v2\/posts\/131122\/revisions\/131124"}],"wp:featuredmedia":[{"embeddable":true,"href":"https:\/\/rdnews.al\/index.php\/wp-json\/wp\/v2\/media\/131135"}],"wp:attachment":[{"href":"https:\/\/rdnews.al\/index.php\/wp-json\/wp\/v2\/media?parent=131122"}],"wp:term":[{"taxonomy":"category","embeddable":true,"href":"https:\/\/rdnews.al\/index.php\/wp-json\/wp\/v2\/categories?post=131122"},{"taxonomy":"post_tag","embeddable":true,"href":"https:\/\/rdnews.al\/index.php\/wp-json\/wp\/v2\/tags?post=131122"}],"curies":[{"name":"wp","href":"https:\/\/api.w.org\/{rel}","templated":true}]}}