{"id":131125,"date":"2025-12-15T18:04:09","date_gmt":"2025-12-15T18:04:09","guid":{"rendered":"https:\/\/rdnews.al\/?p=131125"},"modified":"2025-12-15T18:04:09","modified_gmt":"2025-12-15T18:04:09","slug":"nderi-i-rradhes-qe-me-beri-kreu-i-organizates-kriminale","status":"publish","type":"post","link":"https:\/\/rdnews.al\/index.php\/2025\/12\/15\/nderi-i-rradhes-qe-me-beri-kreu-i-organizates-kriminale\/","title":{"rendered":"&#8220;Nderi&#8221; i rradh\u00ebs q\u00eb m\u00eb b\u00ebri Kreu i Organizat\u00ebs Kriminale&#8230;"},"content":{"rendered":"<p><strong>Nga Adriana KALAJA<\/strong><\/p>\n<p>Thon\u00eb se Zoti, \u00ebsht\u00eb me ata q\u00eb jan\u00eb n\u00eb rrug\u00ebn e t\u00eb drejt\u00ebs dhe t\u00eb v\u00ebrtet\u00ebs.<\/p>\n<p>Dhe k\u00ebshtu ndodhi m\u00eb dat\u00eb 11 dhjetor 2025, kur mazhoranca kriminale, shabanizoi institucionet kushtetuese.<\/p>\n<p>Si\u00e7 e dini, un\u00eb kam depozituar n\u00eb SPAK, 86 kall\u00ebzime penale, me t\u00eb akuzuar nga Kreu i Organizat\u00ebs Kriminale Edi Rama e deri te zyrtari i fundit, p\u00ebrfshir\u00eb dhe Altin Dumanin e 4 prokuror\u00eb t\u00eb SPAK.<\/p>\n<p>N\u00eb votimin e or\u00ebve t\u00eb vona t\u00eb dit\u00ebs q\u00eb festohej 35 vjetori I krijimit t\u00eb PD, votim q\u00eb detyroi Kreun e Organizat\u00ebs t\u00eb &#8220;ngrihet nga krevati&#8221;, un\u00eb u votova me 69 vota kund\u00ebr dhe 17 abstenime, baraz me 86 vota ose + 1 ndaj Eskort\u00ebs s\u00eb Yuri Kim.<\/p>\n<p>Ja t\u00eb b\u00ebjm\u00eb nj\u00eb llogaritje t\u00eb vog\u00ebl.<\/p>\n<p>Kund\u00ebr:<\/p>\n<ol>\n<li>Edi Rama 15 kall\u00ebzime bashk\u00eb me 80 zyrtar\u00eb ( 1 bashk\u00eb me Linden, \u00cbngj\u00ebllin dhe Olsin p\u00ebr Surrelin) her\u00eb.<\/li>\n<li>Belinda Balluku 11 her\u00eb, bashk\u00eb me 50 zyrtar\u00eb.<\/li>\n<li>Taulant Balla 1 her\u00eb bashk\u00eb me 4 zyrtar\u00eb.<\/li>\n<li>Fatnir Xhafa 1 her\u00eb, bashk\u00eb me 3 zyrtar\u00eb<\/li>\n<li>Ulsi Manja 3 her\u00eb, bashk\u00eb me 6 zyrtar\u00eb.<\/li>\n<li>Arbjan Mazniku 17 her\u00eb, bashk\u00eb me 90 zyrtar\u00eb.<\/li>\n<li>Milva Ikonomi 1 her\u00eb, bashk\u00eb me 15 zyrtar\u00eb.<\/li>\n<li>Ceno Klosi 2 her\u00eb, bashk\u00eb me 8 zyrtar\u00eb.<\/li>\n<li>Romina Kuko 2 her\u00eb, bashk\u00eb me 40 zyrtar\u00eb.<\/li>\n<li>Ervin Hoxha 1 her\u00eb, bashk\u00eb me 4 zyrtar\u00eb.<\/li>\n<li>Bledi \u00c7u\u00e7i 1 her\u00eb, bashk\u00eb me 6 zyrtar\u00eb<\/li>\n<li>Edi Shalsi 1 her\u00eb, bashk\u00eb me 8 zyrtar\u00eb.<\/li>\n<li>Termet Pe\u00e7i 1 her\u00eb, bashk\u00eb me 6 zyrtar\u00eb.<\/li>\n<li>Anila Denaj 2 her\u00eb bashk\u00eb me 16 zyrtar\u00eb.<\/li>\n<li>Agron Malaj 3 her\u00eb bashk\u00eb me 12 zyrtar\u00eb.<\/li>\n<\/ol>\n<p>Pa mar\u00eb n\u00eb konsiderat\u00eb kall\u00ebzimet kund\u00ebr Veliajt 19, Ahmetajt 2 her\u00eb dhe Lleshajt 3 her\u00eb, gjithsej: 86 kall\u00ebzime.<\/p>\n<p>Nd\u00ebrkoh\u00eb n\u00ebse shohim tabel\u00ebn e rezultatit kemi:<\/p>\n<ol>\n<li>Pro 0 vota.<\/li>\n<li>Kund\u00ebr 69 vota.<\/li>\n<li>Abstenime 17 vota.<\/li>\n<li>GJITHSEJ 86 VOTA.<\/li>\n<\/ol>\n<p>Praaaaaaaaa,<\/p>\n<p>Jo vet\u00ebm 1 vot\u00eb m\u00eb shum\u00eb se Eskorta e Yuri Kim, por baraz me 86 kall\u00ebzimet e mia penale.<\/p>\n<p>Nd\u00ebrkoh\u00eb, prej tyre, numri 69 tregon se ato kan\u00eb mar\u00eb &#8220;form\u00eb t\u00eb prer\u00eb&#8221;.<\/p>\n","protected":false},"excerpt":{"rendered":"<p>Nga Adriana KALAJA Thon\u00eb se Zoti, \u00ebsht\u00eb me ata q\u00eb jan\u00eb n\u00eb rrug\u00ebn e t\u00eb drejt\u00ebs dhe t\u00eb v\u00ebrtet\u00ebs. Dhe k\u00ebshtu ndodhi m\u00eb dat\u00eb 11 dhjetor 2025, kur mazhoranca kriminale, shabanizoi institucionet kushtetuese. Si\u00e7 e dini, un\u00eb kam depozituar n\u00eb SPAK, 86 kall\u00ebzime penale, me t\u00eb akuzuar nga Kreu i Organizat\u00ebs Kriminale Edi Rama e &hellip;<\/p>\n","protected":false},"author":4,"featured_media":100997,"comment_status":"closed","ping_status":"closed","sticky":false,"template":"","format":"standard","meta":{"footnotes":""},"categories":[44],"tags":[],"class_list":["post-131125","post","type-post","status-publish","format-standard","has-post-thumbnail","","category-editorial"],"_links":{"self":[{"href":"https:\/\/rdnews.al\/index.php\/wp-json\/wp\/v2\/posts\/131125","targetHints":{"allow":["GET"]}}],"collection":[{"href":"https:\/\/rdnews.al\/index.php\/wp-json\/wp\/v2\/posts"}],"about":[{"href":"https:\/\/rdnews.al\/index.php\/wp-json\/wp\/v2\/types\/post"}],"author":[{"embeddable":true,"href":"https:\/\/rdnews.al\/index.php\/wp-json\/wp\/v2\/users\/4"}],"replies":[{"embeddable":true,"href":"https:\/\/rdnews.al\/index.php\/wp-json\/wp\/v2\/comments?post=131125"}],"version-history":[{"count":1,"href":"https:\/\/rdnews.al\/index.php\/wp-json\/wp\/v2\/posts\/131125\/revisions"}],"predecessor-version":[{"id":131126,"href":"https:\/\/rdnews.al\/index.php\/wp-json\/wp\/v2\/posts\/131125\/revisions\/131126"}],"wp:featuredmedia":[{"embeddable":true,"href":"https:\/\/rdnews.al\/index.php\/wp-json\/wp\/v2\/media\/100997"}],"wp:attachment":[{"href":"https:\/\/rdnews.al\/index.php\/wp-json\/wp\/v2\/media?parent=131125"}],"wp:term":[{"taxonomy":"category","embeddable":true,"href":"https:\/\/rdnews.al\/index.php\/wp-json\/wp\/v2\/categories?post=131125"},{"taxonomy":"post_tag","embeddable":true,"href":"https:\/\/rdnews.al\/index.php\/wp-json\/wp\/v2\/tags?post=131125"}],"curies":[{"name":"wp","href":"https:\/\/api.w.org\/{rel}","templated":true}]}}