{"id":131137,"date":"2025-12-15T18:33:55","date_gmt":"2025-12-15T18:33:55","guid":{"rendered":"https:\/\/rdnews.al\/?p=131137"},"modified":"2025-12-15T18:33:55","modified_gmt":"2025-12-15T18:33:55","slug":"berisha-ate-qe-rama-perjetoi-ne-vitin-1991-kur-ikte-me-autoblinda-nga-blloku-do-ta-provoje-serish","status":"publish","type":"post","link":"https:\/\/rdnews.al\/index.php\/2025\/12\/15\/berisha-ate-qe-rama-perjetoi-ne-vitin-1991-kur-ikte-me-autoblinda-nga-blloku-do-ta-provoje-serish\/","title":{"rendered":"Berisha: At\u00eb q\u00eb Rama p\u00ebrjetoi n\u00eb vitin 1991, kur ikte me autoblinda nga Blloku, do ta provoj\u00eb s\u00ebrish!"},"content":{"rendered":"<p>Kryetari i PD, Sali Berisha, duke folur n\u00eb Foltoren para kryeministris\u00eb tha se, at\u00eb q\u00eb Rama p\u00ebrjetoi n\u00eb vitin 1991, kur ikte me autoblinda nga Blloku, do ta provoj\u00eb s\u00ebrish ka ashp\u00ebrsuar tonet ndaj Edi Ram\u00ebs, duke paralajm\u00ebruar p\u00ebrshkall\u00ebzim t\u00eb protestave dhe p\u00ebrballje t\u00eb drejtp\u00ebrdrejt\u00eb politike.<\/p>\n<p>Berisha deklaroi se forumet drejtuese t\u00eb PD-s\u00eb dhe grupi parlamentar kan\u00eb marr\u00eb nj\u00eb vendim \u2018solemn\u2019 p\u00ebr t\u00eb vijuar protest\u00ebn deri n\u00eb fitore, duke e akuzuar Ram\u00ebn p\u00ebr grabitje t\u00eb vot\u00ebs, korrupsion masiv dhe shnd\u00ebrrim t\u00eb shtetit n\u00eb instrument t\u00eb krimit.<\/p>\n<p><strong>Berisha: <\/strong>Por duhet t\u00eb them k\u00ebtu, koha ka kaluar, sigurisht, megjithat\u00eb vijm\u00eb m\u00eb t\u00eb vendosur se kurr\u00eb.<\/p>\n<p>Dy mbledhje jan\u00eb b\u00ebr\u00eb dy dit\u00ebt e fundit nga forumet e PD, kryesia e saj dhe grupi parlamentar.<\/p>\n<p>Kan\u00eb dal\u00eb me nj\u00eb vendim solemn. T\u2019i p\u00ebrvishemi gjer n\u00eb fitore.<\/p>\n<p>Kan\u00eb dal\u00eb me nj\u00eb vendim solemn, se rrug\u00eb tjet\u00ebr p\u00ebrve\u00e7 protest\u00ebs, p\u00ebrve\u00e7 p\u00ebrballjes, p\u00ebrve\u00e7 kacafytjes me t\u00eb, nuk ka dhe nuk do ket\u00eb.<\/p>\n<p>Miq, dhe p\u00ebr t\u00eb gjith\u00eb shqiptar\u00ebt, i ftoj t\u00eb arsyetojn\u00eb, vot\u00ebn ua shkelmon.<\/p>\n<p>Duke u shkelmuar vot\u00ebn, i posht\u00ebron.<\/p>\n<p>Shkelmon lirin\u00eb e tyre.<\/p>\n<p>P\u00ebr t\u2019u bler\u00eb vot\u00ebn n\u00eb zgjedhjet e fundit u fali 2 miliard\u00eb euro 83 mij\u00eb bizneseve, n\u00eb nj\u00eb koh\u00eb kur 760 mij\u00eb pensionist\u00eb nuk blejn\u00eb dot ila\u00e7et, nuk sigurojn\u00eb dot kafshat\u00ebn e muajit.<\/p>\n<p>Vot\u00ebn e rr\u00ebmbeu me bandit\u00eb t\u00eb administrat\u00ebs, amoral\u00eb q\u00eb shnd\u00ebrrojn\u00eb misionin e tyre, detyr\u00ebn e tyre n\u00eb sh\u00ebrbim t\u00eb qytetar\u00ebve, n\u00eb pla\u00e7kit\u00ebs dhe grabit\u00ebs s\u00eb vot\u00ebs s\u00eb tyre.<\/p>\n<p>Vot\u00ebn e grabiti me banda, me bandit\u00eb, me kriminel\u00eb, me kartelet e drog\u00ebs.<\/p>\n<p>Por, n\u00eb dallim me \u00e7do her\u00eb tjet\u00ebr nga viti 2001 gjer sot, e kap\u00ebm p\u00ebr fyti, u faktuam shqiptar\u00ebve dhe bot\u00ebs se ky \u00ebsht\u00eb armik i vot\u00ebs s\u00eb lir\u00eb t\u00eb shqiptar\u00ebve, armik i demokracis\u00eb s\u00eb shqiptar\u00ebve.<\/p>\n<p>N\u00eb t\u00eb drejt\u00ebn ton\u00eb, n\u00eb t\u00eb drejt\u00ebn e Zotit, n\u00eb guximin ton\u00eb, ne nuk duhet t\u2019i ndahemi asnj\u00eb minut\u00eb gjersa t\u00eb largojm\u00eb nga skena k\u00ebt\u00eb kriminel t\u00eb vot\u00ebs s\u00eb lir\u00eb.<\/p>\n<p>Miq, t\u00eb harrojm\u00eb \u00e7do gj\u00eb q\u00eb ka ndodhur n\u00eb 12 vite. Le t\u2019i harrojm\u00eb t\u00eb gjitha.<\/p>\n<p>T\u00eb marrim vet\u00ebm 10 dit\u00ebt e fundit.<\/p>\n<p>\u00c7far\u00eb ndodh?<\/p>\n<p>S\u00eb bashku me z\u00ebvend\u00ebskryeministren, t\u00eb kapur n\u00eb flagranc\u00eb, me dokumente, me mesazhe t\u00eb tyre, se vet\u00ebm n\u00eb nj\u00eb tender n\u00eb tunelin e Llogaras\u00eb kan\u00eb vjedhur 50 milion\u00eb euro.<\/p>\n<p>N\u00eb \u00e7do vend t\u00eb bot\u00ebs, dor\u00ebheqja \u00ebsht\u00eb akti i par\u00eb i njer\u00ebzve t\u00eb p\u00ebrgjegjsh\u00ebm.<\/p>\n<p>Dhe ky, jo vet\u00ebm q\u00eb nuk jep dor\u00ebheqjen vet\u00eb, jo vet\u00ebm q\u00eb nuk shkarkon bashk\u00ebvjedh\u00ebsen e vet, por \u00e7far\u00eb b\u00ebri?<\/p>\n<p>Me urdh\u00ebr, mori nga Gjykata Kushtetuese licenc\u00ebn p\u00ebr t\u00eb vjedhur publikisht pa asnj\u00eb p\u00ebrgjegj\u00ebsi para ligjit, para drejt\u00ebsis\u00eb, para shqiptar\u00ebve.<\/p>\n<p>A mund t\u00eb pranojm\u00eb ne nj\u00eb kryeminist\u00ebr t\u00eb till\u00eb?<\/p>\n<p>Jo, kurr\u00eb. Cilido t\u00eb jet\u00eb \u00e7mimi, ne do e paguajm\u00eb.<\/p>\n<p>Ne nj\u00eb kryeminist\u00ebr t\u00eb till\u00eb nuk e pranojm\u00eb kurr\u00eb.<\/p>\n<p>Pra, ky hajdut, q\u00eb \u00e7do tull\u00eb t\u00eb sarajeve t\u00eb tij, i ka djers\u00ebn, mundin e taksapaguesve shqiptar\u00eb, para t\u00eb vjedhura nga parat\u00eb e tyre.<\/p>\n<p>Ku hajdut q\u00eb vet\u00ebm n\u00eb 2 vite ka b\u00ebr\u00eb 140 fluturime, duke transportuar privatisht para t\u00eb vjedhura dhe drog\u00eb, n\u00eb gropa t\u00eb zeza, q\u00eb nuk i di kush se ku jan\u00eb.<\/p>\n<p>Ky hajdut q\u00eb l\u00eb t\u00eb s\u00ebmur\u00ebt pa ila\u00e7e t\u00eb vdesin n\u00eb m\u00ebshir\u00ebn e fatit dhe thot\u00eb q\u00eb jan\u00eb shum\u00eb dhe s\u2019kam \u00e7\u2019u b\u00ebj.<\/p>\n<p>Ky hajdut, q\u00eb vet\u00ebm aty n\u00eb oborr, ka Kopshtin e Edenit, me vler\u00eb 4.2 milion\u00eb euro me peshq ekzotik\u00eb, nd\u00ebrkoh\u00eb q\u00eb f\u00ebmij\u00ebt tan\u00eb mbushin rrug\u00ebt e Europ\u00ebs dhe bot\u00ebs.<\/p>\n<p>Ky hajdut rri k\u00ebtu p\u00ebr shkakun ton\u00eb. Por kjo merr fund.<\/p>\n<p>Ky hajdut rri k\u00ebtu sepse nuk i kemi treguar ne forc\u00ebn ton\u00eb.<\/p>\n<p>Ne do ia tregojm\u00eb atij.<\/p>\n<p>Dhe un\u00eb u jap ju fjal\u00ebn se at\u00eb q\u00eb ka p\u00ebrjetuar n\u00eb vitin 1991, tek ikte me autoblinda nga Blloku n\u00eb tunelet e Enver Hoxh\u00ebs, do t\u2019ia provojm\u00eb s\u00eb shpejti.<\/p>\n<p>Po, po!<\/p>\n","protected":false},"excerpt":{"rendered":"<p>Kryetari i PD, Sali Berisha, duke folur n\u00eb Foltoren para kryeministris\u00eb tha se, at\u00eb q\u00eb Rama p\u00ebrjetoi n\u00eb vitin 1991, kur ikte me autoblinda nga Blloku, do ta provoj\u00eb s\u00ebrish ka ashp\u00ebrsuar tonet ndaj Edi Ram\u00ebs, duke paralajm\u00ebruar p\u00ebrshkall\u00ebzim t\u00eb protestave dhe p\u00ebrballje t\u00eb drejtp\u00ebrdrejt\u00eb politike. Berisha deklaroi se forumet drejtuese t\u00eb PD-s\u00eb dhe grupi &hellip;<\/p>\n","protected":false},"author":4,"featured_media":131138,"comment_status":"closed","ping_status":"closed","sticky":false,"template":"","format":"standard","meta":{"footnotes":""},"categories":[37],"tags":[],"class_list":["post-131137","post","type-post","status-publish","format-standard","has-post-thumbnail","","category-politike"],"_links":{"self":[{"href":"https:\/\/rdnews.al\/index.php\/wp-json\/wp\/v2\/posts\/131137","targetHints":{"allow":["GET"]}}],"collection":[{"href":"https:\/\/rdnews.al\/index.php\/wp-json\/wp\/v2\/posts"}],"about":[{"href":"https:\/\/rdnews.al\/index.php\/wp-json\/wp\/v2\/types\/post"}],"author":[{"embeddable":true,"href":"https:\/\/rdnews.al\/index.php\/wp-json\/wp\/v2\/users\/4"}],"replies":[{"embeddable":true,"href":"https:\/\/rdnews.al\/index.php\/wp-json\/wp\/v2\/comments?post=131137"}],"version-history":[{"count":1,"href":"https:\/\/rdnews.al\/index.php\/wp-json\/wp\/v2\/posts\/131137\/revisions"}],"predecessor-version":[{"id":131139,"href":"https:\/\/rdnews.al\/index.php\/wp-json\/wp\/v2\/posts\/131137\/revisions\/131139"}],"wp:featuredmedia":[{"embeddable":true,"href":"https:\/\/rdnews.al\/index.php\/wp-json\/wp\/v2\/media\/131138"}],"wp:attachment":[{"href":"https:\/\/rdnews.al\/index.php\/wp-json\/wp\/v2\/media?parent=131137"}],"wp:term":[{"taxonomy":"category","embeddable":true,"href":"https:\/\/rdnews.al\/index.php\/wp-json\/wp\/v2\/categories?post=131137"},{"taxonomy":"post_tag","embeddable":true,"href":"https:\/\/rdnews.al\/index.php\/wp-json\/wp\/v2\/tags?post=131137"}],"curies":[{"name":"wp","href":"https:\/\/api.w.org\/{rel}","templated":true}]}}