{"id":131201,"date":"2025-12-16T12:48:43","date_gmt":"2025-12-16T12:48:43","guid":{"rendered":"https:\/\/rdnews.al\/?p=131201"},"modified":"2025-12-16T12:48:43","modified_gmt":"2025-12-16T12:48:43","slug":"berisha-ergys-agasi-dhe-ermal-beqiri-ndodhen-ne-dubai-pse-nuk-thuhet-asnje-fjale-e-vetme-per-daniel-shimen","status":"publish","type":"post","link":"https:\/\/rdnews.al\/index.php\/2025\/12\/16\/berisha-ergys-agasi-dhe-ermal-beqiri-ndodhen-ne-dubai-pse-nuk-thuhet-asnje-fjale-e-vetme-per-daniel-shimen\/","title":{"rendered":"Berisha: Ergys Agasi dhe Ermal Beqiri ndodhen n\u00eb Dubai! Pse nuk thuhet asnj\u00eb fjal\u00eb e vetme p\u00ebr Daniel Shim\u00ebn?"},"content":{"rendered":"<p>Kryetari i PD, Sali Berisha tha se, Ergys Agasi dhe Ermal Beqiri ndodhen prej jav\u00ebsh jasht\u00eb vendit, konkretisht n\u00eb Dubai.<\/p>\n<p>Berisha deklaroi se ka informacione se Gerond Me\u00e7e ndodhet n\u00eb Gjermani, ku ka rr\u00ebfyer gjith\u00e7ka lidhur me aktivitetet n\u00eb AKSHI.<\/p>\n<p>N\u00eb t\u00eb nj\u00ebjt\u00ebn koh\u00eb, ai denoncoi heshtjen totale t\u00eb institucioneve p\u00ebr fatin e Daniel Shim\u00ebs, i cili, sipas tij, \u00ebsht\u00eb rr\u00ebmbyer dhe dhunuar r\u00ebnd\u00eb, pa asnj\u00eb reagim apo transparenc\u00eb nga autoritetet.<\/p>\n<p>&#8220;Sepse absolutisht un\u00eb q\u00eb jam k\u00ebtu, e kam marr\u00eb vesh se Ergys Agasi t\u00eb pakt\u00ebn prej tre jav\u00ebsh \u00ebsht\u00eb n\u00eb arrati.<\/p>\n<p>E kam marr\u00eb vesh prej po kaq koh\u00ebsh q\u00eb Ermal Beqiri \u00ebsht\u00eb n\u00eb Dubai me Ergysin.<\/p>\n<p>K\u00ebto kan\u00eb qen\u00eb publike.<\/p>\n<p>Kam m\u00ebsuar se Gerondi ishte, n\u00eb mos gaboj, n\u00eb Gjermani, dhe ka rr\u00ebfyer gjith\u00e7ka ka ndodhur n\u00eb at\u00eb agjenci.<\/p>\n<p>\u00c7far\u00eb t\u00eb them un\u00eb?<\/p>\n<p>Ke d\u00ebgjuar ti ndonj\u00eb fjal\u00eb t\u00eb vetme t\u00eb thuhet p\u00ebr Daniel Shim\u00ebn?<\/p>\n<p>Njeriu q\u00eb u rr\u00ebmbye, njeriu q\u00eb u masakrua, dhe fill pas k\u00ebsaj, drejtori i p\u00ebrgjithsh\u00ebm i policis\u00eb, Proda, sjell Suelin n\u00eb Tiran\u00eb tek dentisti q\u00eb donte Sueli.<\/p>\n<p>Sueli q\u00eb i kishte thyer kockat Danielit. \u00cbsht\u00eb e v\u00ebrtet\u00eb kjo, \u00ebsht\u00eb denoncuar&#8221;, tha Berisha.<\/p>\n","protected":false},"excerpt":{"rendered":"<p>Kryetari i PD, Sali Berisha tha se, Ergys Agasi dhe Ermal Beqiri ndodhen prej jav\u00ebsh jasht\u00eb vendit, konkretisht n\u00eb Dubai. Berisha deklaroi se ka informacione se Gerond Me\u00e7e ndodhet n\u00eb Gjermani, ku ka rr\u00ebfyer gjith\u00e7ka lidhur me aktivitetet n\u00eb AKSHI. N\u00eb t\u00eb nj\u00ebjt\u00ebn koh\u00eb, ai denoncoi heshtjen totale t\u00eb institucioneve p\u00ebr fatin e Daniel Shim\u00ebs, &hellip;<\/p>\n","protected":false},"author":4,"featured_media":131202,"comment_status":"closed","ping_status":"closed","sticky":false,"template":"","format":"standard","meta":{"footnotes":""},"categories":[37],"tags":[],"class_list":["post-131201","post","type-post","status-publish","format-standard","has-post-thumbnail","","category-politike"],"_links":{"self":[{"href":"https:\/\/rdnews.al\/index.php\/wp-json\/wp\/v2\/posts\/131201","targetHints":{"allow":["GET"]}}],"collection":[{"href":"https:\/\/rdnews.al\/index.php\/wp-json\/wp\/v2\/posts"}],"about":[{"href":"https:\/\/rdnews.al\/index.php\/wp-json\/wp\/v2\/types\/post"}],"author":[{"embeddable":true,"href":"https:\/\/rdnews.al\/index.php\/wp-json\/wp\/v2\/users\/4"}],"replies":[{"embeddable":true,"href":"https:\/\/rdnews.al\/index.php\/wp-json\/wp\/v2\/comments?post=131201"}],"version-history":[{"count":1,"href":"https:\/\/rdnews.al\/index.php\/wp-json\/wp\/v2\/posts\/131201\/revisions"}],"predecessor-version":[{"id":131203,"href":"https:\/\/rdnews.al\/index.php\/wp-json\/wp\/v2\/posts\/131201\/revisions\/131203"}],"wp:featuredmedia":[{"embeddable":true,"href":"https:\/\/rdnews.al\/index.php\/wp-json\/wp\/v2\/media\/131202"}],"wp:attachment":[{"href":"https:\/\/rdnews.al\/index.php\/wp-json\/wp\/v2\/media?parent=131201"}],"wp:term":[{"taxonomy":"category","embeddable":true,"href":"https:\/\/rdnews.al\/index.php\/wp-json\/wp\/v2\/categories?post=131201"},{"taxonomy":"post_tag","embeddable":true,"href":"https:\/\/rdnews.al\/index.php\/wp-json\/wp\/v2\/tags?post=131201"}],"curies":[{"name":"wp","href":"https:\/\/api.w.org\/{rel}","templated":true}]}}