{"id":131207,"date":"2025-12-16T14:14:31","date_gmt":"2025-12-16T14:14:31","guid":{"rendered":"https:\/\/rdnews.al\/?p=131207"},"modified":"2025-12-16T14:19:12","modified_gmt":"2025-12-16T14:19:12","slug":"spak-kerkon-arrestimin-e-ballukut-kerkesa-per-imunitetin","status":"publish","type":"post","link":"https:\/\/rdnews.al\/index.php\/2025\/12\/16\/spak-kerkon-arrestimin-e-ballukut-kerkesa-per-imunitetin\/","title":{"rendered":"SPAK k\u00ebrkon arrestimin e Ballukut\/ K\u00ebrkesa p\u00ebr imunitetin\u2026"},"content":{"rendered":"<p>Kryeministri Edi Rama ka reaguar p\u00ebrmes nj\u00eb postimi n\u00eb rrjetin social X pasi SPAK i k\u00ebrkoi Kuvendit heqjen e imunitetit t\u00eb Belinda Ballukut.<\/p>\n<p>Rama u shpreh se pas vendimit t\u00eb Gjykat\u00ebs Kushtetuese p\u00ebr pezullimin e Ballukut nga detyra, prokurori i \u00e7\u00ebshtjes i ka k\u00ebrkar Kuvendit autorizimin p\u00ebr t\u00eb arrestuar zv.kryeministren \u2013 me burg ose n\u00eb sht\u00ebpi.<\/p>\n<p>\u201cPor sigurisht q\u00eb n\u00eb rastin n\u00eb fjal\u00eb, ne s\u2019mund dhe s\u2019do ta paragjykojm\u00eb k\u00ebrkes\u00ebn e prokurorit special, por duke qen\u00eb se ndryshe nga proceset e tjera, ku ne si rregull s\u2019flasim p\u00ebr p\u00ebrmbajtjen e \u00e7\u00ebshtjeve, k\u00ebt\u00eb her\u00eb na k\u00ebrkohet t\u00eb japim opinionin ton\u00eb, ne do t\u00eb angazhohemi me t\u00eb gjith\u00eb p\u00ebrgjegj\u00ebsin\u00eb ton\u00eb p\u00ebrpara shqiptar\u00ebve q\u00eb na dhan\u00eb 83 mandate, e do t\u00eb p\u00ebrgatitemi p\u00ebr t\u00eb mbajtur nj\u00eb q\u00ebndrim t\u00eb drejt\u00eb, t\u00eb qart\u00eb e t\u00eb denj\u00eb, si forca udh\u00ebheq\u00ebse e vendit dhe e Reform\u00ebs n\u00eb Drejt\u00ebsi\u201d, u shpreh Rama.<\/p>\n","protected":false},"excerpt":{"rendered":"<p>Kryeministri Edi Rama ka reaguar p\u00ebrmes nj\u00eb postimi n\u00eb rrjetin social X pasi SPAK i k\u00ebrkoi Kuvendit heqjen e imunitetit t\u00eb Belinda Ballukut. Rama u shpreh se pas vendimit t\u00eb Gjykat\u00ebs Kushtetuese p\u00ebr pezullimin e Ballukut nga detyra, prokurori i \u00e7\u00ebshtjes i ka k\u00ebrkar Kuvendit autorizimin p\u00ebr t\u00eb arrestuar zv.kryeministren \u2013 me burg ose n\u00eb &hellip;<\/p>\n","protected":false},"author":3,"featured_media":123017,"comment_status":"closed","ping_status":"closed","sticky":false,"template":"","format":"standard","meta":{"footnotes":""},"categories":[37],"tags":[],"class_list":["post-131207","post","type-post","status-publish","format-standard","has-post-thumbnail","","category-politike"],"_links":{"self":[{"href":"https:\/\/rdnews.al\/index.php\/wp-json\/wp\/v2\/posts\/131207","targetHints":{"allow":["GET"]}}],"collection":[{"href":"https:\/\/rdnews.al\/index.php\/wp-json\/wp\/v2\/posts"}],"about":[{"href":"https:\/\/rdnews.al\/index.php\/wp-json\/wp\/v2\/types\/post"}],"author":[{"embeddable":true,"href":"https:\/\/rdnews.al\/index.php\/wp-json\/wp\/v2\/users\/3"}],"replies":[{"embeddable":true,"href":"https:\/\/rdnews.al\/index.php\/wp-json\/wp\/v2\/comments?post=131207"}],"version-history":[{"count":2,"href":"https:\/\/rdnews.al\/index.php\/wp-json\/wp\/v2\/posts\/131207\/revisions"}],"predecessor-version":[{"id":131209,"href":"https:\/\/rdnews.al\/index.php\/wp-json\/wp\/v2\/posts\/131207\/revisions\/131209"}],"wp:featuredmedia":[{"embeddable":true,"href":"https:\/\/rdnews.al\/index.php\/wp-json\/wp\/v2\/media\/123017"}],"wp:attachment":[{"href":"https:\/\/rdnews.al\/index.php\/wp-json\/wp\/v2\/media?parent=131207"}],"wp:term":[{"taxonomy":"category","embeddable":true,"href":"https:\/\/rdnews.al\/index.php\/wp-json\/wp\/v2\/categories?post=131207"},{"taxonomy":"post_tag","embeddable":true,"href":"https:\/\/rdnews.al\/index.php\/wp-json\/wp\/v2\/tags?post=131207"}],"curies":[{"name":"wp","href":"https:\/\/api.w.org\/{rel}","templated":true}]}}