{"id":131215,"date":"2025-12-16T17:27:47","date_gmt":"2025-12-16T17:27:47","guid":{"rendered":"https:\/\/rdnews.al\/?p=131215"},"modified":"2025-12-16T17:28:26","modified_gmt":"2025-12-16T17:28:26","slug":"berisha-rama-perdor-fustanin-e-lubise-si-mburoje-populli-do-te-thote-fjalen-me-22-dhjetor","status":"publish","type":"post","link":"https:\/\/rdnews.al\/index.php\/2025\/12\/16\/berisha-rama-perdor-fustanin-e-lubise-si-mburoje-populli-do-te-thote-fjalen-me-22-dhjetor\/","title":{"rendered":"Berisha: Rama p\u00ebrdor fustanin e Lubis\u00eb si mburoj\u00eb! Populli do t\u00eb thot\u00eb fjal\u00ebn me 22 Dhjetor"},"content":{"rendered":"<p>Kryetari i PD, Sali Berisha ka reaguar pas k\u00ebrkes\u00ebs s\u00eb SPAK p\u00ebr arrestimin e Ballukut.\u00a0Berisha shkruan se, Rama do t\u00eb p\u00ebrdor\u00eb si mburoj\u00eb fustanin e Lubis\u00eb! Populli do t\u00eb thot\u00eb fjal\u00ebn e tij me 22 Dhjetor!<\/p>\n<p><strong>Reagimi i Berish\u00ebs<\/strong><\/p>\n<p>Rama do t\u00eb p\u00ebrdor\u00eb si mburoj\u00eb fustanin e Lubis\u00eb!<\/p>\n<p>N\u00eb reagim t\u00eb k\u00ebrkes\u00ebs s\u00eb Prokuroris\u00eb p\u00ebr heqjen e imunutetit dhe arrestimin e Lubis\u00eb, Rama n\u00ebp\u00ebr rrjeshta shpall se ai do mbroj\u00eb Lubin\u00eb me \u00e7do \u00e7mim sepse mbron veten e tij. 50 milion\u00eb euro i kan\u00eb ndar\u00eb bashk\u00eb.<\/p>\n<p>Reagimi i tij n\u00eb X mund t\u00eb mblidhet me dy fjal\u00eb: \u201cJet\u00ebn e japim Lubin\u00eb nuk e japim.\u201d<\/p>\n<p>Imagjinoni kur t\u2019i komunikojn\u00eb akuz\u00ebn vet\u00eb atij?<\/p>\n<p>Qytetar\u00eb \u00ebsht\u00eb ora juaj! Populli do t\u00eb thot\u00eb fjal\u00ebn e tij me 22 Dhjetor!<\/p>\n","protected":false},"excerpt":{"rendered":"<p>Kryetari i PD, Sali Berisha ka reaguar pas k\u00ebrkes\u00ebs s\u00eb SPAK p\u00ebr arrestimin e Ballukut.\u00a0Berisha shkruan se, Rama do t\u00eb p\u00ebrdor\u00eb si mburoj\u00eb fustanin e Lubis\u00eb! Populli do t\u00eb thot\u00eb fjal\u00ebn e tij me 22 Dhjetor! Reagimi i Berish\u00ebs Rama do t\u00eb p\u00ebrdor\u00eb si mburoj\u00eb fustanin e Lubis\u00eb! N\u00eb reagim t\u00eb k\u00ebrkes\u00ebs s\u00eb Prokuroris\u00eb p\u00ebr &hellip;<\/p>\n","protected":false},"author":4,"featured_media":130896,"comment_status":"closed","ping_status":"closed","sticky":false,"template":"","format":"standard","meta":{"footnotes":""},"categories":[37],"tags":[],"class_list":["post-131215","post","type-post","status-publish","format-standard","has-post-thumbnail","","category-politike"],"_links":{"self":[{"href":"https:\/\/rdnews.al\/index.php\/wp-json\/wp\/v2\/posts\/131215","targetHints":{"allow":["GET"]}}],"collection":[{"href":"https:\/\/rdnews.al\/index.php\/wp-json\/wp\/v2\/posts"}],"about":[{"href":"https:\/\/rdnews.al\/index.php\/wp-json\/wp\/v2\/types\/post"}],"author":[{"embeddable":true,"href":"https:\/\/rdnews.al\/index.php\/wp-json\/wp\/v2\/users\/4"}],"replies":[{"embeddable":true,"href":"https:\/\/rdnews.al\/index.php\/wp-json\/wp\/v2\/comments?post=131215"}],"version-history":[{"count":1,"href":"https:\/\/rdnews.al\/index.php\/wp-json\/wp\/v2\/posts\/131215\/revisions"}],"predecessor-version":[{"id":131216,"href":"https:\/\/rdnews.al\/index.php\/wp-json\/wp\/v2\/posts\/131215\/revisions\/131216"}],"wp:featuredmedia":[{"embeddable":true,"href":"https:\/\/rdnews.al\/index.php\/wp-json\/wp\/v2\/media\/130896"}],"wp:attachment":[{"href":"https:\/\/rdnews.al\/index.php\/wp-json\/wp\/v2\/media?parent=131215"}],"wp:term":[{"taxonomy":"category","embeddable":true,"href":"https:\/\/rdnews.al\/index.php\/wp-json\/wp\/v2\/categories?post=131215"},{"taxonomy":"post_tag","embeddable":true,"href":"https:\/\/rdnews.al\/index.php\/wp-json\/wp\/v2\/tags?post=131215"}],"curies":[{"name":"wp","href":"https:\/\/api.w.org\/{rel}","templated":true}]}}