{"id":131249,"date":"2025-12-17T09:48:10","date_gmt":"2025-12-17T09:48:10","guid":{"rendered":"https:\/\/rdnews.al\/?p=131249"},"modified":"2025-12-17T21:50:54","modified_gmt":"2025-12-17T21:50:54","slug":"i-kapuri-prej-gjuhe-e-ndjen-se-tringellima-e-prangave-eshte-afer-fare-afer","status":"publish","type":"post","link":"https:\/\/rdnews.al\/index.php\/2025\/12\/17\/i-kapuri-prej-gjuhe-e-ndjen-se-tringellima-e-prangave-eshte-afer-fare-afer\/","title":{"rendered":"I kapuri prej gjuhe e ndjen se tring\u00ebllima e prangave \u00ebsht\u00eb af\u00ebr, fare af\u00ebr!"},"content":{"rendered":"<p><strong>Nga Lu\u00c7iano BO\u00c7I<\/strong><\/p>\n<p>Tani q\u00eb SPAK k\u00ebrkon autorizim p\u00ebr arrestim t\u00eb zv\/kryeministres, Kryeministri, ky q\u00eb tundesh e shkundesh duke nxjerr\u00eb shkum\u00eb nga goja p\u00ebr t\u00eb udh\u00ebzuar SPAK p\u00ebr t\u00eb arrestuar lider\u00ebt e opozit\u00ebs, sot del e flet me palltake druri n\u00eb brez p\u00ebr \u201carreste pa gjyq\u201d e k\u00ebrc\u00ebnon p\u00ebr t\u00eb paralajm\u00ebruar q\u00ebndrime ndryshe.<br \/>\nKjo \u00ebsht\u00eb gjuha e t\u00eb kapurit prej gjuhe q\u00eb e ndjen se tring\u00ebllima e prangave \u00ebsht\u00eb af\u00ebr, fare af\u00ebr.<br \/>\nKjo \u00ebsht\u00eb gjuha q\u00eb p\u00ebrcjell panik politik, viktimizim, relativizim.<br \/>\nPor dhe nj\u00eb mesazh frike \u201cmos na prekni\u201d.<br \/>\nNd\u00ebrkoh\u00eb nga Kuvendi opinioni k\u00ebrkon q\u00eb t\u00eb mos kthehet n\u00eb mburoj\u00eb t\u00eb korrupsionit.<br \/>\nAs t\u00eb b\u00ebj\u00eb teat\u00ebr e as cirqe politike.<br \/>\nAi t\u00eb heq\u00eb me shpejt\u00ebsi imunitetin e Ballukut.<br \/>\n\u00c7do akt i kund\u00ebrt varros drejt\u00ebsin\u00eb e mbetur me pikatore.<br \/>\nDrejt\u00ebsia t\u00eb lejohet t\u00eb godas\u00eb korrupsionin, n.q.s v\u00ebrtet ka vullnet pa presion, pa alibi, pa standarde t\u00eb dyfishta si\u00e7 i kemi par\u00eb deri m\u00eb tani.Tani q\u00eb SPAK k\u00ebrkon autorizim p\u00ebr arrestim t\u00eb zv\/kryeministres, Kryeministri, ky q\u00eb tundesh e shkundesh duke nxjerr\u00eb shkum\u00eb nga goja p\u00ebr t\u00eb udh\u00ebzuar SPAK p\u00ebr t\u00eb arrestuar lider\u00ebt e opozit\u00ebs, sot del e flet me palltake druri n\u00eb brez p\u00ebr \u201carreste pa gjyq\u201d e k\u00ebrc\u00ebnon p\u00ebr t\u00eb paralajm\u00ebruar q\u00ebndrime ndryshe.<br \/>\nKjo \u00ebsht\u00eb gjuha e t\u00eb kapurit prej gjuhe q\u00eb e ndjen se tring\u00ebllima e prangave \u00ebsht\u00eb af\u00ebr, fare af\u00ebr.<br \/>\nKjo \u00ebsht\u00eb gjuha q\u00eb p\u00ebrcjell panik politik, viktimizim, relativizim.<br \/>\nPor dhe nj\u00eb mesazh frike \u201cmos na prekni\u201d.<br \/>\nNd\u00ebrkoh\u00eb nga Kuvendi opinioni k\u00ebrkon q\u00eb t\u00eb mos kthehet n\u00eb mburoj\u00eb t\u00eb korrupsionit.<br \/>\nAs t\u00eb b\u00ebj\u00eb teat\u00ebr e as cirqe politike.<br \/>\nAi t\u00eb heq\u00eb me shpejt\u00ebsi imunitetin e Ballukut.<br \/>\n\u00c7do akt i kund\u00ebrt varros drejt\u00ebsin\u00eb e mbetur me pikatore.<br \/>\nDrejt\u00ebsia t\u00eb lejohet t\u00eb godas\u00eb korrupsionin, n.q.s v\u00ebrtet ka vullnet pa presion, pa alibi, pa standarde t\u00eb dyfishta si\u00e7 i kemi par\u00eb deri m\u00eb tani.<\/p>\n","protected":false},"excerpt":{"rendered":"<p>Nga Lu\u00c7iano BO\u00c7I Tani q\u00eb SPAK k\u00ebrkon autorizim p\u00ebr arrestim t\u00eb zv\/kryeministres, Kryeministri, ky q\u00eb tundesh e shkundesh duke nxjerr\u00eb shkum\u00eb nga goja p\u00ebr t\u00eb udh\u00ebzuar SPAK p\u00ebr t\u00eb arrestuar lider\u00ebt e opozit\u00ebs, sot del e flet me palltake druri n\u00eb brez p\u00ebr \u201carreste pa gjyq\u201d e k\u00ebrc\u00ebnon p\u00ebr t\u00eb paralajm\u00ebruar q\u00ebndrime ndryshe. Kjo \u00ebsht\u00eb &hellip;<\/p>\n","protected":false},"author":4,"featured_media":24031,"comment_status":"closed","ping_status":"closed","sticky":false,"template":"","format":"standard","meta":{"footnotes":""},"categories":[134],"tags":[],"class_list":["post-131249","post","type-post","status-publish","format-standard","has-post-thumbnail","","category-news"],"_links":{"self":[{"href":"https:\/\/rdnews.al\/index.php\/wp-json\/wp\/v2\/posts\/131249","targetHints":{"allow":["GET"]}}],"collection":[{"href":"https:\/\/rdnews.al\/index.php\/wp-json\/wp\/v2\/posts"}],"about":[{"href":"https:\/\/rdnews.al\/index.php\/wp-json\/wp\/v2\/types\/post"}],"author":[{"embeddable":true,"href":"https:\/\/rdnews.al\/index.php\/wp-json\/wp\/v2\/users\/4"}],"replies":[{"embeddable":true,"href":"https:\/\/rdnews.al\/index.php\/wp-json\/wp\/v2\/comments?post=131249"}],"version-history":[{"count":1,"href":"https:\/\/rdnews.al\/index.php\/wp-json\/wp\/v2\/posts\/131249\/revisions"}],"predecessor-version":[{"id":131250,"href":"https:\/\/rdnews.al\/index.php\/wp-json\/wp\/v2\/posts\/131249\/revisions\/131250"}],"wp:featuredmedia":[{"embeddable":true,"href":"https:\/\/rdnews.al\/index.php\/wp-json\/wp\/v2\/media\/24031"}],"wp:attachment":[{"href":"https:\/\/rdnews.al\/index.php\/wp-json\/wp\/v2\/media?parent=131249"}],"wp:term":[{"taxonomy":"category","embeddable":true,"href":"https:\/\/rdnews.al\/index.php\/wp-json\/wp\/v2\/categories?post=131249"},{"taxonomy":"post_tag","embeddable":true,"href":"https:\/\/rdnews.al\/index.php\/wp-json\/wp\/v2\/tags?post=131249"}],"curies":[{"name":"wp","href":"https:\/\/api.w.org\/{rel}","templated":true}]}}