{"id":131308,"date":"2025-12-17T17:41:25","date_gmt":"2025-12-17T17:41:25","guid":{"rendered":"https:\/\/rdnews.al\/?p=131308"},"modified":"2025-12-17T20:50:57","modified_gmt":"2025-12-17T20:50:57","slug":"berisha-edi-rama-i-ka-koherat-e-numeruara-force-ne-bote-qe-ta-shpetoje-nga-pd-dhe-opozita-shqiptare-nuk-ka","status":"publish","type":"post","link":"https:\/\/rdnews.al\/index.php\/2025\/12\/17\/berisha-edi-rama-i-ka-koherat-e-numeruara-force-ne-bote-qe-ta-shpetoje-nga-pd-dhe-opozita-shqiptare-nuk-ka\/","title":{"rendered":"Rama i ka dit\u00ebt e num\u00ebruara\/ Berisha: Forc\u00eb n\u00eb bot\u00eb q\u00eb ta shp\u00ebtoj\u00eb nuk ka!"},"content":{"rendered":"<p>Kryetari i PD, Sali Berisha duke folur n\u00eb mbledhjen e K\u00ebshillit Komb\u00ebtar tha se, se Edi Rama i ka koh\u00ebrat e num\u00ebruara\u2019 dhe se nuk ekziston asnj\u00eb forc\u00eb, brenda apo jasht\u00eb vendit, q\u00eb mund ta shp\u00ebtoj\u00eb at\u00eb nga p\u00ebrballja me opozit\u00ebn shqiptare.<\/p>\n<p>Berisha e p\u00ebrshkroi situat\u00ebn si t\u00eb rrezikshme, por nj\u00ebkoh\u00ebsisht vendimtare, duke b\u00ebr\u00eb thirrje p\u00ebr nj\u00eb mobilizim t\u00eb p\u00ebrgjithsh\u00ebm qytetar dhe opozitar, p\u00ebr protesta t\u00eb q\u00ebndrueshme dhe rezistenc\u00eb n\u00eb t\u00eb gjitha format.<\/p>\n<p><strong>Berisha:<\/strong> Miqt\u00eb e mi, t\u00eb gjitha k\u00ebto na faktojn\u00eb se n\u00eb \u00e7far\u00eb situate jemi, sa e rrezikshme \u00ebsht\u00eb, duhet ta pranojm\u00eb, \u00ebsht\u00eb e rrezikshme situata, por p\u00ebr t\u00eb gjith\u00eb ata idealist\u00eb, ata guximtar\u00eb, q\u00eb duan t\u00eb kontribuojn\u00eb p\u00ebr veten, f\u00ebmij\u00ebt, t\u00eb ardhmen e tyre, ka vet\u00ebm nj\u00eb rrug\u00eb, p\u00ebrballja gjer n\u00eb fitore me k\u00ebt\u00eb kalb\u00ebsir\u00eb, t\u00eb aft\u00eb t\u00eb kryej\u00eb \u00e7do krim.<\/p>\n<p>T\u00eb aft\u00eb t\u00eb marr\u00eb \u00e7do vendim.<\/p>\n<p>T\u00eb aft\u00eb t\u00eb b\u00ebj\u00eb gjith\u00e7ka p\u00ebr t\u00eb mbijetuar.<\/p>\n<p>Ndaj dhe t\u00eb nderuar an\u00ebtare dhe an\u00ebtar\u00eb t\u00eb K\u00ebshillit Komb\u00ebtar.<\/p>\n<p>N\u00eb qoft\u00eb se ndonj\u00ebher\u00eb ka qen\u00eb ora e thirrjes p\u00ebr ne, kjo \u00ebsht\u00eb ora e thirrjes p\u00ebr \u00e7do idealist, p\u00ebr \u00e7do atdhetar, p\u00ebr \u00e7do shqiptar.<\/p>\n<p>U tejkalua \u00e7do lloj vije, \u00e7do lloj standardi.<\/p>\n<p>Ish-koordinatori p\u00ebr banda i Edi Ram\u00ebs, merr peng p\u00ebr t\u2019i hapur rrug\u00ebn kunatit t\u00eb familjes.<\/p>\n<p>Nuk shkohet m\u00eb tutje, do q\u00ebndrojm\u00eb tek k\u00ebto.<\/p>\n<p>Se ju kudo q\u00eb shkoni, k\u00ebta nuk b\u00ebjn\u00eb gj\u00eb tjet\u00ebr ve\u00e7se vjedhin pasurit\u00eb e qytetar\u00ebve.<\/p>\n<p>Ndaj dhe thirrja ime \u00ebsht\u00eb t\u00eb spostohemi n\u00eb nj\u00eb orbit\u00eb t\u00eb re.<\/p>\n<p>Po, k\u00ebrkohet t\u00eb operojm\u00eb n\u00eb nj\u00eb orbit\u00eb t\u00eb re.<\/p>\n<p>Dhe kjo \u00ebsht\u00eb orbita e p\u00ebrballjes me k\u00ebt\u00eb regjim.<\/p>\n<p>\u00cbsht\u00eb thirrje p\u00ebr \u00e7do nj\u00ebrin prej nesh p\u00ebr guxim, p\u00ebr kreativitet, p\u00ebr t\u00eb gjitha format e rezistenc\u00ebs dhe l\u00ebvizjes, dhe u garantoj se n\u00eb m\u00ebnyr\u00ebn m\u00eb t\u00eb pashmangshme, fitorja \u00ebsht\u00eb e PD, fitorja \u00ebsht\u00eb e opozit\u00ebs, fitorja \u00ebsht\u00eb e shqiptar\u00ebve.<\/p>\n<p>Asgj\u00eb nuk do na ndal\u00eb ne pa rikthyer Kushtetut\u00ebn, ligjin, t\u00eb drejtat e shqiptar\u00ebve p\u00ebr vot\u00ebn e lir\u00eb dhe nd\u00ebshkuar k\u00ebt\u00eb organizat\u00eb kriminale, t\u00eb pap\u00ebrmbajtur n\u00eb vjedhjen e shqiptar\u00ebve.<\/p>\n<p>Ju e mor\u00ebt vesh, na thoni tani k\u00ebtu, prokuroria d\u00ebrgon n\u00eb parlament k\u00ebrkes\u00ebn p\u00ebr heqjen e imunitetit dhe arrestimin e Lubis\u00eb.<\/p>\n<p>Prisni. Prokuroria ka d\u00ebrguar me qindra dokumente, ligji dhe vet\u00eb prokurori, ato ua adreson si kryetarit dhe \u00e7do deputeti t\u00eb parlamentit.<\/p>\n<p>Edi Rama urdh\u00ebron Niko Peleshin dhe ai i ndryn n\u00eb kasafort\u00eb, fillimisht i mashtron, u thot\u00eb p\u00ebrfaq\u00ebsuesve tan\u00eb se e ka k\u00ebrkuar prokurori. Sigurisht se ato jan\u00eb sekret, por nuk mund t\u00eb jen\u00eb kurr\u00eb p\u00ebr an\u00ebtar\u00ebt e K\u00ebshillit t\u00eb Mandateve.<\/p>\n<p>Po pse jan\u00eb sekret?<\/p>\n<p>Se aty del Rama.<\/p>\n<p>Se aty del Rama me t\u00eb gjith\u00eb porosit\u00eb e tij.<\/p>\n<p>Se ata kaluan nga tuneli i Llogaras\u00eb, tek lotet.<\/p>\n<p>Tek lotet \u00ebsht\u00eb Rama me mesazhet.<\/p>\n<p>Plus q\u00eb jan\u00eb filmime t\u00eb tjera, fjal\u00eb t\u00eb tjera.<\/p>\n<p>Ju e shihni se ata jan\u00eb nj\u00eb grup llumi, q\u00eb vet\u00ebm zyrtar\u00eb nuk mund t\u00eb quhen ata.<\/p>\n<p>Dhe tani k\u00ebrkojn\u00eb t\u2019i fshehin.<\/p>\n<p>Na thoni ju, \u00e7far\u00eb duhet t\u00eb b\u00ebjm\u00eb ne?<\/p>\n<p>Si mund t\u2019u mbahet deputet\u00ebve dokumentet, vet\u00ebm e vet\u00ebm se Edi Rama \u00ebsht\u00eb i zhytur gjer n\u00eb vesh\u00eb.<\/p>\n<p>K\u00ebshtu q\u00eb jemi pra&#8230; shikoni \u00e7far\u00eb akti provokativ. Rrezikohet t\u00eb mos na japin dokumentet.<\/p>\n<p>Duan t\u2019i mbajn\u00eb duke fshehur vjedhjet.<\/p>\n<p>Duan t\u2019i mbajn\u00eb duke fshehur krimin.<\/p>\n<p>At\u00ebher\u00eb \u00ebsht\u00eb populli, jan\u00eb qytetar\u00ebt q\u00eb duhet t\u00eb flasin.<\/p>\n<p>Ose t\u00eb shtrijm\u00eb qaf\u00ebn, po jo kurr\u00eb nuk e b\u00ebjm\u00eb at\u00eb.<\/p>\n<p>Ndaj, t\u00eb nderuar an\u00ebtar\u00eb t\u00eb K\u00ebshillit Komb\u00ebtar, k\u00ebto dit\u00eb q\u00eb kan\u00eb mbetur, jeni t\u00eb lutur, u k\u00ebrkoj t\u00eb angazhoheni n\u00eb takime intensive me qytetar\u00ebt.<\/p>\n<p>\u00cbsht\u00eb koha e guximtar\u00ebve, mos e harroni k\u00ebt\u00eb.<\/p>\n<p>Dhe \u00e7donj\u00ebri q\u00eb thot\u00eb se si t\u2019ia b\u00ebjm\u00eb se ky nuk po m\u00eb vjen, i them n\u00eb radh\u00eb t\u00eb par\u00eb hajde ti vet\u00eb, jep shembull personal, ai q\u00eb nuk vjen, l\u00ebre m\u00ebnjan\u00eb, shko gjej tjetrin q\u00eb vjen.<\/p>\n<p>\u00cbsht\u00eb koha e guximtar\u00ebve.<\/p>\n<p>Mos harroni se kjo qeveria nuk u reziston kurr\u00eb 3 mij\u00eb apo 5 mij\u00eb burrave dhe grave, djemve q\u00eb vendosin t\u00eb z\u00ebn\u00eb sheshin para kryeministrit dhe t\u00eb mos e l\u00ebshojn\u00eb at\u00eb gjer sa t\u00eb ik\u00eb ky.<\/p>\n<p>Ata q\u00eb i rr\u00ebzuan, i kan\u00eb rr\u00ebzuar autokrat\u00ebt, por i kan\u00eb rr\u00ebzuar me protesta t\u00eb q\u00ebndrueshme.<\/p>\n<p>Tani, kemi b\u00ebr\u00eb \u00e7do gj\u00eb, nuk ka qen\u00eb e leht\u00eb, ka qen\u00eb shum\u00eb e v\u00ebshtir\u00eb. Imagjinoni ju lobingjet e Mogherinave kund\u00ebr nesh, imagjinoni ju se \u00e7far\u00eb efekti kan\u00eb patur.<\/p>\n<p>Por nj\u00eb mir\u00ebnjohje t\u00eb pakufishme ndaj partive simotra, t\u00eb cilat e kuptuan se q\u00ebndrimi ndaj PD ishte i pabazuar dhe nga tetori i vitit 2024, gjer m\u00eb 5 dhjetor, kan\u00eb miratuar 7 rezoluta n\u00eb mb\u00ebshtetjen ton\u00eb.<\/p>\n<p>Natyrisht jan\u00eb mb\u00ebshtetje e fuqishme, por ato jan\u00eb let\u00ebr n\u00eb qoft\u00eb se ne nuk ngrihemi.<\/p>\n<p>Agjenda jon\u00eb duhet t\u00eb jet\u00eb protest\u00eb, protest\u00eb dhe vet\u00ebm protest\u00eb.<\/p>\n<p>N\u00eb t\u00eb gjitha format.<\/p>\n<p>Kudo. Brenda dhe jasht\u00eb Shqip\u00ebris\u00eb.<\/p>\n<p>Deg\u00ebt tona, kudo q\u00eb jan\u00eb, do t\u00eb angazhohen n\u00eb protesta t\u00eb fuqishme kund\u00ebr k\u00ebtij regjimi, pran\u00eb organizatave nd\u00ebrkomb\u00ebtare.<\/p>\n<p>Protesta t\u00eb fuqishme kund\u00ebr kleptokracis\u00eb dhe narkoshtetit shqiptar.<\/p>\n<p>Edi Rama i ka koh\u00ebrat e num\u00ebruara.<\/p>\n<p>Forc\u00eb n\u00eb bot\u00eb q\u00eb ta shp\u00ebtoj\u00eb nga PD dhe opozita shqiptare nuk ka.<\/p>\n","protected":false},"excerpt":{"rendered":"<p>Kryetari i PD, Sali Berisha duke folur n\u00eb mbledhjen e K\u00ebshillit Komb\u00ebtar tha se, se Edi Rama i ka koh\u00ebrat e num\u00ebruara\u2019 dhe se nuk ekziston asnj\u00eb forc\u00eb, brenda apo jasht\u00eb vendit, q\u00eb mund ta shp\u00ebtoj\u00eb at\u00eb nga p\u00ebrballja me opozit\u00ebn shqiptare. Berisha e p\u00ebrshkroi situat\u00ebn si t\u00eb rrezikshme, por nj\u00ebkoh\u00ebsisht vendimtare, duke b\u00ebr\u00eb thirrje &hellip;<\/p>\n","protected":false},"author":4,"featured_media":129581,"comment_status":"closed","ping_status":"closed","sticky":false,"template":"","format":"standard","meta":{"footnotes":""},"categories":[37],"tags":[],"class_list":["post-131308","post","type-post","status-publish","format-standard","has-post-thumbnail","","category-politike"],"_links":{"self":[{"href":"https:\/\/rdnews.al\/index.php\/wp-json\/wp\/v2\/posts\/131308","targetHints":{"allow":["GET"]}}],"collection":[{"href":"https:\/\/rdnews.al\/index.php\/wp-json\/wp\/v2\/posts"}],"about":[{"href":"https:\/\/rdnews.al\/index.php\/wp-json\/wp\/v2\/types\/post"}],"author":[{"embeddable":true,"href":"https:\/\/rdnews.al\/index.php\/wp-json\/wp\/v2\/users\/4"}],"replies":[{"embeddable":true,"href":"https:\/\/rdnews.al\/index.php\/wp-json\/wp\/v2\/comments?post=131308"}],"version-history":[{"count":3,"href":"https:\/\/rdnews.al\/index.php\/wp-json\/wp\/v2\/posts\/131308\/revisions"}],"predecessor-version":[{"id":131325,"href":"https:\/\/rdnews.al\/index.php\/wp-json\/wp\/v2\/posts\/131308\/revisions\/131325"}],"wp:featuredmedia":[{"embeddable":true,"href":"https:\/\/rdnews.al\/index.php\/wp-json\/wp\/v2\/media\/129581"}],"wp:attachment":[{"href":"https:\/\/rdnews.al\/index.php\/wp-json\/wp\/v2\/media?parent=131308"}],"wp:term":[{"taxonomy":"category","embeddable":true,"href":"https:\/\/rdnews.al\/index.php\/wp-json\/wp\/v2\/categories?post=131308"},{"taxonomy":"post_tag","embeddable":true,"href":"https:\/\/rdnews.al\/index.php\/wp-json\/wp\/v2\/tags?post=131308"}],"curies":[{"name":"wp","href":"https:\/\/api.w.org\/{rel}","templated":true}]}}