{"id":131369,"date":"2025-12-18T10:05:00","date_gmt":"2025-12-18T10:05:00","guid":{"rendered":"https:\/\/rdnews.al\/?p=131369"},"modified":"2025-12-18T10:05:00","modified_gmt":"2025-12-18T10:05:00","slug":"mes-tensioneve-dhe-rremujes-mazhoranca-voton-rendin-e-dites","status":"publish","type":"post","link":"https:\/\/rdnews.al\/index.php\/2025\/12\/18\/mes-tensioneve-dhe-rremujes-mazhoranca-voton-rendin-e-dites\/","title":{"rendered":"Mes tensioneve dhe rr\u00ebmuj\u00ebs, mazhoranca voton rendin e dit\u00ebs"},"content":{"rendered":"<p>Mazhoranca ka kalur n\u00eb votim direkt rendin e dit\u00ebs mes tensioneve dhe rr\u00ebmuj\u00ebs.<\/p>\n<p>Kreu i grupit parlamentar t\u00eb PS, Taulant Balla propozoi q\u00eb rendi t\u00eb votohej pa diskutime, pas rr\u00ebmujave t\u00eb shkaktuara n\u00eb seanc\u00eb nga opozita.<\/p>\n<p>Propozim i pranuar nga kreu i Kuvendit, Niko Peleshi.<\/p>\n<p>\u201cN\u00eb vler\u00ebsim t\u00eb k\u00ebsaj pamje t\u00eb paralajm\u00ebruar me shpres\u00ebn s\u00eb do t\u00eb motivohen mb\u00ebshtet\u00ebsit e PD p\u00ebr shkuar nga 300 n\u00eb 400 protestues dit\u00ebn e h\u00ebn\u00eb. N\u00eb pamund\u00ebsi p\u00ebr t\u00eb zhvilluar diskutimet, duket q\u00eb opozita nuk do ta zhvillojm\u00eb seanc\u00ebn. Ju lut\u00ebm hidhni n\u00eb votim propozimin tim p\u00ebr t\u00eb kaluar direkt n\u00eb votim\u201d, tha Balla.Mazhoranca ka kalur n\u00eb votim direkt rendin e dit\u00ebs.<\/p>\n<p>Kreu i grupit parlamentar t\u00eb PS, Taulant Balla propozoi q\u00eb rendi t\u00eb votohej pa diskutime, pas rr\u00ebmujave t\u00eb shkaktuara n\u00eb seanc\u00eb nga opozita.<\/p>\n<p>Propozim i pranuar nga kreu i Kuvendit, Niko Peleshi.<\/p>\n<p>\u201cN\u00eb vler\u00ebsim t\u00eb k\u00ebsaj pamje t\u00eb paralajm\u00ebruar me shpres\u00ebn s\u00eb do t\u00eb motivohen mb\u00ebshtet\u00ebsit e PD p\u00ebr shkuar nga 300 n\u00eb 400 protestues dit\u00ebn e h\u00ebn\u00eb. N\u00eb pamund\u00ebsi p\u00ebr t\u00eb zhvilluar diskutimet, duket q\u00eb opozita nuk do ta zhvillojm\u00eb seanc\u00ebn. Ju lut\u00ebm hidhni n\u00eb votim propozimin tim p\u00ebr t\u00eb kaluar direkt n\u00eb votim\u201d, tha Balla.<\/p>\n","protected":false},"excerpt":{"rendered":"<p>Mazhoranca ka kalur n\u00eb votim direkt rendin e dit\u00ebs mes tensioneve dhe rr\u00ebmuj\u00ebs. Kreu i grupit parlamentar t\u00eb PS, Taulant Balla propozoi q\u00eb rendi t\u00eb votohej pa diskutime, pas rr\u00ebmujave t\u00eb shkaktuara n\u00eb seanc\u00eb nga opozita. Propozim i pranuar nga kreu i Kuvendit, Niko Peleshi. \u201cN\u00eb vler\u00ebsim t\u00eb k\u00ebsaj pamje t\u00eb paralajm\u00ebruar me shpres\u00ebn s\u00eb &hellip;<\/p>\n","protected":false},"author":4,"featured_media":131370,"comment_status":"closed","ping_status":"closed","sticky":false,"template":"","format":"standard","meta":{"footnotes":""},"categories":[37],"tags":[],"class_list":["post-131369","post","type-post","status-publish","format-standard","has-post-thumbnail","","category-politike"],"_links":{"self":[{"href":"https:\/\/rdnews.al\/index.php\/wp-json\/wp\/v2\/posts\/131369","targetHints":{"allow":["GET"]}}],"collection":[{"href":"https:\/\/rdnews.al\/index.php\/wp-json\/wp\/v2\/posts"}],"about":[{"href":"https:\/\/rdnews.al\/index.php\/wp-json\/wp\/v2\/types\/post"}],"author":[{"embeddable":true,"href":"https:\/\/rdnews.al\/index.php\/wp-json\/wp\/v2\/users\/4"}],"replies":[{"embeddable":true,"href":"https:\/\/rdnews.al\/index.php\/wp-json\/wp\/v2\/comments?post=131369"}],"version-history":[{"count":1,"href":"https:\/\/rdnews.al\/index.php\/wp-json\/wp\/v2\/posts\/131369\/revisions"}],"predecessor-version":[{"id":131371,"href":"https:\/\/rdnews.al\/index.php\/wp-json\/wp\/v2\/posts\/131369\/revisions\/131371"}],"wp:featuredmedia":[{"embeddable":true,"href":"https:\/\/rdnews.al\/index.php\/wp-json\/wp\/v2\/media\/131370"}],"wp:attachment":[{"href":"https:\/\/rdnews.al\/index.php\/wp-json\/wp\/v2\/media?parent=131369"}],"wp:term":[{"taxonomy":"category","embeddable":true,"href":"https:\/\/rdnews.al\/index.php\/wp-json\/wp\/v2\/categories?post=131369"},{"taxonomy":"post_tag","embeddable":true,"href":"https:\/\/rdnews.al\/index.php\/wp-json\/wp\/v2\/tags?post=131369"}],"curies":[{"name":"wp","href":"https:\/\/api.w.org\/{rel}","templated":true}]}}