{"id":131453,"date":"2025-12-18T21:54:59","date_gmt":"2025-12-18T21:54:59","guid":{"rendered":"https:\/\/rdnews.al\/?p=131453"},"modified":"2025-12-18T21:54:59","modified_gmt":"2025-12-18T21:54:59","slug":"rama-fillon-te-ushtrohet-me-qeline-kalon-disa-ore-me-thacin-ne-hage","status":"publish","type":"post","link":"https:\/\/rdnews.al\/index.php\/2025\/12\/18\/rama-fillon-te-ushtrohet-me-qeline-kalon-disa-ore-me-thacin-ne-hage\/","title":{"rendered":"Rama fillon t\u00eb ushtrohet me qelin\u00eb\/ Kalon disa or\u00eb me Tha\u00e7in n\u00eb Hag\u00eb"},"content":{"rendered":"<p>Rama, ka vizituar ish-presidentin Hashim Tha\u00e7in n\u00eb Hag\u00eb, i cili tash e pes\u00eb vjet po mbahet n\u00eb paraburgim nga Gjykata Speciale.<\/p>\n<p>Rama tha se e gjeti Tha\u00e7in t\u00eb qet\u00eb, t\u00eb buz\u00ebqeshur \u201csi \u00e7do i pafajsh\u00ebm me karakter t\u00eb hekurt\u201d, duke shtuar se kan\u00eb biseduar nd\u00ebr t\u00eb tjerash p\u00ebr familjet, p\u00ebr miqt\u00eb e p\u00ebrbashk\u00ebt dhe p\u00ebr dy shtetet.<\/p>\n<p>Rama e ka pyetur Tha\u00e7in se si u ambjentua me qelin\u00eb dhe se sa t\u00eb v\u00ebshtir\u00eb e ka dit\u00ebn. Esht\u00eb e qart\u00eb se Rama ka nisur t\u00eb k\u00ebrkoj\u00eb p\u00ebrvoja p\u00ebr q\u00ebndrimin n\u00eb qeli n\u00eb nj\u00eb koh\u00eb t\u00eb trazuar kur pjesa m\u00eb e madhe e njer\u00ebzve t\u00eb tij kan\u00eb shkuar dhe po shkojn\u00eb n\u00eb burg dhe mb\u00ebrritja e tij para drejt\u00ebsis\u00eb nuk do t\u00eb vonoj\u00eb.<\/p>\n","protected":false},"excerpt":{"rendered":"<p>Rama, ka vizituar ish-presidentin Hashim Tha\u00e7in n\u00eb Hag\u00eb, i cili tash e pes\u00eb vjet po mbahet n\u00eb paraburgim nga Gjykata Speciale. Rama tha se e gjeti Tha\u00e7in t\u00eb qet\u00eb, t\u00eb buz\u00ebqeshur \u201csi \u00e7do i pafajsh\u00ebm me karakter t\u00eb hekurt\u201d, duke shtuar se kan\u00eb biseduar nd\u00ebr t\u00eb tjerash p\u00ebr familjet, p\u00ebr miqt\u00eb e p\u00ebrbashk\u00ebt dhe p\u00ebr &hellip;<\/p>\n","protected":false},"author":3,"featured_media":131454,"comment_status":"closed","ping_status":"closed","sticky":false,"template":"","format":"standard","meta":{"footnotes":""},"categories":[37],"tags":[],"class_list":["post-131453","post","type-post","status-publish","format-standard","has-post-thumbnail","","category-politike"],"_links":{"self":[{"href":"https:\/\/rdnews.al\/index.php\/wp-json\/wp\/v2\/posts\/131453","targetHints":{"allow":["GET"]}}],"collection":[{"href":"https:\/\/rdnews.al\/index.php\/wp-json\/wp\/v2\/posts"}],"about":[{"href":"https:\/\/rdnews.al\/index.php\/wp-json\/wp\/v2\/types\/post"}],"author":[{"embeddable":true,"href":"https:\/\/rdnews.al\/index.php\/wp-json\/wp\/v2\/users\/3"}],"replies":[{"embeddable":true,"href":"https:\/\/rdnews.al\/index.php\/wp-json\/wp\/v2\/comments?post=131453"}],"version-history":[{"count":1,"href":"https:\/\/rdnews.al\/index.php\/wp-json\/wp\/v2\/posts\/131453\/revisions"}],"predecessor-version":[{"id":131455,"href":"https:\/\/rdnews.al\/index.php\/wp-json\/wp\/v2\/posts\/131453\/revisions\/131455"}],"wp:featuredmedia":[{"embeddable":true,"href":"https:\/\/rdnews.al\/index.php\/wp-json\/wp\/v2\/media\/131454"}],"wp:attachment":[{"href":"https:\/\/rdnews.al\/index.php\/wp-json\/wp\/v2\/media?parent=131453"}],"wp:term":[{"taxonomy":"category","embeddable":true,"href":"https:\/\/rdnews.al\/index.php\/wp-json\/wp\/v2\/categories?post=131453"},{"taxonomy":"post_tag","embeddable":true,"href":"https:\/\/rdnews.al\/index.php\/wp-json\/wp\/v2\/tags?post=131453"}],"curies":[{"name":"wp","href":"https:\/\/api.w.org\/{rel}","templated":true}]}}