{"id":131529,"date":"2025-12-19T17:10:29","date_gmt":"2025-12-19T17:10:29","guid":{"rendered":"https:\/\/rdnews.al\/?p=131529"},"modified":"2025-12-19T22:04:45","modified_gmt":"2025-12-19T22:04:45","slug":"berisha-kryehajduti-edi-rama-bllokon-heqjen-e-imunitetit-te-lubi-ballukut","status":"publish","type":"post","link":"https:\/\/rdnews.al\/index.php\/2025\/12\/19\/berisha-kryehajduti-edi-rama-bllokon-heqjen-e-imunitetit-te-lubi-ballukut\/","title":{"rendered":"Berisha: Kryehajduti Edi Rama bllokon heqjen e imunitetit t\u00eb Lubi Ballukut!"},"content":{"rendered":"<p class=\"TableParagraph\">Kryetari i Partis\u00eb Demokratike, Prof. Dr. Sali Berisha, denoncon aktin e pashembullt p\u00ebr bllokimin e drejt\u00ebsis\u00eb dhe shkeljen e r\u00ebnd\u00eb t\u00eb Kushtetut\u00ebs, pas nd\u00ebrprerjes s\u00eb mbledhjes s\u00eb Komisionit t\u00eb Mandateve pa u vendosur p\u00ebr heqjen e imunitetit t\u00eb Belinda Ballukut. Sipas Berish\u00ebs, kryetari i grupit socialist Niko Peleshi, me urdh\u00ebr t\u00eb Ram\u00ebs, refuzoi t\u2019u v\u00ebr\u00eb n\u00eb dispozicion deputet\u00ebve provat e Prokuroris\u00eb q\u00eb faktojn\u00eb vjedhje me vler\u00eb qindra miliona euro.<\/p>\n<p class=\"TableParagraph\">Berisha deklaroi se ky veprim synon t\u00eb pengoj\u00eb arrestimin dhe nd\u00ebshkimin ligjor t\u00eb Ballukut dhe p\u00ebrb\u00ebn nj\u00eb akt flagrant antikushtetues. Partia Demokratike d\u00ebnon ashp\u00ebr fshehjen e provave dhe thekson se, pavar\u00ebsisht p\u00ebrpjekjeve p\u00ebr bllokim, Edi Rama dhe Belinda Balluku nuk do t\u2019i shp\u00ebtojn\u00eb nd\u00ebshkimit ligjor p\u00ebr mega-vjedhjet e akuzuara.<\/p>\n<p class=\"TableParagraph\"><strong>Reagimi i plot\u00eb<\/strong><\/p>\n<p class=\"TableParagraph\">Sot, Niko Peleshi n\u00eb nj\u00eb akt t\u00eb pashembullt antikushtetues nuk i jep deputet\u00ebve, an\u00ebtar\u00eb t\u00eb Komisionit t\u00eb Mandateve, provat e prokuroris\u00eb q\u00eb faktojn\u00eb vjedhjet e qindra-milion\u00eb eurove nga Rama, Balluku. Pas 6 or\u00ebsh debate ai nd\u00ebrpreu me urdh\u00ebr t\u00eb Ram\u00ebs mbledhjen e Komisionit t\u00eb Mandateve pa vendosur heqjen e imunitetit t\u00eb Lubis\u00eb dhe duke mos l\u00ebn\u00eb koh\u00eb tjet\u00ebr p\u00ebr mbledhjen e Komisionit p\u00ebr heqjen e imunitetit dhe arrestimin e Ballukut.<\/p>\n<p class=\"TableParagraph\">Partia Demokratike d\u00ebnon me forc\u00ebn m\u00eb t\u00eb madhe aktin antikushtetues t\u00eb fshehjes s\u00eb provave t\u00eb krimit dhe bllokimin e drejt\u00ebsis\u00eb nga Edi Rama. Partia Demokratike i thot\u00eb Edi Ram\u00ebs dhe Lubi Ballukut se asgj\u00eb n\u00eb bot\u00eb nuk ju shp\u00ebton ju nga nd\u00ebshkikimi ligjor i merituar p\u00ebr mega-vjedhjet tuaj. #sb<\/p>\n<p><iframe loading=\"lazy\" src=\"https:\/\/www.facebook.com\/plugins\/video.php?height=315&amp;href=https%3A%2F%2Fweb.facebook.com%2Freel%2F1034455378870713%2F&amp;show_text=false&amp;width=560&amp;t=0\" width=\"560\" height=\"315\" frameborder=\"0\" scrolling=\"no\" allowfullscreen=\"allowfullscreen\" data-mce-fragment=\"1\"><\/iframe><\/p>\n<div class=\"jeg_ad jeg_ad_article jnews_content_inline_2_ads \">\n<div class=\"ads-wrapper align-center \">\n<div class=\"ads_code\"><\/div>\n<\/div>\n<\/div>\n<div class=\"jeg_ad jeg_ad_article jnews_content_inline_3_ads \">\n<div class=\"ads-wrapper align-center \">\n<div class=\"ads_code\">\n<div class=\"desktopi\" align=\"center\">\n<p>&nbsp;<\/p>\n<div id=\"beacon_7aa4dca40f\"><img loading=\"lazy\" decoding=\"async\" src=\"https:\/\/ads.adsense.al\/www\/delivery\/lg.php?bannerid=0&amp;campaignid=0&amp;zoneid=138&amp;loc=https%3A%2F%2Fboldnews.al%2F2025%2F12%2F19%2Frama-nuk-iu-pergjigj-berisha-publikon-video-nga-debati-bardhi-peleshi-ne-mbledhjen-e-keshillit-te-mandateve%2F&amp;referer=https%3A%2F%2Fboldnews.al%2Fcategory%2Faktualitet%2F&amp;cb=7aa4dca40f\" alt=\"\" width=\"0\" height=\"0\" \/><\/div>\n<p>&nbsp;<\/p>\n<\/div>\n<\/div>\n<\/div>\n<\/div>\n","protected":false},"excerpt":{"rendered":"<p>Kryetari i Partis\u00eb Demokratike, Prof. Dr. Sali Berisha, denoncon aktin e pashembullt p\u00ebr bllokimin e drejt\u00ebsis\u00eb dhe shkeljen e r\u00ebnd\u00eb t\u00eb Kushtetut\u00ebs, pas nd\u00ebrprerjes s\u00eb mbledhjes s\u00eb Komisionit t\u00eb Mandateve pa u vendosur p\u00ebr heqjen e imunitetit t\u00eb Belinda Ballukut. Sipas Berish\u00ebs, kryetari i grupit socialist Niko Peleshi, me urdh\u00ebr t\u00eb Ram\u00ebs, refuzoi t\u2019u v\u00ebr\u00eb &hellip;<\/p>\n","protected":false},"author":4,"featured_media":129075,"comment_status":"closed","ping_status":"closed","sticky":false,"template":"","format":"standard","meta":{"footnotes":""},"categories":[134],"tags":[],"class_list":["post-131529","post","type-post","status-publish","format-standard","has-post-thumbnail","","category-news"],"_links":{"self":[{"href":"https:\/\/rdnews.al\/index.php\/wp-json\/wp\/v2\/posts\/131529","targetHints":{"allow":["GET"]}}],"collection":[{"href":"https:\/\/rdnews.al\/index.php\/wp-json\/wp\/v2\/posts"}],"about":[{"href":"https:\/\/rdnews.al\/index.php\/wp-json\/wp\/v2\/types\/post"}],"author":[{"embeddable":true,"href":"https:\/\/rdnews.al\/index.php\/wp-json\/wp\/v2\/users\/4"}],"replies":[{"embeddable":true,"href":"https:\/\/rdnews.al\/index.php\/wp-json\/wp\/v2\/comments?post=131529"}],"version-history":[{"count":2,"href":"https:\/\/rdnews.al\/index.php\/wp-json\/wp\/v2\/posts\/131529\/revisions"}],"predecessor-version":[{"id":131565,"href":"https:\/\/rdnews.al\/index.php\/wp-json\/wp\/v2\/posts\/131529\/revisions\/131565"}],"wp:featuredmedia":[{"embeddable":true,"href":"https:\/\/rdnews.al\/index.php\/wp-json\/wp\/v2\/media\/129075"}],"wp:attachment":[{"href":"https:\/\/rdnews.al\/index.php\/wp-json\/wp\/v2\/media?parent=131529"}],"wp:term":[{"taxonomy":"category","embeddable":true,"href":"https:\/\/rdnews.al\/index.php\/wp-json\/wp\/v2\/categories?post=131529"},{"taxonomy":"post_tag","embeddable":true,"href":"https:\/\/rdnews.al\/index.php\/wp-json\/wp\/v2\/tags?post=131529"}],"curies":[{"name":"wp","href":"https:\/\/api.w.org\/{rel}","templated":true}]}}