{"id":131668,"date":"2025-12-20T21:07:41","date_gmt":"2025-12-20T21:07:41","guid":{"rendered":"https:\/\/rdnews.al\/?p=131668"},"modified":"2025-12-20T21:07:41","modified_gmt":"2025-12-20T21:07:41","slug":"enveri-ia-asgjesoi-shqiperise-vlerat-intelektuale-piktori-ia-zhvati-ato-materiale","status":"publish","type":"post","link":"https:\/\/rdnews.al\/index.php\/2025\/12\/20\/enveri-ia-asgjesoi-shqiperise-vlerat-intelektuale-piktori-ia-zhvati-ato-materiale\/","title":{"rendered":"Enveri ia asgj\u00ebsoi Shqip\u00ebris\u00eb vlerat intelektuale, Piktori ia zhvati ato materiale"},"content":{"rendered":"<p><strong>Nga\u00a0Kim <\/strong><strong>MEHMETI<\/strong><\/p>\n<p>\u2018Shqiprit\u00eb\u2019 tona shenj\u00eb njoh\u00ebse kan\u00eb popullin e varf\u00ebr dhe politikan\u00ebt e pasur.<\/p>\n<p>Pra \u2018Shqip\u00ebrit\u00eb\u2019 tona jan\u00eb vende ku sa m\u00eb shum\u00eb varf\u00ebrohet populli, aq m\u00eb shum\u00eb pasurohen politikan\u00ebt, e q\u00eb d\u00ebshmon\u00eb se nuk ka popull apo shtet aq t\u00eb varf\u00ebr sa burr\u00ebshtetasit e tij hajdut\u00eb t\u00eb mos ken\u00eb \u00e7ka t\u00eb vjedhin.<\/p>\n<p>Pastaj \u2018Shqip\u00ebrit\u00eb\u2019 tona jan\u00eb vende ku populli nuk reagon dhe duron e hesht\u00eb edhe kur haptazi shihen hajdut\u00ebt q\u00eb e vjedhin.<\/p>\n<p>Duke qen\u00eb popull i duruesh\u00ebm, shiptar\u00ebt e Shqip\u00ebris\u00eb heshtnin p\u00ebrderisa Enveri ua asgj\u00ebsonte vlerat intelektuale, si\u00e7 heshtin edhe sot kur Piktori me band\u00ebn e vet dhe nipat e bllokmen\u00ebve ua zhvat atyre\u00a0 pasurin\u00eb materiale.<\/p>\n<p>Dhe nj\u00ebsoj si\u00e7 ndodhi pas r\u00ebnies s\u00eb Xhaxhit Enver, edhe pas r\u00ebnies s\u00eb Piktorit, do ngren\u00eb krye t\u00eb guximshmit e vonuar q\u00eb do e b\u00ebjn\u00eb llogarin\u00eb se cili nga k\u00ebta dy diktator\u00eb m\u00eb shum\u00eb e d\u00ebmtoi shqiptarin\u00eb!<\/p>\n<p>Nd\u00ebrkoh\u00eb mbetet e paqart\u00eb dhe p\u00ebr t\u2019u \u00e7uditur si ne shqiptar\u00ebt harruam se civilizimi i nj\u00eb populli, mbi t\u00eb gjitha, d\u00ebshmohet n\u00ebp\u00ebrmjet asaj sa ai e lufton padrej\u00ebsin\u00eb q\u00eb i b\u00ebhet. Edhe at\u00eb posa\u00e7\u00ebrisht padrejt\u00ebsin\u00eb q\u00eb e d\u00ebmton interesin e tij kolektiv.<\/p>\n<p>E sa i p\u00ebrket k\u00ebsaj lufte, ne shqiitar\u00ebt prej moti at\u00eb e kemi humbur. Me \u00e7ka, n\u00eb mas\u00eb t\u00eb madhe, i humb\u00ebm pasurit\u00eb dhe pronat e vetme q\u00eb kishim: \u201cShqip\u00ebrit\u00eb\u2019 tona.<\/p>\n","protected":false},"excerpt":{"rendered":"<p>Nga\u00a0Kim MEHMETI \u2018Shqiprit\u00eb\u2019 tona shenj\u00eb njoh\u00ebse kan\u00eb popullin e varf\u00ebr dhe politikan\u00ebt e pasur. Pra \u2018Shqip\u00ebrit\u00eb\u2019 tona jan\u00eb vende ku sa m\u00eb shum\u00eb varf\u00ebrohet populli, aq m\u00eb shum\u00eb pasurohen politikan\u00ebt, e q\u00eb d\u00ebshmon\u00eb se nuk ka popull apo shtet aq t\u00eb varf\u00ebr sa burr\u00ebshtetasit e tij hajdut\u00eb t\u00eb mos ken\u00eb \u00e7ka t\u00eb vjedhin. Pastaj \u2018Shqip\u00ebrit\u00eb\u2019 &hellip;<\/p>\n","protected":false},"author":4,"featured_media":31380,"comment_status":"closed","ping_status":"closed","sticky":false,"template":"","format":"standard","meta":{"footnotes":""},"categories":[44],"tags":[],"class_list":["post-131668","post","type-post","status-publish","format-standard","has-post-thumbnail","","category-editorial"],"_links":{"self":[{"href":"https:\/\/rdnews.al\/index.php\/wp-json\/wp\/v2\/posts\/131668","targetHints":{"allow":["GET"]}}],"collection":[{"href":"https:\/\/rdnews.al\/index.php\/wp-json\/wp\/v2\/posts"}],"about":[{"href":"https:\/\/rdnews.al\/index.php\/wp-json\/wp\/v2\/types\/post"}],"author":[{"embeddable":true,"href":"https:\/\/rdnews.al\/index.php\/wp-json\/wp\/v2\/users\/4"}],"replies":[{"embeddable":true,"href":"https:\/\/rdnews.al\/index.php\/wp-json\/wp\/v2\/comments?post=131668"}],"version-history":[{"count":1,"href":"https:\/\/rdnews.al\/index.php\/wp-json\/wp\/v2\/posts\/131668\/revisions"}],"predecessor-version":[{"id":131669,"href":"https:\/\/rdnews.al\/index.php\/wp-json\/wp\/v2\/posts\/131668\/revisions\/131669"}],"wp:featuredmedia":[{"embeddable":true,"href":"https:\/\/rdnews.al\/index.php\/wp-json\/wp\/v2\/media\/31380"}],"wp:attachment":[{"href":"https:\/\/rdnews.al\/index.php\/wp-json\/wp\/v2\/media?parent=131668"}],"wp:term":[{"taxonomy":"category","embeddable":true,"href":"https:\/\/rdnews.al\/index.php\/wp-json\/wp\/v2\/categories?post=131668"},{"taxonomy":"post_tag","embeddable":true,"href":"https:\/\/rdnews.al\/index.php\/wp-json\/wp\/v2\/tags?post=131668"}],"curies":[{"name":"wp","href":"https:\/\/api.w.org\/{rel}","templated":true}]}}