{"id":131698,"date":"2025-12-22T09:28:51","date_gmt":"2025-12-22T09:28:51","guid":{"rendered":"https:\/\/rdnews.al\/?p=131698"},"modified":"2025-12-22T11:10:17","modified_gmt":"2025-12-22T11:10:17","slug":"miku-i-rames-humbet-thelle-ne-zgjedhjet-lokale-te-zhvilluara-ne-spanje","status":"publish","type":"post","link":"https:\/\/rdnews.al\/index.php\/2025\/12\/22\/miku-i-rames-humbet-thelle-ne-zgjedhjet-lokale-te-zhvilluara-ne-spanje\/","title":{"rendered":"Miku i Ram\u00ebs humbet thell\u00eb n\u00eb zgjedhjet lokale n\u00eb Spanj\u00eb"},"content":{"rendered":"<p>Kryeministri i majt\u00eb spanjoll, Pedro Sanchez, humbi thell\u00eb n\u00eb zgjedhjet lokale t\u00eb zhvilluara n\u00eb Spanj\u00eb.<\/p>\n<p>Sanchez humbi rajonin e Ekstremaduras, q\u00eb kontrollohej vazhdimisht nga e majta.<\/p>\n<p>Partia e tij, PSOE, mori vet\u00ebm 26 p\u00ebrqind t\u00eb votave.<\/p>\n<p>Nd\u00ebrkoh\u00eb e djathta siguroi mbi 43 p\u00ebrqind t\u00eb votave.<\/p>\n<p>Zgjedhjet lokale jan\u00eb nj\u00eb tregues se \u00e7far\u00eb e pret Sanchez n\u00eb zgjedhjet e p\u00ebrgjithshme.<\/p>\n<p>Kryeministri spanjoll \u00ebsht\u00eb i zhytur n\u00eb afera korruptive.<\/p>\n<p>Hetimet p\u00ebr korrupsion jan\u00eb fokusuar edhe tek bashk\u00ebshortja e tij, Begona Gomez.<\/p>\n<p>Kujtojm\u00eb se kur Sanchez pati deklaruar se mund t\u00eb jap\u00eb dor\u00ebheqjen p\u00ebr shkak t\u00eb skandalit t\u00eb gruas, n\u00eb krah i doli publikisht edhe Edi Rama.<\/p>\n<p>Ai e k\u00ebshilloi q\u00eb t\u00eb mos jap\u00eb dor\u00ebheqjen dhe t\u00eb mos dor\u00ebzohet.<\/p>\n<p>Humbja e Sanchez n\u00eb zgjedhje \u00ebsht\u00eb nj\u00eb tregues se korrupsioni nd\u00ebshkohet me vot\u00eb n\u00eb vendet demokratike ku mbahen zgjedhje t\u00eb lira dhe t\u00eb ndershme.<\/p>\n","protected":false},"excerpt":{"rendered":"<p>Kryeministri i majt\u00eb spanjoll, Pedro Sanchez, humbi thell\u00eb n\u00eb zgjedhjet lokale t\u00eb zhvilluara n\u00eb Spanj\u00eb. Sanchez humbi rajonin e Ekstremaduras, q\u00eb kontrollohej vazhdimisht nga e majta. Partia e tij, PSOE, mori vet\u00ebm 26 p\u00ebrqind t\u00eb votave. Nd\u00ebrkoh\u00eb e djathta siguroi mbi 43 p\u00ebrqind t\u00eb votave. Zgjedhjet lokale jan\u00eb nj\u00eb tregues se \u00e7far\u00eb e pret Sanchez &hellip;<\/p>\n","protected":false},"author":4,"featured_media":131699,"comment_status":"closed","ping_status":"closed","sticky":false,"template":"","format":"standard","meta":{"footnotes":""},"categories":[37],"tags":[],"class_list":["post-131698","post","type-post","status-publish","format-standard","has-post-thumbnail","","category-politike"],"_links":{"self":[{"href":"https:\/\/rdnews.al\/index.php\/wp-json\/wp\/v2\/posts\/131698","targetHints":{"allow":["GET"]}}],"collection":[{"href":"https:\/\/rdnews.al\/index.php\/wp-json\/wp\/v2\/posts"}],"about":[{"href":"https:\/\/rdnews.al\/index.php\/wp-json\/wp\/v2\/types\/post"}],"author":[{"embeddable":true,"href":"https:\/\/rdnews.al\/index.php\/wp-json\/wp\/v2\/users\/4"}],"replies":[{"embeddable":true,"href":"https:\/\/rdnews.al\/index.php\/wp-json\/wp\/v2\/comments?post=131698"}],"version-history":[{"count":2,"href":"https:\/\/rdnews.al\/index.php\/wp-json\/wp\/v2\/posts\/131698\/revisions"}],"predecessor-version":[{"id":131723,"href":"https:\/\/rdnews.al\/index.php\/wp-json\/wp\/v2\/posts\/131698\/revisions\/131723"}],"wp:featuredmedia":[{"embeddable":true,"href":"https:\/\/rdnews.al\/index.php\/wp-json\/wp\/v2\/media\/131699"}],"wp:attachment":[{"href":"https:\/\/rdnews.al\/index.php\/wp-json\/wp\/v2\/media?parent=131698"}],"wp:term":[{"taxonomy":"category","embeddable":true,"href":"https:\/\/rdnews.al\/index.php\/wp-json\/wp\/v2\/categories?post=131698"},{"taxonomy":"post_tag","embeddable":true,"href":"https:\/\/rdnews.al\/index.php\/wp-json\/wp\/v2\/tags?post=131698"}],"curies":[{"name":"wp","href":"https:\/\/api.w.org\/{rel}","templated":true}]}}