{"id":13173,"date":"2022-05-23T12:05:22","date_gmt":"2022-05-23T12:05:22","guid":{"rendered":"https:\/\/rdnews.al\/?p=13173"},"modified":"2022-05-23T12:05:22","modified_gmt":"2022-05-23T12:05:22","slug":"djaloshari-xhaferaj-berisha-u-rikthye-nga-pensoni-politik","status":"publish","type":"post","link":"https:\/\/rdnews.al\/index.php\/2022\/05\/23\/djaloshari-xhaferaj-berisha-u-rikthye-nga-pensoni-politik\/","title":{"rendered":"Djaloshari Xhaferaj: Berisha u rikthye nga pensoni politik"},"content":{"rendered":"<p>Deputeti i Ferdinand Xhaferaj ka komentuar zgjedhjen e Sali Berish\u00ebs n\u00eb krye t\u00eb PD.<\/p>\n<p>N\u00eb nj\u00eb deklarat\u00eb t\u00eb shkurt\u00ebr p\u00ebr mediat n\u00eb ambientet e jashtme t\u00eb Kuvendit, ai tha se Berisha u  \u201ckthye nga pension politik p\u00ebr t\u00eb nxjerr\u00eb n\u00eb pension politik opozit\u00ebn\u201d.<\/p>\n<p>\u201cKishte zgjedhje por nuk kishte zgjidhje, Berisha edhe dejure u kthye n\u00eb krye t\u00eb nj\u00eb grupimi q\u00eb form\u00ebsohet nga njer\u00ebz me lidhje emocionale, q\u00eb kan\u00eb punuar gjat\u00eb pushtetit t\u00eb Sali Berish\u00ebs. Pra defakto dhe dejure u kthye nga pensioni politik p\u00ebr t\u00eb futur n\u00eb pension politik opozit\u00ebn\u201d, u shpreh Xhaferaj.<\/p>\n","protected":false},"excerpt":{"rendered":"<p>Deputeti i Ferdinand Xhaferaj ka komentuar zgjedhjen e Sali Berish\u00ebs n\u00eb krye t\u00eb PD. N\u00eb nj\u00eb deklarat\u00eb t\u00eb shkurt\u00ebr p\u00ebr mediat n\u00eb ambientet e jashtme t\u00eb Kuvendit, ai tha se Berisha u \u201ckthye nga pension politik p\u00ebr t\u00eb nxjerr\u00eb n\u00eb pension politik opozit\u00ebn\u201d. \u201cKishte zgjedhje por nuk kishte zgjidhje, Berisha edhe dejure u kthye n\u00eb &hellip;<\/p>\n","protected":false},"author":5,"featured_media":13174,"comment_status":"open","ping_status":"open","sticky":false,"template":"","format":"standard","meta":{"footnotes":""},"categories":[37],"tags":[],"class_list":["post-13173","post","type-post","status-publish","format-standard","has-post-thumbnail","","category-politike"],"_links":{"self":[{"href":"https:\/\/rdnews.al\/index.php\/wp-json\/wp\/v2\/posts\/13173","targetHints":{"allow":["GET"]}}],"collection":[{"href":"https:\/\/rdnews.al\/index.php\/wp-json\/wp\/v2\/posts"}],"about":[{"href":"https:\/\/rdnews.al\/index.php\/wp-json\/wp\/v2\/types\/post"}],"author":[{"embeddable":true,"href":"https:\/\/rdnews.al\/index.php\/wp-json\/wp\/v2\/users\/5"}],"replies":[{"embeddable":true,"href":"https:\/\/rdnews.al\/index.php\/wp-json\/wp\/v2\/comments?post=13173"}],"version-history":[{"count":0,"href":"https:\/\/rdnews.al\/index.php\/wp-json\/wp\/v2\/posts\/13173\/revisions"}],"wp:featuredmedia":[{"embeddable":true,"href":"https:\/\/rdnews.al\/index.php\/wp-json\/wp\/v2\/media\/13174"}],"wp:attachment":[{"href":"https:\/\/rdnews.al\/index.php\/wp-json\/wp\/v2\/media?parent=13173"}],"wp:term":[{"taxonomy":"category","embeddable":true,"href":"https:\/\/rdnews.al\/index.php\/wp-json\/wp\/v2\/categories?post=13173"},{"taxonomy":"post_tag","embeddable":true,"href":"https:\/\/rdnews.al\/index.php\/wp-json\/wp\/v2\/tags?post=13173"}],"curies":[{"name":"wp","href":"https:\/\/api.w.org\/{rel}","templated":true}]}}